{"id":23680,"date":"2024-01-31T08:55:32","date_gmt":"2024-01-31T07:55:32","guid":{"rendered":"https:\/\/agora.xtec.cat\/ins-sagulla\/?p=23680"},"modified":"2025-03-19T17:10:59","modified_gmt":"2025-03-19T16:10:59","slug":"linstitut-sagulla-torna-a-guanyar-el-certamen-fes-me-pensar","status":"publish","type":"post","link":"https:\/\/agora.xtec.cat\/ins-sagulla\/general\/linstitut-sagulla-torna-a-guanyar-el-certamen-fes-me-pensar\/","title":{"rendered":"L&#8217;institut S&#8217;Agulla torna a guanyar el certamen &#8220;Fes-me Pensar&#8221;"},"content":{"rendered":"<p dir=\"ltr\"><strong>Marina Muns\u00f3, alumna de 1r de batxillerat de l\u2019Institut S\u2019Agulla, guanya el concurs de fotografia \u00abFes-me Pensar\u00bb<\/strong><\/p>\n<p dir=\"ltr\">El passat 24 de gener es va celebrar a la Biblioteca Comarcal de Blanes la segona edici\u00f3 concurs de fotografia filos\u00f2fica \u00abFes-me Pensar\u00bb, iniciativa dels tres instituts del poble i la Biblioteca Comarcal.<\/p>\n<p dir=\"ltr\">La proposta, adre\u00e7ada a l\u2019alumnat de 4t d\u2019ESO i 1r de Batxillerat, consisteix a presentar una fotografia que connecti amb Blanes i que, alhora, es relacioni amb una pregunta de car\u00e0cter filos\u00f2fic vinculada al curr\u00edculum de cada etapa educativa.<\/p>\n<p dir=\"ltr\">Les fotografies de tres dels nostres alumnes de 1r de batxillerat (Guillem Carrascosa, Marina Muns\u00f3 i Jimena Serrat) han estat entre les deu finalistes del concurs. Cadascun dels alumnes finalistes ha hagut de defensar el seu treball davant l\u2019auditori present. En acabar, s\u2019ha fet p\u00fablica la fotografia guanyadora del certamen: <em>El que jo veig \u00e9s el que hi ha?<\/em>, de Marina Muns\u00f3.<\/p>\n<p dir=\"ltr\">\u00c9s el segon any consecutiu que una alumna de l&#8217;Institut S&#8217;Agulla guanya aquest certamen, ja que en l\u2019edici\u00f3 anterior va ser l&#8217;alumna l\u2019Emma Aguilera de 2n de batxillerat qui va obtenir el premi.<\/p>\n<p dir=\"ltr\">Moltes felicitats als finalistes i, en especial, a la Marina Muns\u00f3, guanyadora del certamen.<\/p>\n<p dir=\"ltr\">Podreu veure les dues fotografies en l&#8217;espai jove de la Biblioteca Comarcal de Blanes.<\/p>\n<p dir=\"ltr\"><a href=\"https:\/\/agora.xtec.cat\/ins-sagulla\/wp-content\/uploads\/usu2114\/2024\/01\/IMG-20240126-WA0005.jpg\"><img loading=\"lazy\" decoding=\"async\" class=\"alignnone wp-image-23685\" src=\"https:\/\/agora.xtec.cat\/ins-sagulla\/wp-content\/uploads\/usu2114\/2024\/01\/IMG-20240126-WA0005-768x1024.jpg\" alt=\"\" width=\"292\" height=\"389\" srcset=\"https:\/\/agora.xtec.cat\/ins-sagulla\/wp-content\/uploads\/usu2114\/2024\/01\/IMG-20240126-WA0005-768x1024.jpg 768w, https:\/\/agora.xtec.cat\/ins-sagulla\/wp-content\/uploads\/usu2114\/2024\/01\/IMG-20240126-WA0005-225x300.jpg 225w, https:\/\/agora.xtec.cat\/ins-sagulla\/wp-content\/uploads\/usu2114\/2024\/01\/IMG-20240126-WA0005-1152x1536.jpg 1152w, https:\/\/agora.xtec.cat\/ins-sagulla\/wp-content\/uploads\/usu2114\/2024\/01\/IMG-20240126-WA0005.jpg 1536w\" sizes=\"auto, (max-width: 292px) 100vw, 292px\" \/><\/a><a href=\"https:\/\/agora.xtec.cat\/ins-sagulla\/wp-content\/uploads\/usu2114\/2024\/01\/IMG-20240126-WA0006.jpg\"><img loading=\"lazy\" decoding=\"async\" class=\"alignnone wp-image-23684\" src=\"https:\/\/agora.xtec.cat\/ins-sagulla\/wp-content\/uploads\/usu2114\/2024\/01\/IMG-20240126-WA0006-1024x768.jpg\" alt=\"\" width=\"363\" height=\"272\" srcset=\"https:\/\/agora.xtec.cat\/ins-sagulla\/wp-content\/uploads\/usu2114\/2024\/01\/IMG-20240126-WA0006-1024x768.jpg 1024w, https:\/\/agora.xtec.cat\/ins-sagulla\/wp-content\/uploads\/usu2114\/2024\/01\/IMG-20240126-WA0006-300x225.jpg 300w, https:\/\/agora.xtec.cat\/ins-sagulla\/wp-content\/uploads\/usu2114\/2024\/01\/IMG-20240126-WA0006-768x576.jpg 768w, https:\/\/agora.xtec.cat\/ins-sagulla\/wp-content\/uploads\/usu2114\/2024\/01\/IMG-20240126-WA0006-1536x1152.jpg 1536w, https:\/\/agora.xtec.cat\/ins-sagulla\/wp-content\/uploads\/usu2114\/2024\/01\/IMG-20240126-WA0006-200x150.jpg 200w, https:\/\/agora.xtec.cat\/ins-sagulla\/wp-content\/uploads\/usu2114\/2024\/01\/IMG-20240126-WA0006.jpg 2048w\" sizes=\"auto, (max-width: 363px) 100vw, 363px\" \/><\/a><\/p>\n<p dir=\"ltr\"><a href=\"https:\/\/agora.xtec.cat\/ins-sagulla\/wp-content\/uploads\/usu2114\/2024\/01\/IMG-20240131-WA0014.jpg\"><img loading=\"lazy\" decoding=\"async\" class=\"alignnone wp-image-23681\" src=\"https:\/\/agora.xtec.cat\/ins-sagulla\/wp-content\/uploads\/usu2114\/2024\/01\/IMG-20240131-WA0014-1024x768.jpg\" alt=\"\" width=\"312\" height=\"234\" srcset=\"https:\/\/agora.xtec.cat\/ins-sagulla\/wp-content\/uploads\/usu2114\/2024\/01\/IMG-20240131-WA0014-1024x768.jpg 1024w, https:\/\/agora.xtec.cat\/ins-sagulla\/wp-content\/uploads\/usu2114\/2024\/01\/IMG-20240131-WA0014-300x225.jpg 300w, https:\/\/agora.xtec.cat\/ins-sagulla\/wp-content\/uploads\/usu2114\/2024\/01\/IMG-20240131-WA0014-768x576.jpg 768w, https:\/\/agora.xtec.cat\/ins-sagulla\/wp-content\/uploads\/usu2114\/2024\/01\/IMG-20240131-WA0014-1536x1152.jpg 1536w, https:\/\/agora.xtec.cat\/ins-sagulla\/wp-content\/uploads\/usu2114\/2024\/01\/IMG-20240131-WA0014-200x150.jpg 200w, https:\/\/agora.xtec.cat\/ins-sagulla\/wp-content\/uploads\/usu2114\/2024\/01\/IMG-20240131-WA0014.jpg 2048w\" sizes=\"auto, (max-width: 312px) 100vw, 312px\" \/><\/a><a href=\"https:\/\/agora.xtec.cat\/ins-sagulla\/wp-content\/uploads\/usu2114\/2024\/01\/IMG-20240131-WA0016.jpg\"><img loading=\"lazy\" decoding=\"async\" class=\"alignnone wp-image-23683\" src=\"https:\/\/agora.xtec.cat\/ins-sagulla\/wp-content\/uploads\/usu2114\/2024\/01\/IMG-20240131-WA0016-1024x768.jpg\" alt=\"\" width=\"311\" height=\"233\" srcset=\"https:\/\/agora.xtec.cat\/ins-sagulla\/wp-content\/uploads\/usu2114\/2024\/01\/IMG-20240131-WA0016-1024x768.jpg 1024w, https:\/\/agora.xtec.cat\/ins-sagulla\/wp-content\/uploads\/usu2114\/2024\/01\/IMG-20240131-WA0016-300x225.jpg 300w, https:\/\/agora.xtec.cat\/ins-sagulla\/wp-content\/uploads\/usu2114\/2024\/01\/IMG-20240131-WA0016-768x576.jpg 768w, https:\/\/agora.xtec.cat\/ins-sagulla\/wp-content\/uploads\/usu2114\/2024\/01\/IMG-20240131-WA0016-1536x1152.jpg 1536w, https:\/\/agora.xtec.cat\/ins-sagulla\/wp-content\/uploads\/usu2114\/2024\/01\/IMG-20240131-WA0016-200x150.jpg 200w, https:\/\/agora.xtec.cat\/ins-sagulla\/wp-content\/uploads\/usu2114\/2024\/01\/IMG-20240131-WA0016.jpg 2048w\" sizes=\"auto, (max-width: 311px) 100vw, 311px\" \/><\/a><\/p>\n<p>&nbsp;<\/p>\n","protected":false},"excerpt":{"rendered":"<p>Marina Muns\u00f3, alumna de 1r de batxillerat de l\u2019Institut S\u2019Agulla, guanya el concurs de fotografia \u00abFes-me Pensar\u00bb<br \/>\nEl passat 24 de gener es va celebrar a la Biblioteca Comarcal de Blanes la segona edici\u00f3 concurs de fotografia filos\u00f2fica \u00abFes-me Pensar\u00bb, iniciativa dels tres instituts del poble&hellip;  <a href=\"https:\/\/agora.xtec.cat\/ins-sagulla\/general\/linstitut-sagulla-torna-a-guanyar-el-certamen-fes-me-pensar\/\" title=\"Read L&#8217;institut S&#8217;Agulla torna a guanyar el certamen &#8220;Fes-me Pensar&#8221;\">Llegeix m\u00e9s\u00bb<\/a><\/p>\n","protected":false},"author":1,"featured_media":23685,"comment_status":"open","ping_status":"closed","sticky":false,"template":"","format":"standard","meta":{"_bbp_topic_count":0,"_bbp_reply_count":0,"_bbp_total_topic_count":0,"_bbp_total_reply_count":0,"_bbp_voice_count":0,"_bbp_anonymous_reply_count":0,"_bbp_topic_count_hidden":0,"_bbp_reply_count_hidden":0,"_bbp_forum_subforum_count":0,"footnotes":""},"categories":[337,8,363,313,322,1,29],"tags":[205,143,964,253,329,1277,907,237],"class_list":["post-23680","post","type-post","status-publish","format-standard","has-post-thumbnail","hentry","category-batx-1","category-batxillerat","category-biblioteca","category-ciencies-socials","category-fotos","category-general","category-portada","tag-ajuntament-de-blanes","tag-batxillerat","tag-biblioteca-comarcal","tag-blanes","tag-concurs","tag-curs-2023-2024","tag-filosofia","tag-sortida"],"post_mailing_queue_ids":[],"_links":{"self":[{"href":"https:\/\/agora.xtec.cat\/ins-sagulla\/wp-json\/wp\/v2\/posts\/23680","targetHints":{"allow":["GET"]}}],"collection":[{"href":"https:\/\/agora.xtec.cat\/ins-sagulla\/wp-json\/wp\/v2\/posts"}],"about":[{"href":"https:\/\/agora.xtec.cat\/ins-sagulla\/wp-json\/wp\/v2\/types\/post"}],"author":[{"embeddable":true,"href":"https:\/\/agora.xtec.cat\/ins-sagulla\/wp-json\/wp\/v2\/users\/1"}],"replies":[{"embeddable":true,"href":"https:\/\/agora.xtec.cat\/ins-sagulla\/wp-json\/wp\/v2\/comments?post=23680"}],"version-history":[{"count":4,"href":"https:\/\/agora.xtec.cat\/ins-sagulla\/wp-json\/wp\/v2\/posts\/23680\/revisions"}],"predecessor-version":[{"id":23689,"href":"https:\/\/agora.xtec.cat\/ins-sagulla\/wp-json\/wp\/v2\/posts\/23680\/revisions\/23689"}],"wp:featuredmedia":[{"embeddable":true,"href":"https:\/\/agora.xtec.cat\/ins-sagulla\/wp-json\/wp\/v2\/media\/23685"}],"wp:attachment":[{"href":"https:\/\/agora.xtec.cat\/ins-sagulla\/wp-json\/wp\/v2\/media?parent=23680"}],"wp:term":[{"taxonomy":"category","embeddable":true,"href":"https:\/\/agora.xtec.cat\/ins-sagulla\/wp-json\/wp\/v2\/categories?post=23680"},{"taxonomy":"post_tag","embeddable":true,"href":"https:\/\/agora.xtec.cat\/ins-sagulla\/wp-json\/wp\/v2\/tags?post=23680"}],"curies":[{"name":"wp","href":"https:\/\/api.w.org\/{rel}","templated":true}]}}