{"id":23654,"date":"2024-01-19T08:45:57","date_gmt":"2024-01-19T07:45:57","guid":{"rendered":"https:\/\/agora.xtec.cat\/ins-sagulla\/?p=23654"},"modified":"2024-01-18T09:01:15","modified_gmt":"2024-01-18T08:01:15","slug":"sortida-aula-dacollida","status":"publish","type":"post","link":"https:\/\/agora.xtec.cat\/ins-sagulla\/general\/sortida-aula-dacollida\/","title":{"rendered":"Sortida Aula d&#8217;Acollida"},"content":{"rendered":"<p>Durant aquest curs, l&#8217;alumnat de l&#8217;Aula d&#8217;Acollida realitzem el projecte &#8220;Tradicions: festes d&#8217;aqu\u00ed i d&#8217;all\u00e0&#8221;. Aprofitem per con\u00e8ixer i visitar alguns espais de Blanes, com el Centre C\u00edvic Benet Ribas. Dijous passat vam fer la primera sortida i vam con\u00e8ixer un grup de dones blanenques amb qui vam compartir experi\u00e8ncies sobre les festes de Nadal als nostres pa\u00efsos d&#8217;origen. Gr\u00e0cies a aquestes trobades podrem practicar i millorar el catal\u00e0, a m\u00e9s de con\u00e8ixer amb m\u00e9s profunditat la ciutat on ara vivim.<a href=\"https:\/\/agora.xtec.cat\/ins-sagulla\/wp-content\/uploads\/usu2114\/2024\/01\/IMG_4111.jpg\"><img loading=\"lazy\" decoding=\"async\" class=\"wp-image-23655 aligncenter\" src=\"https:\/\/agora.xtec.cat\/ins-sagulla\/wp-content\/uploads\/usu2114\/2024\/01\/IMG_4111-1024x768.jpg\" alt=\"\" width=\"425\" height=\"319\" srcset=\"https:\/\/agora.xtec.cat\/ins-sagulla\/wp-content\/uploads\/usu2114\/2024\/01\/IMG_4111-1024x768.jpg 1024w, https:\/\/agora.xtec.cat\/ins-sagulla\/wp-content\/uploads\/usu2114\/2024\/01\/IMG_4111-300x225.jpg 300w, https:\/\/agora.xtec.cat\/ins-sagulla\/wp-content\/uploads\/usu2114\/2024\/01\/IMG_4111-768x576.jpg 768w, https:\/\/agora.xtec.cat\/ins-sagulla\/wp-content\/uploads\/usu2114\/2024\/01\/IMG_4111-200x150.jpg 200w, https:\/\/agora.xtec.cat\/ins-sagulla\/wp-content\/uploads\/usu2114\/2024\/01\/IMG_4111.jpg 1200w\" sizes=\"auto, (max-width: 425px) 100vw, 425px\" \/><\/a> <a href=\"https:\/\/agora.xtec.cat\/ins-sagulla\/wp-content\/uploads\/usu2114\/2024\/01\/IMG_4120.jpg\">\u00a0 \u00a0 \u00a0 \u00a0 \u00a0 <img loading=\"lazy\" decoding=\"async\" class=\"alignnone wp-image-23657\" src=\"https:\/\/agora.xtec.cat\/ins-sagulla\/wp-content\/uploads\/usu2114\/2024\/01\/IMG_4120-1024x768.jpg\" alt=\"\" width=\"337\" height=\"253\" srcset=\"https:\/\/agora.xtec.cat\/ins-sagulla\/wp-content\/uploads\/usu2114\/2024\/01\/IMG_4120-1024x768.jpg 1024w, https:\/\/agora.xtec.cat\/ins-sagulla\/wp-content\/uploads\/usu2114\/2024\/01\/IMG_4120-300x225.jpg 300w, https:\/\/agora.xtec.cat\/ins-sagulla\/wp-content\/uploads\/usu2114\/2024\/01\/IMG_4120-768x576.jpg 768w, https:\/\/agora.xtec.cat\/ins-sagulla\/wp-content\/uploads\/usu2114\/2024\/01\/IMG_4120-200x150.jpg 200w, https:\/\/agora.xtec.cat\/ins-sagulla\/wp-content\/uploads\/usu2114\/2024\/01\/IMG_4120.jpg 1200w\" sizes=\"auto, (max-width: 337px) 100vw, 337px\" \/> <\/a><a href=\"https:\/\/agora.xtec.cat\/ins-sagulla\/wp-content\/uploads\/usu2114\/2024\/01\/IMG_4117.jpg\"><img loading=\"lazy\" decoding=\"async\" class=\"alignnone wp-image-23656\" src=\"https:\/\/agora.xtec.cat\/ins-sagulla\/wp-content\/uploads\/usu2114\/2024\/01\/IMG_4117-1024x768.jpg\" alt=\"\" width=\"337\" height=\"253\" srcset=\"https:\/\/agora.xtec.cat\/ins-sagulla\/wp-content\/uploads\/usu2114\/2024\/01\/IMG_4117-1024x768.jpg 1024w, https:\/\/agora.xtec.cat\/ins-sagulla\/wp-content\/uploads\/usu2114\/2024\/01\/IMG_4117-300x225.jpg 300w, https:\/\/agora.xtec.cat\/ins-sagulla\/wp-content\/uploads\/usu2114\/2024\/01\/IMG_4117-768x576.jpg 768w, https:\/\/agora.xtec.cat\/ins-sagulla\/wp-content\/uploads\/usu2114\/2024\/01\/IMG_4117-200x150.jpg 200w, https:\/\/agora.xtec.cat\/ins-sagulla\/wp-content\/uploads\/usu2114\/2024\/01\/IMG_4117.jpg 1200w\" sizes=\"auto, (max-width: 337px) 100vw, 337px\" \/><\/a><\/p>\n","protected":false},"excerpt":{"rendered":"<p>Durant aquest curs, l&#8217;alumnat de l&#8217;Aula d&#8217;Acollida realitzem el projecte &#8220;Tradicions: festes d&#8217;aqu\u00ed i d&#8217;all\u00e0&#8221;. Aprofitem per con\u00e8ixer i visitar alguns espais de Blanes, com el Centre C\u00edvic Benet Ribas. Dijous passat vam fer la primera sortida i vam con\u00e8ixer un grup de dones blanenques&hellip;  <a href=\"https:\/\/agora.xtec.cat\/ins-sagulla\/general\/sortida-aula-dacollida\/\" title=\"Read Sortida Aula d&#8217;Acollida\">Llegeix m\u00e9s\u00bb<\/a><\/p>\n","protected":false},"author":1,"featured_media":0,"comment_status":"open","ping_status":"closed","sticky":false,"template":"","format":"standard","meta":{"_bbp_topic_count":0,"_bbp_reply_count":0,"_bbp_total_topic_count":0,"_bbp_total_reply_count":0,"_bbp_voice_count":0,"_bbp_anonymous_reply_count":0,"_bbp_topic_count_hidden":0,"_bbp_reply_count_hidden":0,"_bbp_forum_subforum_count":0,"footnotes":""},"categories":[3,1,29],"tags":[205,1019,253,1277,131],"class_list":["post-23654","post","type-post","status-publish","format-standard","hentry","category-eso","category-general","category-portada","tag-ajuntament-de-blanes","tag-aula-dacollida","tag-blanes","tag-curs-2023-2024","tag-eso"],"post_mailing_queue_ids":[],"_links":{"self":[{"href":"https:\/\/agora.xtec.cat\/ins-sagulla\/wp-json\/wp\/v2\/posts\/23654","targetHints":{"allow":["GET"]}}],"collection":[{"href":"https:\/\/agora.xtec.cat\/ins-sagulla\/wp-json\/wp\/v2\/posts"}],"about":[{"href":"https:\/\/agora.xtec.cat\/ins-sagulla\/wp-json\/wp\/v2\/types\/post"}],"author":[{"embeddable":true,"href":"https:\/\/agora.xtec.cat\/ins-sagulla\/wp-json\/wp\/v2\/users\/1"}],"replies":[{"embeddable":true,"href":"https:\/\/agora.xtec.cat\/ins-sagulla\/wp-json\/wp\/v2\/comments?post=23654"}],"version-history":[{"count":2,"href":"https:\/\/agora.xtec.cat\/ins-sagulla\/wp-json\/wp\/v2\/posts\/23654\/revisions"}],"predecessor-version":[{"id":23659,"href":"https:\/\/agora.xtec.cat\/ins-sagulla\/wp-json\/wp\/v2\/posts\/23654\/revisions\/23659"}],"wp:attachment":[{"href":"https:\/\/agora.xtec.cat\/ins-sagulla\/wp-json\/wp\/v2\/media?parent=23654"}],"wp:term":[{"taxonomy":"category","embeddable":true,"href":"https:\/\/agora.xtec.cat\/ins-sagulla\/wp-json\/wp\/v2\/categories?post=23654"},{"taxonomy":"post_tag","embeddable":true,"href":"https:\/\/agora.xtec.cat\/ins-sagulla\/wp-json\/wp\/v2\/tags?post=23654"}],"curies":[{"name":"wp","href":"https:\/\/api.w.org\/{rel}","templated":true}]}}