{"id":23519,"date":"2023-11-08T13:30:21","date_gmt":"2023-11-08T12:30:21","guid":{"rendered":"https:\/\/agora.xtec.cat\/ins-sagulla\/?p=23519"},"modified":"2023-11-08T13:30:21","modified_gmt":"2023-11-08T12:30:21","slug":"coneixer-la-biblioteca-comarcal-a-2-eso","status":"publish","type":"post","link":"https:\/\/agora.xtec.cat\/ins-sagulla\/general\/coneixer-la-biblioteca-comarcal-a-2-eso\/","title":{"rendered":"Con\u00e8ixer la Biblioteca Comarcal a 2 ESO"},"content":{"rendered":"<div dir=\"auto\">Els alumnes de 2n d\u2019ESO van rebre la visita de la Montse Mateu, t\u00e8cnic auxiliar de la Biblioteca Comarcal de Blanes. L\u2019objectiu principal va ser presentar l\u2019activitat \u201cReal VS virtual\u201d que s\u2019est\u00e0 duent a terme durant el mes de novembre i que busca que, de manera l\u00fadica, els alumnes es familiaritzin amb aquest espai i aprenguin a buscar qualsevol tipus de material dels temes que m\u00e9s els interessen.<\/div>\n<div dir=\"auto\"><\/div>\n<div dir=\"auto\">La xerrada va ser molt amena perqu\u00e8, a m\u00e9s d\u2019explicar com s\u2019organitzen els materials a la biblioteca i com els han de cercar, els alumnes tamb\u00e9 van poder parlar de diferents q\u00fcestions relacionades amb la lectura i van compartir els seus gustos com a lectors.<\/div>\n<div dir=\"auto\">El grup de 2n A ja ha fet el taller i s\u2019ho han passat d\u2019all\u00f2 m\u00e9s b\u00e9 fent l\u2019activitat proposada.<\/div>\n<div dir=\"auto\"><\/div>\n<div dir=\"auto\"><a href=\"https:\/\/agora.xtec.cat\/ins-sagulla\/wp-content\/uploads\/usu2114\/2023\/11\/unnamed-4.jpg\"><img loading=\"lazy\" decoding=\"async\" class=\"alignnone  wp-image-23520\" src=\"https:\/\/agora.xtec.cat\/ins-sagulla\/wp-content\/uploads\/usu2114\/2023\/11\/unnamed-4-1024x768.jpg\" alt=\"\" width=\"432\" height=\"324\" srcset=\"https:\/\/agora.xtec.cat\/ins-sagulla\/wp-content\/uploads\/usu2114\/2023\/11\/unnamed-4-1024x768.jpg 1024w, https:\/\/agora.xtec.cat\/ins-sagulla\/wp-content\/uploads\/usu2114\/2023\/11\/unnamed-4-300x225.jpg 300w, https:\/\/agora.xtec.cat\/ins-sagulla\/wp-content\/uploads\/usu2114\/2023\/11\/unnamed-4-768x576.jpg 768w, https:\/\/agora.xtec.cat\/ins-sagulla\/wp-content\/uploads\/usu2114\/2023\/11\/unnamed-4-1536x1152.jpg 1536w, https:\/\/agora.xtec.cat\/ins-sagulla\/wp-content\/uploads\/usu2114\/2023\/11\/unnamed-4-200x150.jpg 200w, https:\/\/agora.xtec.cat\/ins-sagulla\/wp-content\/uploads\/usu2114\/2023\/11\/unnamed-4.jpg 2000w\" sizes=\"auto, (max-width: 432px) 100vw, 432px\" \/><\/a> <a href=\"https:\/\/agora.xtec.cat\/ins-sagulla\/wp-content\/uploads\/usu2114\/2023\/11\/unnamed-3.jpg\"><img loading=\"lazy\" decoding=\"async\" class=\"alignnone  wp-image-23521\" src=\"https:\/\/agora.xtec.cat\/ins-sagulla\/wp-content\/uploads\/usu2114\/2023\/11\/unnamed-3-1024x768.jpg\" alt=\"\" width=\"436\" height=\"327\" srcset=\"https:\/\/agora.xtec.cat\/ins-sagulla\/wp-content\/uploads\/usu2114\/2023\/11\/unnamed-3-1024x768.jpg 1024w, https:\/\/agora.xtec.cat\/ins-sagulla\/wp-content\/uploads\/usu2114\/2023\/11\/unnamed-3-300x225.jpg 300w, https:\/\/agora.xtec.cat\/ins-sagulla\/wp-content\/uploads\/usu2114\/2023\/11\/unnamed-3-768x576.jpg 768w, https:\/\/agora.xtec.cat\/ins-sagulla\/wp-content\/uploads\/usu2114\/2023\/11\/unnamed-3-1536x1152.jpg 1536w, https:\/\/agora.xtec.cat\/ins-sagulla\/wp-content\/uploads\/usu2114\/2023\/11\/unnamed-3-200x150.jpg 200w, https:\/\/agora.xtec.cat\/ins-sagulla\/wp-content\/uploads\/usu2114\/2023\/11\/unnamed-3.jpg 1932w\" sizes=\"auto, (max-width: 436px) 100vw, 436px\" \/><\/a> <a href=\"https:\/\/agora.xtec.cat\/ins-sagulla\/wp-content\/uploads\/usu2114\/2023\/11\/unnamed-2-scaled.jpg\"><img loading=\"lazy\" decoding=\"async\" class=\"alignnone  wp-image-23522\" src=\"https:\/\/agora.xtec.cat\/ins-sagulla\/wp-content\/uploads\/usu2114\/2023\/11\/unnamed-2-1024x768.jpg\" alt=\"\" width=\"433\" height=\"325\" srcset=\"https:\/\/agora.xtec.cat\/ins-sagulla\/wp-content\/uploads\/usu2114\/2023\/11\/unnamed-2-1024x768.jpg 1024w, https:\/\/agora.xtec.cat\/ins-sagulla\/wp-content\/uploads\/usu2114\/2023\/11\/unnamed-2-300x225.jpg 300w, https:\/\/agora.xtec.cat\/ins-sagulla\/wp-content\/uploads\/usu2114\/2023\/11\/unnamed-2-768x576.jpg 768w, https:\/\/agora.xtec.cat\/ins-sagulla\/wp-content\/uploads\/usu2114\/2023\/11\/unnamed-2-1536x1152.jpg 1536w, https:\/\/agora.xtec.cat\/ins-sagulla\/wp-content\/uploads\/usu2114\/2023\/11\/unnamed-2-2048x1536.jpg 2048w, https:\/\/agora.xtec.cat\/ins-sagulla\/wp-content\/uploads\/usu2114\/2023\/11\/unnamed-2-200x150.jpg 200w\" sizes=\"auto, (max-width: 433px) 100vw, 433px\" \/><\/a><\/div>\n","protected":false},"excerpt":{"rendered":"<p>Els alumnes de 2n d\u2019ESO van rebre la visita de la Montse Mateu, t\u00e8cnic auxiliar de la Biblioteca Comarcal de Blanes. L\u2019objectiu principal va ser presentar l\u2019activitat \u201cReal VS virtual\u201d que s\u2019est\u00e0 duent a terme durant el mes de novembre i que busca que, de&hellip;  <a href=\"https:\/\/agora.xtec.cat\/ins-sagulla\/general\/coneixer-la-biblioteca-comarcal-a-2-eso\/\" title=\"Read Con\u00e8ixer la Biblioteca Comarcal a 2 ESO\">Llegeix m\u00e9s\u00bb<\/a><\/p>\n","protected":false},"author":1,"featured_media":23521,"comment_status":"open","ping_status":"closed","sticky":false,"template":"","format":"standard","meta":{"_bbp_topic_count":0,"_bbp_reply_count":0,"_bbp_total_topic_count":0,"_bbp_total_reply_count":0,"_bbp_voice_count":0,"_bbp_anonymous_reply_count":0,"_bbp_topic_count_hidden":0,"_bbp_reply_count_hidden":0,"_bbp_forum_subforum_count":0,"footnotes":""},"categories":[3,5,1,29],"tags":[205,964,253,387,1277,131,346],"class_list":["post-23519","post","type-post","status-publish","format-standard","has-post-thumbnail","hentry","category-eso","category-eso-2","category-general","category-portada","tag-ajuntament-de-blanes","tag-biblioteca-comarcal","tag-blanes","tag-cohesio-de-grup","tag-curs-2023-2024","tag-eso","tag-excursio"],"post_mailing_queue_ids":[],"_links":{"self":[{"href":"https:\/\/agora.xtec.cat\/ins-sagulla\/wp-json\/wp\/v2\/posts\/23519","targetHints":{"allow":["GET"]}}],"collection":[{"href":"https:\/\/agora.xtec.cat\/ins-sagulla\/wp-json\/wp\/v2\/posts"}],"about":[{"href":"https:\/\/agora.xtec.cat\/ins-sagulla\/wp-json\/wp\/v2\/types\/post"}],"author":[{"embeddable":true,"href":"https:\/\/agora.xtec.cat\/ins-sagulla\/wp-json\/wp\/v2\/users\/1"}],"replies":[{"embeddable":true,"href":"https:\/\/agora.xtec.cat\/ins-sagulla\/wp-json\/wp\/v2\/comments?post=23519"}],"version-history":[{"count":1,"href":"https:\/\/agora.xtec.cat\/ins-sagulla\/wp-json\/wp\/v2\/posts\/23519\/revisions"}],"predecessor-version":[{"id":23523,"href":"https:\/\/agora.xtec.cat\/ins-sagulla\/wp-json\/wp\/v2\/posts\/23519\/revisions\/23523"}],"wp:featuredmedia":[{"embeddable":true,"href":"https:\/\/agora.xtec.cat\/ins-sagulla\/wp-json\/wp\/v2\/media\/23521"}],"wp:attachment":[{"href":"https:\/\/agora.xtec.cat\/ins-sagulla\/wp-json\/wp\/v2\/media?parent=23519"}],"wp:term":[{"taxonomy":"category","embeddable":true,"href":"https:\/\/agora.xtec.cat\/ins-sagulla\/wp-json\/wp\/v2\/categories?post=23519"},{"taxonomy":"post_tag","embeddable":true,"href":"https:\/\/agora.xtec.cat\/ins-sagulla\/wp-json\/wp\/v2\/tags?post=23519"}],"curies":[{"name":"wp","href":"https:\/\/api.w.org\/{rel}","templated":true}]}}