{"id":23450,"date":"2023-10-26T10:14:22","date_gmt":"2023-10-26T08:14:22","guid":{"rendered":"https:\/\/agora.xtec.cat\/ins-sagulla\/?p=23450"},"modified":"2023-10-26T10:14:22","modified_gmt":"2023-10-26T08:14:22","slug":"canvi-de-marxa-conferencia-a-4t-eso","status":"publish","type":"post","link":"https:\/\/agora.xtec.cat\/ins-sagulla\/general\/canvi-de-marxa-conferencia-a-4t-eso\/","title":{"rendered":"&#8220;Canvi de Marxa&#8221; confer\u00e8ncia a 4t ESO"},"content":{"rendered":"<div>El dimarts 24 d&#8217;octubre de 2023 tot l&#8217;alumnat de 4t ESO va anar al Teatre de Blanes a fer l&#8217;activitat &#8220;<span style=\"font-family: inherit; font-size: 1em;\">Canvi de Marxa&#8221;.\u00a0<\/span><\/div>\n<div><\/div>\n<div>\n<p dir=\"ltr\">L&#8217;activitat &#8220;Canvi de marxa&#8221; est\u00e0 impulsada per Mutual de Conductors i, compta amb el suport de l&#8217;Ajuntament de Blanes, del Servei Catal\u00e0 de Tr\u00e0nsit i del Departament d\u2019Interior, com a una eina de conscienciaci\u00f3 en la prevenci\u00f3 dels accidents de tr\u00e0nsit i en les conseq\u00fc\u00e8ncies que se&#8217;n deriven.<\/p>\n<p dir=\"ltr\">La seguretat vi\u00e0ria \u00e9s una cosa de totes i tots.<\/p>\n<p>Va ser realment impactant, ja que vam poder gaudir de testimonis directament afectats per accidents de tr\u00e0nsit. En primer lloc, vam con\u00e8ixer la hist\u00f2ria d&#8217;un noi que va relliscar en una corba quan circulava en moto i per causa de l&#8217;accident va quedar en cadira de rodes i li va caldre una llarga recuperaci\u00f3 a la cl\u00ednica Guttman per sortir-se&#8217;n; l&#8217;experi\u00e8ncia d&#8217;una noia del cos de bombers de Granollers que va quedar impactada en la seva primera sortida per atendre un accident de tr\u00e0nsit i el testimoni colpidor d&#8217;una mare que va perdre el seu fill de 23 anys per exc\u00e9s de velocitat.<\/p>\n<p>Una cosa ens va quedar clara a tots els oients, cadascun de nosaltres som irreempla\u00e7ables,\u00a0<b>cal anar amb compte, ben protegits i sense distraccions!<\/b><\/p>\n<p><a href=\"https:\/\/agora.xtec.cat\/ins-sagulla\/wp-content\/uploads\/usu2114\/2023\/10\/IMG-20231024-WA0010-1.jpg\"><img loading=\"lazy\" decoding=\"async\" class=\"alignnone  wp-image-23454\" src=\"https:\/\/agora.xtec.cat\/ins-sagulla\/wp-content\/uploads\/usu2114\/2023\/10\/IMG-20231024-WA0010-1-1024x768.jpg\" alt=\"\" width=\"323\" height=\"242\" srcset=\"https:\/\/agora.xtec.cat\/ins-sagulla\/wp-content\/uploads\/usu2114\/2023\/10\/IMG-20231024-WA0010-1-1024x768.jpg 1024w, https:\/\/agora.xtec.cat\/ins-sagulla\/wp-content\/uploads\/usu2114\/2023\/10\/IMG-20231024-WA0010-1-300x225.jpg 300w, https:\/\/agora.xtec.cat\/ins-sagulla\/wp-content\/uploads\/usu2114\/2023\/10\/IMG-20231024-WA0010-1-768x576.jpg 768w, https:\/\/agora.xtec.cat\/ins-sagulla\/wp-content\/uploads\/usu2114\/2023\/10\/IMG-20231024-WA0010-1-1536x1152.jpg 1536w, https:\/\/agora.xtec.cat\/ins-sagulla\/wp-content\/uploads\/usu2114\/2023\/10\/IMG-20231024-WA0010-1-200x150.jpg 200w, https:\/\/agora.xtec.cat\/ins-sagulla\/wp-content\/uploads\/usu2114\/2023\/10\/IMG-20231024-WA0010-1.jpg 2000w\" sizes=\"auto, (max-width: 323px) 100vw, 323px\" \/><\/a><a href=\"https:\/\/agora.xtec.cat\/ins-sagulla\/wp-content\/uploads\/usu2114\/2023\/10\/1698224173801-1-scaled.jpg\">\u00a0 \u00a0 \u00a0<img loading=\"lazy\" decoding=\"async\" class=\"alignnone  wp-image-23453\" src=\"https:\/\/agora.xtec.cat\/ins-sagulla\/wp-content\/uploads\/usu2114\/2023\/10\/1698224173801-1-622x1024.jpg\" alt=\"\" width=\"146\" height=\"240\" srcset=\"https:\/\/agora.xtec.cat\/ins-sagulla\/wp-content\/uploads\/usu2114\/2023\/10\/1698224173801-1-622x1024.jpg 622w, https:\/\/agora.xtec.cat\/ins-sagulla\/wp-content\/uploads\/usu2114\/2023\/10\/1698224173801-1-182x300.jpg 182w, https:\/\/agora.xtec.cat\/ins-sagulla\/wp-content\/uploads\/usu2114\/2023\/10\/1698224173801-1-768x1264.jpg 768w, https:\/\/agora.xtec.cat\/ins-sagulla\/wp-content\/uploads\/usu2114\/2023\/10\/1698224173801-1-933x1536.jpg 933w, https:\/\/agora.xtec.cat\/ins-sagulla\/wp-content\/uploads\/usu2114\/2023\/10\/1698224173801-1-1244x2048.jpg 1244w, https:\/\/agora.xtec.cat\/ins-sagulla\/wp-content\/uploads\/usu2114\/2023\/10\/1698224173801-1-scaled.jpg 1556w\" sizes=\"auto, (max-width: 146px) 100vw, 146px\" \/><\/a><\/p>\n<p>&nbsp;<\/p>\n<\/div>\n","protected":false},"excerpt":{"rendered":"<p>El dimarts 24 d&#8217;octubre de 2023 tot l&#8217;alumnat de 4t ESO va anar al Teatre de Blanes a fer l&#8217;activitat &#8220;Canvi de Marxa&#8221;.\u00a0<\/p>\n<p>L&#8217;activitat &#8220;Canvi de marxa&#8221; est\u00e0 impulsada per Mutual de Conductors i, compta amb el suport de l&#8217;Ajuntament de Blanes, del Servei Catal\u00e0 de&hellip;  <a href=\"https:\/\/agora.xtec.cat\/ins-sagulla\/general\/canvi-de-marxa-conferencia-a-4t-eso\/\" title=\"Read &#8220;Canvi de Marxa&#8221; confer\u00e8ncia a 4t ESO\">Llegeix m\u00e9s\u00bb<\/a><\/p>\n","protected":false},"author":1,"featured_media":23454,"comment_status":"open","ping_status":"closed","sticky":false,"template":"","format":"standard","meta":{"_bbp_topic_count":0,"_bbp_reply_count":0,"_bbp_total_topic_count":0,"_bbp_total_reply_count":0,"_bbp_voice_count":0,"_bbp_anonymous_reply_count":0,"_bbp_topic_count_hidden":0,"_bbp_reply_count_hidden":0,"_bbp_forum_subforum_count":0,"footnotes":""},"categories":[3,7,1,29],"tags":[987,205,253,1277,131],"class_list":["post-23450","post","type-post","status-publish","format-standard","has-post-thumbnail","hentry","category-eso","category-eso-4","category-general","category-portada","tag-4rt-deso","tag-ajuntament-de-blanes","tag-blanes","tag-curs-2023-2024","tag-eso"],"post_mailing_queue_ids":[],"_links":{"self":[{"href":"https:\/\/agora.xtec.cat\/ins-sagulla\/wp-json\/wp\/v2\/posts\/23450","targetHints":{"allow":["GET"]}}],"collection":[{"href":"https:\/\/agora.xtec.cat\/ins-sagulla\/wp-json\/wp\/v2\/posts"}],"about":[{"href":"https:\/\/agora.xtec.cat\/ins-sagulla\/wp-json\/wp\/v2\/types\/post"}],"author":[{"embeddable":true,"href":"https:\/\/agora.xtec.cat\/ins-sagulla\/wp-json\/wp\/v2\/users\/1"}],"replies":[{"embeddable":true,"href":"https:\/\/agora.xtec.cat\/ins-sagulla\/wp-json\/wp\/v2\/comments?post=23450"}],"version-history":[{"count":1,"href":"https:\/\/agora.xtec.cat\/ins-sagulla\/wp-json\/wp\/v2\/posts\/23450\/revisions"}],"predecessor-version":[{"id":23455,"href":"https:\/\/agora.xtec.cat\/ins-sagulla\/wp-json\/wp\/v2\/posts\/23450\/revisions\/23455"}],"wp:featuredmedia":[{"embeddable":true,"href":"https:\/\/agora.xtec.cat\/ins-sagulla\/wp-json\/wp\/v2\/media\/23454"}],"wp:attachment":[{"href":"https:\/\/agora.xtec.cat\/ins-sagulla\/wp-json\/wp\/v2\/media?parent=23450"}],"wp:term":[{"taxonomy":"category","embeddable":true,"href":"https:\/\/agora.xtec.cat\/ins-sagulla\/wp-json\/wp\/v2\/categories?post=23450"},{"taxonomy":"post_tag","embeddable":true,"href":"https:\/\/agora.xtec.cat\/ins-sagulla\/wp-json\/wp\/v2\/tags?post=23450"}],"curies":[{"name":"wp","href":"https:\/\/api.w.org\/{rel}","templated":true}]}}