{"id":23351,"date":"2023-09-18T08:44:04","date_gmt":"2023-09-18T06:44:04","guid":{"rendered":"https:\/\/agora.xtec.cat\/ins-sagulla\/?p=23351"},"modified":"2023-09-19T12:29:29","modified_gmt":"2023-09-19T10:29:29","slug":"la-nau4","status":"publish","type":"post","link":"https:\/\/agora.xtec.cat\/ins-sagulla\/general\/la-nau4\/","title":{"rendered":"La NAU4"},"content":{"rendered":"<p><span style=\"color: #000000;\">A l&#8217;espai jove, com tots vosaltres coneixeu amb el nom de NAU comencen les activitats d&#8217;aquest primer trimestre. <\/span><span style=\"color: #000000;\">Fan tallers de dansa urbana, teatre, dibuix manga i ioga, els dimarts, dimecres i dijous, respectivament. <\/span><span style=\"color: #000000;\">De dimarts a divendres trobareu en l&#8217;espai jove, tardes de jocs com jocs de taula, ping-pong, futbol\u00ed, entre d&#8217;altres. <\/span><span style=\"color: #000000;\">I dilluns i els divendres s\u00f3n per tots aquells que us agradi mostrar la vostra faceta m\u00e9s art\u00edstica. <\/span><span style=\"color: #000000;\">Els dilluns de 17\u202fh a 19\u202fh es realitzar\u00e0 un taller de grafiti que forma part de la creaci\u00f3 que es far\u00e0 <\/span><span style=\"color: #000000;\">al Local Social de Mas Cremat del 18 de setembre al 23 d&#8217;octubre i del 30 d&#8217;octubre al 27 de novembre al local social de Quatre vents. <\/span><span style=\"color: #000000;\">I els divendres, pots participar art\u00edsticament cantant al karaoke i\/o rapejant. <\/span><span style=\"color: #000000;\">A m\u00e9s a m\u00e9s, hi ha dos dies ben especials el 31 d&#8217;octubre, Halloween i de l&#8217;11 al 21 de desembre, activitats de Nadal. <\/span><span style=\"color: #000000;\">Com sabeu tots els tallers i les activitats s\u00f3n gratu\u00eftes. A continuaci\u00f3 trobareu el cartell i el QR per apuntar-vos-hi.<\/span><\/p>\n<p><span style=\"color: #000000;\">Anima&#8217;t i participa.<\/span><\/p>\n<div><\/div>\n<div>.<\/div>\n<div><a href=\"https:\/\/agora.xtec.cat\/ins-sagulla\/wp-content\/uploads\/usu2114\/2023\/09\/Cartell-Programacio-Tardor-2023-Nau4-Espai-Jove.jpg\">\u00a0 \u00a0 \u00a0 \u00a0 \u00a0 \u00a0 \u00a0 \u00a0 \u00a0 \u00a0 \u00a0 \u00a0 \u00a0 \u00a0 \u00a0 \u00a0 \u00a0 \u00a0 \u00a0 \u00a0<img loading=\"lazy\" decoding=\"async\" class=\"wp-image-23353 alignnone\" src=\"https:\/\/agora.xtec.cat\/ins-sagulla\/wp-content\/uploads\/usu2114\/2023\/09\/Cartell-Programacio-Tardor-2023-Nau4-Espai-Jove-724x1024.jpg\" alt=\"\" width=\"400\" height=\"565\" srcset=\"https:\/\/agora.xtec.cat\/ins-sagulla\/wp-content\/uploads\/usu2114\/2023\/09\/Cartell-Programacio-Tardor-2023-Nau4-Espai-Jove-724x1024.jpg 724w, https:\/\/agora.xtec.cat\/ins-sagulla\/wp-content\/uploads\/usu2114\/2023\/09\/Cartell-Programacio-Tardor-2023-Nau4-Espai-Jove-212x300.jpg 212w, https:\/\/agora.xtec.cat\/ins-sagulla\/wp-content\/uploads\/usu2114\/2023\/09\/Cartell-Programacio-Tardor-2023-Nau4-Espai-Jove-768x1086.jpg 768w, https:\/\/agora.xtec.cat\/ins-sagulla\/wp-content\/uploads\/usu2114\/2023\/09\/Cartell-Programacio-Tardor-2023-Nau4-Espai-Jove-1086x1536.jpg 1086w, https:\/\/agora.xtec.cat\/ins-sagulla\/wp-content\/uploads\/usu2114\/2023\/09\/Cartell-Programacio-Tardor-2023-Nau4-Espai-Jove.jpg 1414w\" sizes=\"auto, (max-width: 400px) 100vw, 400px\" \/>\u00a0 \u00a0 \u00a0 \u00a0<\/a><a href=\"https:\/\/agora.xtec.cat\/ins-sagulla\/wp-content\/uploads\/usu2114\/2023\/09\/Cartell-Programacio-Tardor-2023-Nau4-Espai-Jove-copia.jpg\"><img loading=\"lazy\" decoding=\"async\" class=\"alignnone size-full wp-image-23354\" src=\"https:\/\/agora.xtec.cat\/ins-sagulla\/wp-content\/uploads\/usu2114\/2023\/09\/Cartell-Programacio-Tardor-2023-Nau4-Espai-Jove-copia.jpg\" alt=\"\" width=\"274\" height=\"288\" \/><\/a><\/div>\n<div><\/div>\n","protected":false},"excerpt":{"rendered":"<p>A l&#8217;espai jove, com tots vosaltres coneixeu amb el nom de NAU comencen les activitats d&#8217;aquest primer trimestre. Fan tallers de dansa urbana, teatre, dibuix manga i ioga, els dimarts, dimecres i dijous, respectivament. De dimarts a divendres trobareu en l&#8217;espai jove, tardes de jocs&hellip;  <a href=\"https:\/\/agora.xtec.cat\/ins-sagulla\/general\/la-nau4\/\" title=\"Read La NAU4\">Llegeix m\u00e9s\u00bb<\/a><\/p>\n","protected":false},"author":1,"featured_media":23354,"comment_status":"open","ping_status":"closed","sticky":false,"template":"","format":"standard","meta":{"_bbp_topic_count":0,"_bbp_reply_count":0,"_bbp_total_topic_count":0,"_bbp_total_reply_count":0,"_bbp_voice_count":0,"_bbp_anonymous_reply_count":0,"_bbp_topic_count_hidden":0,"_bbp_reply_count_hidden":0,"_bbp_forum_subforum_count":0,"footnotes":""},"categories":[3,1,29],"tags":[],"class_list":["post-23351","post","type-post","status-publish","format-standard","has-post-thumbnail","hentry","category-eso","category-general","category-portada"],"post_mailing_queue_ids":[],"_links":{"self":[{"href":"https:\/\/agora.xtec.cat\/ins-sagulla\/wp-json\/wp\/v2\/posts\/23351","targetHints":{"allow":["GET"]}}],"collection":[{"href":"https:\/\/agora.xtec.cat\/ins-sagulla\/wp-json\/wp\/v2\/posts"}],"about":[{"href":"https:\/\/agora.xtec.cat\/ins-sagulla\/wp-json\/wp\/v2\/types\/post"}],"author":[{"embeddable":true,"href":"https:\/\/agora.xtec.cat\/ins-sagulla\/wp-json\/wp\/v2\/users\/1"}],"replies":[{"embeddable":true,"href":"https:\/\/agora.xtec.cat\/ins-sagulla\/wp-json\/wp\/v2\/comments?post=23351"}],"version-history":[{"count":3,"href":"https:\/\/agora.xtec.cat\/ins-sagulla\/wp-json\/wp\/v2\/posts\/23351\/revisions"}],"predecessor-version":[{"id":23364,"href":"https:\/\/agora.xtec.cat\/ins-sagulla\/wp-json\/wp\/v2\/posts\/23351\/revisions\/23364"}],"wp:featuredmedia":[{"embeddable":true,"href":"https:\/\/agora.xtec.cat\/ins-sagulla\/wp-json\/wp\/v2\/media\/23354"}],"wp:attachment":[{"href":"https:\/\/agora.xtec.cat\/ins-sagulla\/wp-json\/wp\/v2\/media?parent=23351"}],"wp:term":[{"taxonomy":"category","embeddable":true,"href":"https:\/\/agora.xtec.cat\/ins-sagulla\/wp-json\/wp\/v2\/categories?post=23351"},{"taxonomy":"post_tag","embeddable":true,"href":"https:\/\/agora.xtec.cat\/ins-sagulla\/wp-json\/wp\/v2\/tags?post=23351"}],"curies":[{"name":"wp","href":"https:\/\/api.w.org\/{rel}","templated":true}]}}