{"id":2325,"date":"2021-05-07T08:30:57","date_gmt":"2021-05-07T06:30:57","guid":{"rendered":"https:\/\/agora.xtec.cat\/ins-sagulla\/?p=2325"},"modified":"2021-09-09T13:53:44","modified_gmt":"2021-09-09T11:53:44","slug":"portes-obertes-telematiques-batxillerat-i-cicles-formatius","status":"publish","type":"post","link":"https:\/\/agora.xtec.cat\/ins-sagulla\/general\/portes-obertes-telematiques-batxillerat-i-cicles-formatius\/","title":{"rendered":"Portes obertes de batxillerat i cicles formatius"},"content":{"rendered":"<p>La jornada de <strong>portes obertes <\/strong>dels estudis postobligatoris, pel que fa a <strong>Cicles<\/strong> i <strong>Batxillerat, <\/strong>ha tingut lloc aquest dijous 6 de maig en<strong> format telem\u00e0tic.<\/strong><\/p>\n<p>A les 17 hores s&#8217;ha fet la sessi\u00f3 corresponent a <strong>Batxillerat<\/strong>, a c\u00e0rrec del director de l&#8217;Institut, Josep Hern\u00e1ndez. Aqu\u00ed teniu <a href=\"https:\/\/agora.xtec.cat\/ins-sagulla\/wp-content\/uploads\/usu2114\/2021\/03\/PRESENTACI\u00d3-BATXILLERAT-2021.pdf\">la presentaci\u00f3<\/a>.<\/p>\n<p>A les 16 i a les 18 hores s&#8217;han programat <strong>tres connexions simult\u00e0nies<\/strong>: <span style=\"font-family: inherit; font-size: 1em;\">T\u00e8cnic en atenci\u00f3 a persones en situaci\u00f3 de depend\u00e8ncia (<strong>TAPSD<\/strong>), <\/span><span style=\"font-family: inherit; font-size: 1em;\">Cures auxiliars d&#8217;infermeria (<strong>CAI<\/strong>) i <\/span><span style=\"font-family: inherit; font-size: 1em;\">Grau superior, que engloba els estudis de T\u00e8cnic en educaci\u00f3 infantil (<strong>TEI<\/strong>) i T\u00e8cnic en integraci\u00f3 social (<strong>TIS<\/strong>).<\/span><\/p>\n<p>En aquesta altra presentaci\u00f3 trobareu <strong>tots els cicles<\/strong> que s&#8217;imparteixen al centre:<\/p>\n<div style=\"width: 100%;\">\n<div style=\"position: relative; padding-bottom: 56.25%; padding-top: 0; height: 0;\"><iframe loading=\"lazy\" src=\"https:\/\/view.genial.ly\/6039118127abdd0db3e96479\" width=\"1200px\" height=\"675px\" frameborder=\"0\"><\/iframe><\/div>\n<\/div>\n<p>&nbsp;<\/p>\n<p>&nbsp;<\/p>\n<p>A les 17 hores, s&#8217;ha celebrat la sessi\u00f3 de Batxillerat. Aqu\u00ed teniu la presentaci\u00f3.<\/p>\n","protected":false},"excerpt":{"rendered":"<p>La jornada de portes obertes dels estudis postobligatoris, pel que fa a Cicles i Batxillerat, ha tingut lloc aquest dijous 6 de maig en format telem\u00e0tic.<br \/>\nA les 17 hores s&#8217;ha fet la sessi\u00f3 corresponent a Batxillerat, a c\u00e0rrec del director de l&#8217;Institut, Josep Hern\u00e1ndez. Aqu\u00ed&hellip;  <a href=\"https:\/\/agora.xtec.cat\/ins-sagulla\/general\/portes-obertes-telematiques-batxillerat-i-cicles-formatius\/\" title=\"Read Portes obertes de batxillerat i cicles formatius\">Llegeix m\u00e9s\u00bb<\/a><\/p>\n","protected":false},"author":1,"featured_media":2797,"comment_status":"closed","ping_status":"closed","sticky":false,"template":"","format":"standard","meta":{"_bbp_topic_count":0,"_bbp_reply_count":0,"_bbp_total_topic_count":0,"_bbp_total_reply_count":0,"_bbp_voice_count":0,"_bbp_anonymous_reply_count":0,"_bbp_topic_count_hidden":0,"_bbp_reply_count_hidden":0,"_bbp_forum_subforum_count":0,"footnotes":""},"categories":[8,30,1,213,214,29],"tags":[143,445,449,132,450],"class_list":["post-2325","post","type-post","status-publish","format-standard","has-post-thumbnail","hentry","category-batxillerat","category-cicles-formatius","category-general","category-grau-mitja","category-grau-superior","category-portada","tag-batxillerat","tag-estudis-post-obligatoris","tag-grau-superior","tag-portes-obertes","tag-tecnic"],"post_mailing_queue_ids":[],"_links":{"self":[{"href":"https:\/\/agora.xtec.cat\/ins-sagulla\/wp-json\/wp\/v2\/posts\/2325","targetHints":{"allow":["GET"]}}],"collection":[{"href":"https:\/\/agora.xtec.cat\/ins-sagulla\/wp-json\/wp\/v2\/posts"}],"about":[{"href":"https:\/\/agora.xtec.cat\/ins-sagulla\/wp-json\/wp\/v2\/types\/post"}],"author":[{"embeddable":true,"href":"https:\/\/agora.xtec.cat\/ins-sagulla\/wp-json\/wp\/v2\/users\/1"}],"replies":[{"embeddable":true,"href":"https:\/\/agora.xtec.cat\/ins-sagulla\/wp-json\/wp\/v2\/comments?post=2325"}],"version-history":[{"count":3,"href":"https:\/\/agora.xtec.cat\/ins-sagulla\/wp-json\/wp\/v2\/posts\/2325\/revisions"}],"predecessor-version":[{"id":2986,"href":"https:\/\/agora.xtec.cat\/ins-sagulla\/wp-json\/wp\/v2\/posts\/2325\/revisions\/2986"}],"wp:featuredmedia":[{"embeddable":true,"href":"https:\/\/agora.xtec.cat\/ins-sagulla\/wp-json\/wp\/v2\/media\/2797"}],"wp:attachment":[{"href":"https:\/\/agora.xtec.cat\/ins-sagulla\/wp-json\/wp\/v2\/media?parent=2325"}],"wp:term":[{"taxonomy":"category","embeddable":true,"href":"https:\/\/agora.xtec.cat\/ins-sagulla\/wp-json\/wp\/v2\/categories?post=2325"},{"taxonomy":"post_tag","embeddable":true,"href":"https:\/\/agora.xtec.cat\/ins-sagulla\/wp-json\/wp\/v2\/tags?post=2325"}],"curies":[{"name":"wp","href":"https:\/\/api.w.org\/{rel}","templated":true}]}}