{"id":22965,"date":"2023-06-02T09:47:05","date_gmt":"2023-06-02T07:47:05","guid":{"rendered":"https:\/\/agora.xtec.cat\/ins-sagulla\/?p=22965"},"modified":"2023-06-05T13:31:07","modified_gmt":"2023-06-05T11:31:07","slug":"sortida-al-memorial-de-rivesaltes-i-a-collioure","status":"publish","type":"post","link":"https:\/\/agora.xtec.cat\/ins-sagulla\/eso\/eso-2\/sortida-al-memorial-de-rivesaltes-i-a-collioure\/","title":{"rendered":"Sortida al Memorial de Rivesaltes i a Collioure"},"content":{"rendered":"<p style=\"text-align: justify;\">El passat <strong>22 de maig<\/strong>, els alumnes de <strong>franc\u00e8s de 2n, 3r i 4t d&#8217;ESO<\/strong> vam fer una sortida cultural i pedag\u00f2gica al <strong>Memorial de Rivesaltes<\/strong> i al poble de <strong>Collioure<\/strong>.<\/p>\n<p style=\"text-align: justify;\">Despr\u00e9s de la pand\u00e8mia, ens venia molt de gust fer aquesta excursi\u00f3 a Fran\u00e7a per poder tornar a posar en pr\u00e0ctica els coneixements ling\u00fc\u00edstics i viure l&#8217;experi\u00e8ncia en directe al pa\u00eds ve\u00ed.<\/p>\n<p style=\"text-align: justify;\">Al Memorial de Rivesaltes, vam gaudir d&#8217;una visita guiada en Franc\u00e8s i en Castell\u00e0 a trav\u00e9s de la qual vam con\u00e8ixer les viv\u00e8ncies de milers d&#8217;espanyols exiliats i refugiats que es van veure obligats a travessar la frontera i malviure al camp de Rivesaltes.<\/p>\n<p><a href=\"https:\/\/agora.xtec.cat\/ins-sagulla\/wp-content\/uploads\/usu2114\/2023\/06\/colliure-2.jpg\"><img loading=\"lazy\" decoding=\"async\" class=\"alignnone size-large wp-image-22987\" src=\"https:\/\/agora.xtec.cat\/ins-sagulla\/wp-content\/uploads\/usu2114\/2023\/06\/colliure-2-1024x768.jpg\" alt=\"\" width=\"1024\" height=\"768\" srcset=\"https:\/\/agora.xtec.cat\/ins-sagulla\/wp-content\/uploads\/usu2114\/2023\/06\/colliure-2-1024x768.jpg 1024w, https:\/\/agora.xtec.cat\/ins-sagulla\/wp-content\/uploads\/usu2114\/2023\/06\/colliure-2-300x225.jpg 300w, https:\/\/agora.xtec.cat\/ins-sagulla\/wp-content\/uploads\/usu2114\/2023\/06\/colliure-2-768x576.jpg 768w, https:\/\/agora.xtec.cat\/ins-sagulla\/wp-content\/uploads\/usu2114\/2023\/06\/colliure-2-200x150.jpg 200w, https:\/\/agora.xtec.cat\/ins-sagulla\/wp-content\/uploads\/usu2114\/2023\/06\/colliure-2.jpg 1300w\" sizes=\"auto, (max-width: 1024px) 100vw, 1024px\" \/><\/a><\/p>\n<p><a href=\"https:\/\/agora.xtec.cat\/ins-sagulla\/wp-content\/uploads\/usu2114\/2023\/06\/colliure-6-rotated.jpg\"><img loading=\"lazy\" decoding=\"async\" class=\"alignnone size-large wp-image-22986\" src=\"https:\/\/agora.xtec.cat\/ins-sagulla\/wp-content\/uploads\/usu2114\/2023\/06\/colliure-6-768x1024.jpg\" alt=\"\" width=\"768\" height=\"1024\" srcset=\"https:\/\/agora.xtec.cat\/ins-sagulla\/wp-content\/uploads\/usu2114\/2023\/06\/colliure-6-768x1024.jpg 768w, https:\/\/agora.xtec.cat\/ins-sagulla\/wp-content\/uploads\/usu2114\/2023\/06\/colliure-6-225x300.jpg 225w, https:\/\/agora.xtec.cat\/ins-sagulla\/wp-content\/uploads\/usu2114\/2023\/06\/colliure-6-1152x1536.jpg 1152w, https:\/\/agora.xtec.cat\/ins-sagulla\/wp-content\/uploads\/usu2114\/2023\/06\/colliure-6-rotated.jpg 1500w\" sizes=\"auto, (max-width: 768px) 100vw, 768px\" \/><\/a><\/p>\n<p style=\"text-align: justify;\">Despr\u00e9s, vam visitar el poble de Collioure conegut per la seva hist\u00f2ria medieval, la seva gastronomia (anxoves) i el seu art representatiu del <strong>Fauvisme<\/strong>.<\/p>\n<p><a href=\"https:\/\/agora.xtec.cat\/ins-sagulla\/wp-content\/uploads\/usu2114\/2023\/06\/COLLIURE-rotated.jpg\"><img loading=\"lazy\" decoding=\"async\" class=\"alignnone size-large wp-image-22985\" src=\"https:\/\/agora.xtec.cat\/ins-sagulla\/wp-content\/uploads\/usu2114\/2023\/06\/COLLIURE-768x1024.jpg\" alt=\"\" width=\"768\" height=\"1024\" srcset=\"https:\/\/agora.xtec.cat\/ins-sagulla\/wp-content\/uploads\/usu2114\/2023\/06\/COLLIURE-768x1024.jpg 768w, https:\/\/agora.xtec.cat\/ins-sagulla\/wp-content\/uploads\/usu2114\/2023\/06\/COLLIURE-225x300.jpg 225w, https:\/\/agora.xtec.cat\/ins-sagulla\/wp-content\/uploads\/usu2114\/2023\/06\/COLLIURE-1152x1536.jpg 1152w, https:\/\/agora.xtec.cat\/ins-sagulla\/wp-content\/uploads\/usu2114\/2023\/06\/COLLIURE-rotated.jpg 1400w\" sizes=\"auto, (max-width: 768px) 100vw, 768px\" \/><\/a><\/p>\n<p style=\"text-align: justify;\">Aqu\u00ed, els alumnes van descobrir el poble fent una activitat amb <strong>codis QR<\/strong> que els van portar a con\u00e8ixer els indrets m\u00e9s ic\u00f2nics de Collioure, com el <strong>Ch\u00e2teau Royale<\/strong>, l&#8217;esgl\u00e8sia <strong>Notre D\u00e2me des Anges<\/strong>, la capella <strong>Saint Vincent<\/strong>, el taller on <strong>Matisse<\/strong> pintava i la tomba de <strong>Machado<\/strong>, entre altres coses.<\/p>\n<p style=\"text-align: justify;\">Va ser una sortida molt completa i els alumnes van gaudir d&#8217;una jornada diferent, divertida i alhora molt interessant i pedag\u00f2gicament molt profitosa.<\/p>\n<p><a href=\"https:\/\/agora.xtec.cat\/ins-sagulla\/wp-content\/uploads\/usu2114\/2023\/06\/colliure-3-scaled.jpg\"><img loading=\"lazy\" decoding=\"async\" class=\"alignnone size-large wp-image-22988\" src=\"https:\/\/agora.xtec.cat\/ins-sagulla\/wp-content\/uploads\/usu2114\/2023\/06\/colliure-3-1024x768.jpg\" alt=\"\" width=\"1024\" height=\"768\" srcset=\"https:\/\/agora.xtec.cat\/ins-sagulla\/wp-content\/uploads\/usu2114\/2023\/06\/colliure-3-1024x768.jpg 1024w, https:\/\/agora.xtec.cat\/ins-sagulla\/wp-content\/uploads\/usu2114\/2023\/06\/colliure-3-300x225.jpg 300w, https:\/\/agora.xtec.cat\/ins-sagulla\/wp-content\/uploads\/usu2114\/2023\/06\/colliure-3-768x576.jpg 768w, https:\/\/agora.xtec.cat\/ins-sagulla\/wp-content\/uploads\/usu2114\/2023\/06\/colliure-3-1536x1152.jpg 1536w, https:\/\/agora.xtec.cat\/ins-sagulla\/wp-content\/uploads\/usu2114\/2023\/06\/colliure-3-2048x1536.jpg 2048w, https:\/\/agora.xtec.cat\/ins-sagulla\/wp-content\/uploads\/usu2114\/2023\/06\/colliure-3-200x150.jpg 200w\" sizes=\"auto, (max-width: 1024px) 100vw, 1024px\" \/><\/a><\/p>\n<p>&nbsp;<\/p>\n","protected":false},"excerpt":{"rendered":"<p>El passat 22 de maig, els alumnes de franc\u00e8s de 2n, 3r i 4t d&#8217;ESO vam fer una sortida cultural i pedag\u00f2gica al Memorial de Rivesaltes i al poble de Collioure.<br \/>\nDespr\u00e9s de la pand\u00e8mia, ens venia molt de gust fer aquesta excursi\u00f3 a Fran\u00e7a per&hellip;  <a href=\"https:\/\/agora.xtec.cat\/ins-sagulla\/eso\/eso-2\/sortida-al-memorial-de-rivesaltes-i-a-collioure\/\" title=\"Read Sortida al Memorial de Rivesaltes i a Collioure\">Llegeix m\u00e9s\u00bb<\/a><\/p>\n","protected":false},"author":1,"featured_media":22984,"comment_status":"open","ping_status":"closed","sticky":false,"template":"","format":"standard","meta":{"_bbp_topic_count":0,"_bbp_reply_count":0,"_bbp_total_topic_count":0,"_bbp_total_reply_count":0,"_bbp_voice_count":0,"_bbp_anonymous_reply_count":0,"_bbp_topic_count_hidden":0,"_bbp_reply_count_hidden":0,"_bbp_forum_subforum_count":0,"footnotes":""},"categories":[5,6,7,320,29],"tags":[1244,685,358],"class_list":["post-22965","post","type-post","status-publish","format-standard","has-post-thumbnail","hentry","category-eso-2","category-eso-3","category-eso-4","category-llegues-estrangeres","category-portada","tag-colliure","tag-cultura","tag-frances"],"post_mailing_queue_ids":[],"_links":{"self":[{"href":"https:\/\/agora.xtec.cat\/ins-sagulla\/wp-json\/wp\/v2\/posts\/22965","targetHints":{"allow":["GET"]}}],"collection":[{"href":"https:\/\/agora.xtec.cat\/ins-sagulla\/wp-json\/wp\/v2\/posts"}],"about":[{"href":"https:\/\/agora.xtec.cat\/ins-sagulla\/wp-json\/wp\/v2\/types\/post"}],"author":[{"embeddable":true,"href":"https:\/\/agora.xtec.cat\/ins-sagulla\/wp-json\/wp\/v2\/users\/1"}],"replies":[{"embeddable":true,"href":"https:\/\/agora.xtec.cat\/ins-sagulla\/wp-json\/wp\/v2\/comments?post=22965"}],"version-history":[{"count":3,"href":"https:\/\/agora.xtec.cat\/ins-sagulla\/wp-json\/wp\/v2\/posts\/22965\/revisions"}],"predecessor-version":[{"id":22995,"href":"https:\/\/agora.xtec.cat\/ins-sagulla\/wp-json\/wp\/v2\/posts\/22965\/revisions\/22995"}],"wp:featuredmedia":[{"embeddable":true,"href":"https:\/\/agora.xtec.cat\/ins-sagulla\/wp-json\/wp\/v2\/media\/22984"}],"wp:attachment":[{"href":"https:\/\/agora.xtec.cat\/ins-sagulla\/wp-json\/wp\/v2\/media?parent=22965"}],"wp:term":[{"taxonomy":"category","embeddable":true,"href":"https:\/\/agora.xtec.cat\/ins-sagulla\/wp-json\/wp\/v2\/categories?post=22965"},{"taxonomy":"post_tag","embeddable":true,"href":"https:\/\/agora.xtec.cat\/ins-sagulla\/wp-json\/wp\/v2\/tags?post=22965"}],"curies":[{"name":"wp","href":"https:\/\/api.w.org\/{rel}","templated":true}]}}