{"id":22934,"date":"2023-05-30T16:38:42","date_gmt":"2023-05-30T14:38:42","guid":{"rendered":"https:\/\/agora.xtec.cat\/ins-sagulla\/?p=22934"},"modified":"2023-05-30T16:38:42","modified_gmt":"2023-05-30T14:38:42","slug":"parlem-deducacio-a-la-radio-intercanvi-a-franca-une-experience-formidable","status":"publish","type":"post","link":"https:\/\/agora.xtec.cat\/ins-sagulla\/eso\/eso-3\/parlem-deducacio-a-la-radio-intercanvi-a-franca-une-experience-formidable\/","title":{"rendered":"Parlem d&#8217;educaci\u00f3 a la r\u00e0dio. Intercanvi a Fran\u00e7a. Une exp\u00e9rience formidable!"},"content":{"rendered":"<p><span style=\"font-family: inherit; font-size: 1em;\">Ja podeu escoltar el podcast del programa de r\u00e0dio que va gravar l&#8217;alumnat de l&#8217;intercanvi amb l&#8217;Institut franc\u00e8s de Institut franc\u00e8s Fr\u00e9d\u00e9ric Mistral de Lunel al CRP la Selva II de Blanes.\u00a0<\/span><\/p>\n<p><iframe loading=\"lazy\" src=\"https:\/\/podcasters.spotify.com\/pod\/show\/crp-selva-ii\/embed\/episodes\/Intercanvi-a-Frana--Une-exprience-formidable-e24ga1s\/a-a9si94l\" width=\"400px\" height=\"102px\" frameborder=\"0\" scrolling=\"no\"><\/iframe><\/p>\n","protected":false},"excerpt":{"rendered":"<p>Ja podeu escoltar el podcast del programa de r\u00e0dio que va gravar l&#8217;alumnat de l&#8217;intercanvi amb l&#8217;Institut franc\u00e8s de Institut franc\u00e8s Fr\u00e9d\u00e9ric Mistral de Lunel al CRP la Selva II de Blanes.\u00a0<\/p>\n","protected":false},"author":1,"featured_media":0,"comment_status":"open","ping_status":"closed","sticky":false,"template":"","format":"standard","meta":{"_bbp_topic_count":0,"_bbp_reply_count":0,"_bbp_total_topic_count":0,"_bbp_total_reply_count":0,"_bbp_voice_count":0,"_bbp_anonymous_reply_count":0,"_bbp_topic_count_hidden":0,"_bbp_reply_count_hidden":0,"_bbp_forum_subforum_count":0,"footnotes":""},"categories":[305,6,7,1231,320,29,1038],"tags":[1117,358,1216,1238],"class_list":["post-22934","post","type-post","status-publish","format-standard","hentry","category-departaments","category-eso-3","category-eso-4","category-intercanvi","category-llegues-estrangeres","category-portada","category-projectes","tag-crp-la-selva-ii","tag-frances","tag-intercanvi","tag-podcast"],"post_mailing_queue_ids":[],"_links":{"self":[{"href":"https:\/\/agora.xtec.cat\/ins-sagulla\/wp-json\/wp\/v2\/posts\/22934","targetHints":{"allow":["GET"]}}],"collection":[{"href":"https:\/\/agora.xtec.cat\/ins-sagulla\/wp-json\/wp\/v2\/posts"}],"about":[{"href":"https:\/\/agora.xtec.cat\/ins-sagulla\/wp-json\/wp\/v2\/types\/post"}],"author":[{"embeddable":true,"href":"https:\/\/agora.xtec.cat\/ins-sagulla\/wp-json\/wp\/v2\/users\/1"}],"replies":[{"embeddable":true,"href":"https:\/\/agora.xtec.cat\/ins-sagulla\/wp-json\/wp\/v2\/comments?post=22934"}],"version-history":[{"count":1,"href":"https:\/\/agora.xtec.cat\/ins-sagulla\/wp-json\/wp\/v2\/posts\/22934\/revisions"}],"predecessor-version":[{"id":22935,"href":"https:\/\/agora.xtec.cat\/ins-sagulla\/wp-json\/wp\/v2\/posts\/22934\/revisions\/22935"}],"wp:attachment":[{"href":"https:\/\/agora.xtec.cat\/ins-sagulla\/wp-json\/wp\/v2\/media?parent=22934"}],"wp:term":[{"taxonomy":"category","embeddable":true,"href":"https:\/\/agora.xtec.cat\/ins-sagulla\/wp-json\/wp\/v2\/categories?post=22934"},{"taxonomy":"post_tag","embeddable":true,"href":"https:\/\/agora.xtec.cat\/ins-sagulla\/wp-json\/wp\/v2\/tags?post=22934"}],"curies":[{"name":"wp","href":"https:\/\/api.w.org\/{rel}","templated":true}]}}