{"id":22842,"date":"2023-05-20T08:14:04","date_gmt":"2023-05-20T06:14:04","guid":{"rendered":"https:\/\/agora.xtec.cat\/ins-sagulla\/?p=22842"},"modified":"2023-05-19T15:20:38","modified_gmt":"2023-05-19T13:20:38","slug":"finalistes-del-concurs-doratoria-lultima-paraula","status":"publish","type":"post","link":"https:\/\/agora.xtec.cat\/ins-sagulla\/general\/finalistes-del-concurs-doratoria-lultima-paraula\/","title":{"rendered":"Finalistes del concurs d\u00b4orat\u00f2ria L\u00b4\u00faltima Paraula!"},"content":{"rendered":"<p style=\"text-align: left;\"><strong>Dimarts 16 de maig <\/strong>dos grups d&#8217;alumnat de cicles formatius del nostre centre, un grup de Grau Mitj\u00e0 de 2n curs de TAPSD (Neus Espinar; Carla Jim\u00e9nez i Anna Membrives) i un grup de Grau Superior de 2n curs de TEI (N\u00faria P\u00e9rez i Nil Garrido) van participar com a finalistes al concurs de l &#8216;\u00faltima paraula en la modalitat del Micr\u00f2fon d&#8217;Or, que va tenir lloc al D<strong>isseny Hub de Barcelona<\/strong>, i va ser a nivell auton\u00f2mic de Catalunya, des d &#8216;Impuls FP.<\/p>\n<p>El nostre alumnat va presentar un <strong>projecte d&#8217;emprenedoria i d&#8217;innovaci\u00f3<\/strong> que han estat preparant durant el curs amb molta motivaci\u00f3 i esfor\u00e7 treballant capacitats clau com el treball en equip i les habilitats comunicatives.<\/p>\n<p>Es tracta d&#8217;un <strong>concurs d &#8216;orat\u00f2ria<\/strong> que pret\u00e9n fomentar la compet\u00e8ncia de comunicaci\u00f3 dels estudiants d&#8217;FP, mostrant la import\u00e0ncia que t\u00e9 la comunicaci\u00f3 en el desenvolupament d&#8217;un projecte professional b\u00e9 sigui com a treballador per compte d&#8217;altri o emprenendor\/a. L &#8216;esdeveniment va ser retransm\u00e8s en directe i en <em>streaming<\/em> i est\u00e0 penjat al Youtube.<\/p>\n<p><a href=\"https:\/\/agora.xtec.cat\/ins-sagulla\/wp-content\/uploads\/usu2114\/2023\/05\/IMG-20230516-WA0019.jpg\"><img loading=\"lazy\" decoding=\"async\" class=\"alignnone size-large wp-image-22805\" src=\"https:\/\/agora.xtec.cat\/ins-sagulla\/wp-content\/uploads\/usu2114\/2023\/05\/IMG-20230516-WA0019-1024x768.jpg\" alt=\"\" width=\"1024\" height=\"768\" srcset=\"https:\/\/agora.xtec.cat\/ins-sagulla\/wp-content\/uploads\/usu2114\/2023\/05\/IMG-20230516-WA0019-1024x768.jpg 1024w, https:\/\/agora.xtec.cat\/ins-sagulla\/wp-content\/uploads\/usu2114\/2023\/05\/IMG-20230516-WA0019-300x225.jpg 300w, https:\/\/agora.xtec.cat\/ins-sagulla\/wp-content\/uploads\/usu2114\/2023\/05\/IMG-20230516-WA0019-768x576.jpg 768w, https:\/\/agora.xtec.cat\/ins-sagulla\/wp-content\/uploads\/usu2114\/2023\/05\/IMG-20230516-WA0019-1536x1152.jpg 1536w, https:\/\/agora.xtec.cat\/ins-sagulla\/wp-content\/uploads\/usu2114\/2023\/05\/IMG-20230516-WA0019-200x150.jpg 200w, https:\/\/agora.xtec.cat\/ins-sagulla\/wp-content\/uploads\/usu2114\/2023\/05\/IMG-20230516-WA0019.jpg 1600w\" sizes=\"auto, (max-width: 1024px) 100vw, 1024px\" \/><\/a><\/p>\n<p>L &#8216;alumnat ho va defensar i presentar de manera excel\u00b7lent, ha deixat al centre molt ben representat i van gaudir d&#8217;un esdeveniment on el talent, el di\u00e0leg, la capacitat de s\u00edntesi i l&#8217;esperit cr\u00edtic van ser els protagonistes principals.<\/p>\n<p><a href=\"https:\/\/agora.xtec.cat\/ins-sagulla\/wp-content\/uploads\/usu2114\/2023\/05\/micro-4.jpg\"><img loading=\"lazy\" decoding=\"async\" class=\"alignnone size-large wp-image-22807\" src=\"https:\/\/agora.xtec.cat\/ins-sagulla\/wp-content\/uploads\/usu2114\/2023\/05\/micro-4-768x1024.jpg\" alt=\"\" width=\"768\" height=\"1024\" srcset=\"https:\/\/agora.xtec.cat\/ins-sagulla\/wp-content\/uploads\/usu2114\/2023\/05\/micro-4-768x1024.jpg 768w, https:\/\/agora.xtec.cat\/ins-sagulla\/wp-content\/uploads\/usu2114\/2023\/05\/micro-4-225x300.jpg 225w, https:\/\/agora.xtec.cat\/ins-sagulla\/wp-content\/uploads\/usu2114\/2023\/05\/micro-4-1152x1536.jpg 1152w, https:\/\/agora.xtec.cat\/ins-sagulla\/wp-content\/uploads\/usu2114\/2023\/05\/micro-4.jpg 1200w\" sizes=\"auto, (max-width: 768px) 100vw, 768px\" \/><\/a><\/p>\n","protected":false},"excerpt":{"rendered":"<p>Dimarts 16 de maig dos grups d&#8217;alumnat de cicles formatius del nostre centre, un grup de Grau Mitj\u00e0 de 2n curs de TAPSD (Neus Espinar; Carla Jim\u00e9nez i Anna Membrives) i un grup de Grau Superior de 2n curs de TEI (N\u00faria P\u00e9rez i Nil&hellip;  <a href=\"https:\/\/agora.xtec.cat\/ins-sagulla\/general\/finalistes-del-concurs-doratoria-lultima-paraula\/\" title=\"Read Finalistes del concurs d\u00b4orat\u00f2ria L\u00b4\u00faltima Paraula!\">Llegeix m\u00e9s\u00bb<\/a><\/p>\n","protected":false},"author":89,"featured_media":22795,"comment_status":"open","ping_status":"closed","sticky":false,"template":"","format":"standard","meta":{"_bbp_topic_count":0,"_bbp_reply_count":0,"_bbp_total_topic_count":0,"_bbp_total_reply_count":0,"_bbp_voice_count":0,"_bbp_anonymous_reply_count":0,"_bbp_topic_count_hidden":0,"_bbp_reply_count_hidden":0,"_bbp_forum_subforum_count":0,"footnotes":""},"categories":[297,299,695,150,30,750,152,1,213,29],"tags":[1233,1056,1232,1234,1235],"class_list":["post-22842","post","type-post","status-publish","format-standard","has-post-thumbnail","hentry","category-2n-tapsd","category-2n-tei","category-alumnat","category-cfgm-atencio-persones-situacio-dependencia","category-cicles-formatius","category-concurs","category-cfgs-educacio-infantil","category-general","category-grau-mitja","category-portada","tag-emprenfp","tag-impulsfp","tag-orgullfp","tag-skillscomunicacio","tag-ultimaparaula"],"post_mailing_queue_ids":[],"_links":{"self":[{"href":"https:\/\/agora.xtec.cat\/ins-sagulla\/wp-json\/wp\/v2\/posts\/22842","targetHints":{"allow":["GET"]}}],"collection":[{"href":"https:\/\/agora.xtec.cat\/ins-sagulla\/wp-json\/wp\/v2\/posts"}],"about":[{"href":"https:\/\/agora.xtec.cat\/ins-sagulla\/wp-json\/wp\/v2\/types\/post"}],"author":[{"embeddable":true,"href":"https:\/\/agora.xtec.cat\/ins-sagulla\/wp-json\/wp\/v2\/users\/89"}],"replies":[{"embeddable":true,"href":"https:\/\/agora.xtec.cat\/ins-sagulla\/wp-json\/wp\/v2\/comments?post=22842"}],"version-history":[{"count":4,"href":"https:\/\/agora.xtec.cat\/ins-sagulla\/wp-json\/wp\/v2\/posts\/22842\/revisions"}],"predecessor-version":[{"id":22869,"href":"https:\/\/agora.xtec.cat\/ins-sagulla\/wp-json\/wp\/v2\/posts\/22842\/revisions\/22869"}],"wp:featuredmedia":[{"embeddable":true,"href":"https:\/\/agora.xtec.cat\/ins-sagulla\/wp-json\/wp\/v2\/media\/22795"}],"wp:attachment":[{"href":"https:\/\/agora.xtec.cat\/ins-sagulla\/wp-json\/wp\/v2\/media?parent=22842"}],"wp:term":[{"taxonomy":"category","embeddable":true,"href":"https:\/\/agora.xtec.cat\/ins-sagulla\/wp-json\/wp\/v2\/categories?post=22842"},{"taxonomy":"post_tag","embeddable":true,"href":"https:\/\/agora.xtec.cat\/ins-sagulla\/wp-json\/wp\/v2\/tags?post=22842"}],"curies":[{"name":"wp","href":"https:\/\/api.w.org\/{rel}","templated":true}]}}