{"id":22791,"date":"2023-05-19T08:52:57","date_gmt":"2023-05-19T06:52:57","guid":{"rendered":"https:\/\/agora.xtec.cat\/ins-sagulla\/?p=22791"},"modified":"2023-05-19T10:19:23","modified_gmt":"2023-05-19T08:19:23","slug":"expliquem-lexperiencia-de-lintercanvi-a-la-radio","status":"publish","type":"post","link":"https:\/\/agora.xtec.cat\/ins-sagulla\/general\/expliquem-lexperiencia-de-lintercanvi-a-la-radio\/","title":{"rendered":"Expliquem l&#8217;experi\u00e8ncia de l&#8217;intercanvi a la r\u00e0dio"},"content":{"rendered":"<p>El passat <strong>11 de maig<\/strong>, una representaci\u00f3 dels <strong>alumnes de 3r i 4t<\/strong> que v\u00e0rem anar a Fran\u00e7a d&#8217;intercanvi van anar a explicar la seva experi\u00e8ncia a la r\u00e0dio instal\u00b7lada als <strong>Serveis Educatius II<\/strong> a Blanes.<\/p>\n<p>Gr\u00e0cies a aquesta oportunitat, van poder expressar les seves opinions sobre la cultura francesa i les activitats dutes a terme a l&#8217;institut, la seva adaptaci\u00f3 a casa de les fam\u00edlies d&#8217;acollida i les seves recomanacions a futurs alumnes per animar-los a participar en el proper intercanvi.<\/p>\n<p>Volem agrair a la Roser (locutora) i a l&#8217;Albert (t\u00e8cnic de so) la seva rebuda i el seu saber fer, tranquil\u00b7litzant l&#8217;alumnat i fent-los sentir com a casa.<\/p>\n<p>Podreu sentir el P\u00f2dcast a la web del CRP i a Spotify.<\/p>\n<p><a href=\"https:\/\/agora.xtec.cat\/ins-sagulla\/wp-content\/uploads\/usu2114\/2023\/05\/IMG_20230511_111111-scaled.jpg\"><img loading=\"lazy\" decoding=\"async\" class=\"alignnone size-large wp-image-22819\" src=\"https:\/\/agora.xtec.cat\/ins-sagulla\/wp-content\/uploads\/usu2114\/2023\/05\/IMG_20230511_111111-1024x768.jpg\" alt=\"\" width=\"1024\" height=\"768\" srcset=\"https:\/\/agora.xtec.cat\/ins-sagulla\/wp-content\/uploads\/usu2114\/2023\/05\/IMG_20230511_111111-1024x768.jpg 1024w, https:\/\/agora.xtec.cat\/ins-sagulla\/wp-content\/uploads\/usu2114\/2023\/05\/IMG_20230511_111111-300x225.jpg 300w, https:\/\/agora.xtec.cat\/ins-sagulla\/wp-content\/uploads\/usu2114\/2023\/05\/IMG_20230511_111111-768x576.jpg 768w, https:\/\/agora.xtec.cat\/ins-sagulla\/wp-content\/uploads\/usu2114\/2023\/05\/IMG_20230511_111111-1536x1152.jpg 1536w, https:\/\/agora.xtec.cat\/ins-sagulla\/wp-content\/uploads\/usu2114\/2023\/05\/IMG_20230511_111111-2048x1536.jpg 2048w, https:\/\/agora.xtec.cat\/ins-sagulla\/wp-content\/uploads\/usu2114\/2023\/05\/IMG_20230511_111111-200x150.jpg 200w\" sizes=\"auto, (max-width: 1024px) 100vw, 1024px\" \/><\/a><\/p>\n<p><a href=\"https:\/\/agora.xtec.cat\/ins-sagulla\/wp-content\/uploads\/usu2114\/2023\/05\/IMG_20230511_111104-scaled.jpg\"><img loading=\"lazy\" decoding=\"async\" class=\"alignnone size-large wp-image-22821\" src=\"https:\/\/agora.xtec.cat\/ins-sagulla\/wp-content\/uploads\/usu2114\/2023\/05\/IMG_20230511_111104-1024x768.jpg\" alt=\"\" width=\"1024\" height=\"768\" srcset=\"https:\/\/agora.xtec.cat\/ins-sagulla\/wp-content\/uploads\/usu2114\/2023\/05\/IMG_20230511_111104-1024x768.jpg 1024w, https:\/\/agora.xtec.cat\/ins-sagulla\/wp-content\/uploads\/usu2114\/2023\/05\/IMG_20230511_111104-300x225.jpg 300w, https:\/\/agora.xtec.cat\/ins-sagulla\/wp-content\/uploads\/usu2114\/2023\/05\/IMG_20230511_111104-768x576.jpg 768w, https:\/\/agora.xtec.cat\/ins-sagulla\/wp-content\/uploads\/usu2114\/2023\/05\/IMG_20230511_111104-1536x1152.jpg 1536w, https:\/\/agora.xtec.cat\/ins-sagulla\/wp-content\/uploads\/usu2114\/2023\/05\/IMG_20230511_111104-2048x1536.jpg 2048w, https:\/\/agora.xtec.cat\/ins-sagulla\/wp-content\/uploads\/usu2114\/2023\/05\/IMG_20230511_111104-200x150.jpg 200w\" sizes=\"auto, (max-width: 1024px) 100vw, 1024px\" \/><\/a><\/p>\n<p><a href=\"https:\/\/agora.xtec.cat\/ins-sagulla\/wp-content\/uploads\/usu2114\/2023\/05\/IMG_20230511_111841-scaled.jpg\"><img loading=\"lazy\" decoding=\"async\" class=\"alignnone size-large wp-image-22822\" src=\"https:\/\/agora.xtec.cat\/ins-sagulla\/wp-content\/uploads\/usu2114\/2023\/05\/IMG_20230511_111841-768x1024.jpg\" alt=\"\" width=\"768\" height=\"1024\" srcset=\"https:\/\/agora.xtec.cat\/ins-sagulla\/wp-content\/uploads\/usu2114\/2023\/05\/IMG_20230511_111841-768x1024.jpg 768w, https:\/\/agora.xtec.cat\/ins-sagulla\/wp-content\/uploads\/usu2114\/2023\/05\/IMG_20230511_111841-225x300.jpg 225w, https:\/\/agora.xtec.cat\/ins-sagulla\/wp-content\/uploads\/usu2114\/2023\/05\/IMG_20230511_111841-1152x1536.jpg 1152w, https:\/\/agora.xtec.cat\/ins-sagulla\/wp-content\/uploads\/usu2114\/2023\/05\/IMG_20230511_111841-1536x2048.jpg 1536w, https:\/\/agora.xtec.cat\/ins-sagulla\/wp-content\/uploads\/usu2114\/2023\/05\/IMG_20230511_111841-scaled.jpg 1920w\" sizes=\"auto, (max-width: 768px) 100vw, 768px\" \/><\/a><\/p>\n","protected":false},"excerpt":{"rendered":"<p>El passat 11 de maig, una representaci\u00f3 dels alumnes de 3r i 4t que v\u00e0rem anar a Fran\u00e7a d&#8217;intercanvi van anar a explicar la seva experi\u00e8ncia a la r\u00e0dio instal\u00b7lada als Serveis Educatius II a Blanes.<br \/>\nGr\u00e0cies a aquesta oportunitat, van poder expressar les seves opinions&hellip;  <a href=\"https:\/\/agora.xtec.cat\/ins-sagulla\/general\/expliquem-lexperiencia-de-lintercanvi-a-la-radio\/\" title=\"Read Expliquem l&#8217;experi\u00e8ncia de l&#8217;intercanvi a la r\u00e0dio\">Llegeix m\u00e9s\u00bb<\/a><\/p>\n","protected":false},"author":1,"featured_media":22822,"comment_status":"open","ping_status":"closed","sticky":false,"template":"","format":"standard","meta":{"_bbp_topic_count":0,"_bbp_reply_count":0,"_bbp_total_topic_count":0,"_bbp_total_reply_count":0,"_bbp_voice_count":0,"_bbp_anonymous_reply_count":0,"_bbp_topic_count_hidden":0,"_bbp_reply_count_hidden":0,"_bbp_forum_subforum_count":0,"footnotes":""},"categories":[6,7,1,320,29,1038],"tags":[1117,969],"class_list":["post-22791","post","type-post","status-publish","format-standard","has-post-thumbnail","hentry","category-eso-3","category-eso-4","category-general","category-llegues-estrangeres","category-portada","category-projectes","tag-crp-la-selva-ii","tag-radio-blanes"],"post_mailing_queue_ids":[],"_links":{"self":[{"href":"https:\/\/agora.xtec.cat\/ins-sagulla\/wp-json\/wp\/v2\/posts\/22791","targetHints":{"allow":["GET"]}}],"collection":[{"href":"https:\/\/agora.xtec.cat\/ins-sagulla\/wp-json\/wp\/v2\/posts"}],"about":[{"href":"https:\/\/agora.xtec.cat\/ins-sagulla\/wp-json\/wp\/v2\/types\/post"}],"author":[{"embeddable":true,"href":"https:\/\/agora.xtec.cat\/ins-sagulla\/wp-json\/wp\/v2\/users\/1"}],"replies":[{"embeddable":true,"href":"https:\/\/agora.xtec.cat\/ins-sagulla\/wp-json\/wp\/v2\/comments?post=22791"}],"version-history":[{"count":3,"href":"https:\/\/agora.xtec.cat\/ins-sagulla\/wp-json\/wp\/v2\/posts\/22791\/revisions"}],"predecessor-version":[{"id":22861,"href":"https:\/\/agora.xtec.cat\/ins-sagulla\/wp-json\/wp\/v2\/posts\/22791\/revisions\/22861"}],"wp:featuredmedia":[{"embeddable":true,"href":"https:\/\/agora.xtec.cat\/ins-sagulla\/wp-json\/wp\/v2\/media\/22822"}],"wp:attachment":[{"href":"https:\/\/agora.xtec.cat\/ins-sagulla\/wp-json\/wp\/v2\/media?parent=22791"}],"wp:term":[{"taxonomy":"category","embeddable":true,"href":"https:\/\/agora.xtec.cat\/ins-sagulla\/wp-json\/wp\/v2\/categories?post=22791"},{"taxonomy":"post_tag","embeddable":true,"href":"https:\/\/agora.xtec.cat\/ins-sagulla\/wp-json\/wp\/v2\/tags?post=22791"}],"curies":[{"name":"wp","href":"https:\/\/api.w.org\/{rel}","templated":true}]}}