{"id":22690,"date":"2023-05-03T10:30:42","date_gmt":"2023-05-03T08:30:42","guid":{"rendered":"https:\/\/agora.xtec.cat\/ins-sagulla\/?p=22690"},"modified":"2023-05-03T10:31:05","modified_gmt":"2023-05-03T08:31:05","slug":"intercanvi-amb-el-lycee-victor-hugo-de-lunel","status":"publish","type":"post","link":"https:\/\/agora.xtec.cat\/ins-sagulla\/eso\/intercanvi-amb-el-lycee-victor-hugo-de-lunel\/","title":{"rendered":"Intercanvi amb el Lyc\u00e9e Victor Hugo de Lunel"},"content":{"rendered":"<p>La <strong>setmana del 17 al 21 d&#8217;abril<\/strong>, una dotzena d&#8217;alumnes de <strong>3rt i 4rt d&#8217;ESO de l&#8217;optativa de Franc\u00e8s<\/strong> juntament amb 2 professores vam participar a l&#8217;intercanvi entre l&#8217;Institut S&#8217;Agulla i el <strong>Lyc\u00e9e Victor Hugo de Lunel<\/strong>.<\/p>\n<p>Mesos abans, es van fer les <strong>parelles ling\u00fc\u00edstiques<\/strong> i vam treballar una s\u00e8rie d&#8217;activitats, de manera que quan vam arribar al centre franc\u00e8s, l&#8217;alumnat ja tenia una fam\u00edlia d&#8217;acollida.<\/p>\n<p>Durant el dia ens reun\u00edem al Lyc\u00e9e on s&#8217;explicaven les activitats que l&#8217;equip de professores franceses havia preparat i tot seguit cada parella ling\u00fc\u00edstica es posava a treballar: Una cursa d&#8217;orientaci\u00f3, visites guiades a Lunel preparades pels alumnes francesos, sessions de teatre improvisat, resoluci\u00f3 d&#8217;enigmes pel casc antic de Montpellier, visita al Mus\u00e9e Fabre, &#8230; I al vespre, cadasc\u00fa se n&#8217;anava a casa de la seva parella ling\u00fc\u00f1istica d&#8217;acollida on sopava amb companyia dels altres membres de la fam\u00edlia.<\/p>\n<p>Una experi\u00e8ncia tant acad\u00e8mica com personal molt recomanable i enriquidora que no oblidarem ni alumnes ni professores. Esperem que l&#8217;any sigueu m\u00e9s a participar-hi i us animeu a experimentar com \u00e9s la vida durant una setmana en una fam\u00ediia d&#8217;acollida francesa. \u00c0 la prochaine!<\/p>\n<p><a href=\"https:\/\/agora.xtec.cat\/ins-sagulla\/wp-content\/uploads\/usu2114\/2023\/05\/IMG_20230417_122324-scaled.jpg\"><img loading=\"lazy\" decoding=\"async\" class=\"alignnone size-large wp-image-22691\" src=\"https:\/\/agora.xtec.cat\/ins-sagulla\/wp-content\/uploads\/usu2114\/2023\/05\/IMG_20230417_122324-1024x768.jpg\" alt=\"\" width=\"1024\" height=\"768\" \/><\/a><\/p>\n","protected":false},"excerpt":{"rendered":"<p>La setmana del 17 al 21 d&#8217;abril, una dotzena d&#8217;alumnes de 3rt i 4rt d&#8217;ESO de l&#8217;optativa de Franc\u00e8s juntament amb 2 professores vam participar a l&#8217;intercanvi entre l&#8217;Institut S&#8217;Agulla i el Lyc\u00e9e Victor Hugo de Lunel.<br \/>\nMesos abans, es van fer les parelles ling\u00fc\u00edstiques i&hellip;  <a href=\"https:\/\/agora.xtec.cat\/ins-sagulla\/eso\/intercanvi-amb-el-lycee-victor-hugo-de-lunel\/\" title=\"Read Intercanvi amb el Lyc\u00e9e Victor Hugo de Lunel\">Llegeix m\u00e9s\u00bb<\/a><\/p>\n","protected":false},"author":1,"featured_media":22691,"comment_status":"open","ping_status":"closed","sticky":false,"template":"","format":"standard","meta":{"_bbp_topic_count":0,"_bbp_reply_count":0,"_bbp_total_topic_count":0,"_bbp_total_reply_count":0,"_bbp_voice_count":0,"_bbp_anonymous_reply_count":0,"_bbp_topic_count_hidden":0,"_bbp_reply_count_hidden":0,"_bbp_forum_subforum_count":0,"footnotes":""},"categories":[3,6,7,320,29],"tags":[1217,358,1216],"class_list":["post-22690","post","type-post","status-publish","format-standard","has-post-thumbnail","hentry","category-eso","category-eso-3","category-eso-4","category-llegues-estrangeres","category-portada","tag-franca","tag-frances","tag-intercanvi"],"post_mailing_queue_ids":[],"_links":{"self":[{"href":"https:\/\/agora.xtec.cat\/ins-sagulla\/wp-json\/wp\/v2\/posts\/22690","targetHints":{"allow":["GET"]}}],"collection":[{"href":"https:\/\/agora.xtec.cat\/ins-sagulla\/wp-json\/wp\/v2\/posts"}],"about":[{"href":"https:\/\/agora.xtec.cat\/ins-sagulla\/wp-json\/wp\/v2\/types\/post"}],"author":[{"embeddable":true,"href":"https:\/\/agora.xtec.cat\/ins-sagulla\/wp-json\/wp\/v2\/users\/1"}],"replies":[{"embeddable":true,"href":"https:\/\/agora.xtec.cat\/ins-sagulla\/wp-json\/wp\/v2\/comments?post=22690"}],"version-history":[{"count":1,"href":"https:\/\/agora.xtec.cat\/ins-sagulla\/wp-json\/wp\/v2\/posts\/22690\/revisions"}],"predecessor-version":[{"id":22692,"href":"https:\/\/agora.xtec.cat\/ins-sagulla\/wp-json\/wp\/v2\/posts\/22690\/revisions\/22692"}],"wp:featuredmedia":[{"embeddable":true,"href":"https:\/\/agora.xtec.cat\/ins-sagulla\/wp-json\/wp\/v2\/media\/22691"}],"wp:attachment":[{"href":"https:\/\/agora.xtec.cat\/ins-sagulla\/wp-json\/wp\/v2\/media?parent=22690"}],"wp:term":[{"taxonomy":"category","embeddable":true,"href":"https:\/\/agora.xtec.cat\/ins-sagulla\/wp-json\/wp\/v2\/categories?post=22690"},{"taxonomy":"post_tag","embeddable":true,"href":"https:\/\/agora.xtec.cat\/ins-sagulla\/wp-json\/wp\/v2\/tags?post=22690"}],"curies":[{"name":"wp","href":"https:\/\/api.w.org\/{rel}","templated":true}]}}