{"id":2249,"date":"2021-03-01T08:30:31","date_gmt":"2021-03-01T07:30:31","guid":{"rendered":"https:\/\/agora.xtec.cat\/ins-sagulla\/?p=2249"},"modified":"2021-03-01T12:17:58","modified_gmt":"2021-03-01T11:17:58","slug":"sortida-al-castell-de-palafolls","status":"publish","type":"post","link":"https:\/\/agora.xtec.cat\/ins-sagulla\/general\/sortida-al-castell-de-palafolls\/","title":{"rendered":"Sortida al Castell de Palafolls"},"content":{"rendered":"<p>Els quatre grups de 2n ESO van fer, el passat 19 de febrer, una nova sortida, en aquesta ocasi\u00f3 al <strong>Castell de Palafolls<\/strong>.<\/p>\n<p>Aquesta activitat a l&#8217;<strong>aire lliure<\/strong> s&#8217;ha organitzat des de la mat\u00e8ria de Tutoria i t\u00e9 per objectius <strong>con\u00e8ixer l&#8217;entorn<\/strong> i treballar, tamb\u00e9 fora de l&#8217;aula, la import\u00e0ncia dels <strong>valors<\/strong>.<\/p>\n<p>Els alumnes han esmorzat al voltant del castell i despr\u00e9s han fet diferents jocs i <strong>esports col\u00b7lectius<\/strong> en l&#8217;espai situat entre la pla\u00e7a, el camp de futbol i el parc de gespa de <strong>Palafolls<\/strong>. Tot s&#8217;ha desenvolupat dins de l&#8217;horari lectiu.<\/p>\n<p>Llisca cap a la dreta per veure les fotos dels diferents grups de 2n.<\/p>\n\r\n\t<div class=\"slideshow_container slideshow_container_style-light\" style=\"height: 600px; \" data-slideshow-id=\"2256\" data-style-name=\"style-light\" data-style-version=\"2.3.1\" >\r\n\r\n\t\t\t\t\t<div class=\"slideshow_loading_icon\"><\/div>\r\n\t\t\r\n\t\t<div class=\"slideshow_content\" style=\"display: none;\">\r\n\r\n\t\t\t<div class=\"slideshow_view\">\r\n\t\t\t\t<div class=\"slideshow_slide slideshow_slide_image\">\r\n\t\t\t\t\t\t\t\t\t\t\t<img src=\"https:\/\/agora.xtec.cat\/ins-sagulla\/wp-content\/uploads\/usu2114\/2021\/02\/IMG-20210219-WA0020-1.jpg\" alt=\"IMG-20210219-WA0020 (1)\" width=\"1600\" height=\"1200\" \/>\r\n\t\t\t\t\t\t\t\t\t\t<div class=\"slideshow_description_box slideshow_transparent\">\r\n\t\t\t\t\t\t<div class=\"slideshow_title\">IMG-20210219-WA0020 (1)<\/div>\t\t\t\t\t\t\t\t\t\t\t<\/div>\r\n\t\t\t\t<\/div>\r\n\r\n\t\t\t\t\t\t<div style=\"clear: both;\"><\/div><\/div><div class=\"slideshow_view\">\r\n\t\t\t\t<div class=\"slideshow_slide slideshow_slide_image\">\r\n\t\t\t\t\t\t\t\t\t\t\t<img src=\"https:\/\/agora.xtec.cat\/ins-sagulla\/wp-content\/uploads\/usu2114\/2021\/02\/IMG-20210219-WA0018-1.jpg\" alt=\"IMG-20210219-WA0018 (1)\" width=\"1600\" height=\"1200\" \/>\r\n\t\t\t\t\t\t\t\t\t\t<div class=\"slideshow_description_box slideshow_transparent\">\r\n\t\t\t\t\t\t<div class=\"slideshow_title\">IMG-20210219-WA0018 (1)<\/div>\t\t\t\t\t\t\t\t\t\t\t<\/div>\r\n\t\t\t\t<\/div>\r\n\r\n\t\t\t\t\t\t<div style=\"clear: both;\"><\/div><\/div><div class=\"slideshow_view\">\r\n\t\t\t\t<div class=\"slideshow_slide slideshow_slide_image\">\r\n\t\t\t\t\t\t\t\t\t\t\t<img src=\"https:\/\/agora.xtec.cat\/ins-sagulla\/wp-content\/uploads\/usu2114\/2021\/02\/IMG-20210219-WA0044-1-1.jpg\" alt=\"IMG-20210219-WA0044 (1)\" width=\"1600\" height=\"900\" \/>\r\n\t\t\t\t\t\t\t\t\t\t<div class=\"slideshow_description_box slideshow_transparent\">\r\n\t\t\t\t\t\t<div class=\"slideshow_title\">IMG-20210219-WA0044 (1)<\/div>\t\t\t\t\t\t\t\t\t\t\t<\/div>\r\n\t\t\t\t<\/div>\r\n\r\n\t\t\t\t\t\t<div style=\"clear: both;\"><\/div><\/div><div class=\"slideshow_view\">\r\n\t\t\t\t<div class=\"slideshow_slide slideshow_slide_image\">\r\n\t\t\t\t\t\t\t\t\t\t\t<img src=\"https:\/\/agora.xtec.cat\/ins-sagulla\/wp-content\/uploads\/usu2114\/2021\/02\/IMG-20210219-WA0016-1.jpg\" alt=\"IMG-20210219-WA0016 (1)\" width=\"1600\" height=\"1200\" \/>\r\n\t\t\t\t\t\t\t\t\t\t<div class=\"slideshow_description_box slideshow_transparent\">\r\n\t\t\t\t\t\t<div class=\"slideshow_title\">IMG-20210219-WA0016 (1)<\/div>\t\t\t\t\t\t\t\t\t\t\t<\/div>\r\n\t\t\t\t<\/div>\r\n\r\n\t\t\t\t\t\t<div style=\"clear: both;\"><\/div><\/div>\r\n\t\t<\/div>\r\n\r\n\t\t<div class=\"slideshow_controlPanel slideshow_transparent\" style=\"display: none;\"><ul><li class=\"slideshow_togglePlay\" data-play-text=\"Visualitza\" data-pause-text=\"Pausa\"><\/li><\/ul><\/div>\r\n\r\n\t\t<div class=\"slideshow_button slideshow_previous slideshow_transparent\" role=\"button\" data-previous-text=\"Anterior\" style=\"display: none;\"><\/div>\r\n\t\t<div class=\"slideshow_button slideshow_next slideshow_transparent\" role=\"button\" data-next-text=\"Seg\u00fcent\" style=\"display: none;\"><\/div>\r\n\r\n\t\t<div class=\"slideshow_pagination\" style=\"display: none;\" data-go-to-text=\"V\u00e9s a la diapositiva\"><div class=\"slideshow_pagination_center\"><\/div><\/div>\r\n\r\n\t\t<!-- WordPress Slideshow Version 2.3.1 -->\r\n\r\n\t\t\t<\/div>\r\n\r\n\n","protected":false},"excerpt":{"rendered":"<p>Els quatre grups de 2n ESO van fer, el passat 19 de febrer, una nova sortida, en aquesta ocasi\u00f3 al Castell de Palafolls.<br \/>\nAquesta activitat a l&#8217;aire lliure s&#8217;ha organitzat des de la mat\u00e8ria de Tutoria i t\u00e9 per objectius con\u00e8ixer l&#8217;entorn i treballar, tamb\u00e9 fora&hellip;  <a href=\"https:\/\/agora.xtec.cat\/ins-sagulla\/general\/sortida-al-castell-de-palafolls\/\" title=\"Read Sortida al Castell de Palafolls\">Llegeix m\u00e9s\u00bb<\/a><\/p>\n","protected":false},"author":86,"featured_media":2250,"comment_status":"open","ping_status":"closed","sticky":false,"template":"","format":"standard","meta":{"_bbp_topic_count":0,"_bbp_reply_count":0,"_bbp_total_topic_count":0,"_bbp_total_reply_count":0,"_bbp_voice_count":0,"_bbp_anonymous_reply_count":0,"_bbp_topic_count_hidden":0,"_bbp_reply_count_hidden":0,"_bbp_forum_subforum_count":0,"footnotes":""},"categories":[3,5,1,29],"tags":[412,413,414,292,237,423],"class_list":["post-2249","post","type-post","status-publish","format-standard","has-post-thumbnail","hentry","category-eso","category-eso-2","category-general","category-portada","tag-castell-de-palafolls","tag-coneixement-de-lentorn","tag-conviure","tag-natura","tag-sortida","tag-valors"],"post_mailing_queue_ids":[],"_links":{"self":[{"href":"https:\/\/agora.xtec.cat\/ins-sagulla\/wp-json\/wp\/v2\/posts\/2249","targetHints":{"allow":["GET"]}}],"collection":[{"href":"https:\/\/agora.xtec.cat\/ins-sagulla\/wp-json\/wp\/v2\/posts"}],"about":[{"href":"https:\/\/agora.xtec.cat\/ins-sagulla\/wp-json\/wp\/v2\/types\/post"}],"author":[{"embeddable":true,"href":"https:\/\/agora.xtec.cat\/ins-sagulla\/wp-json\/wp\/v2\/users\/86"}],"replies":[{"embeddable":true,"href":"https:\/\/agora.xtec.cat\/ins-sagulla\/wp-json\/wp\/v2\/comments?post=2249"}],"version-history":[{"count":3,"href":"https:\/\/agora.xtec.cat\/ins-sagulla\/wp-json\/wp\/v2\/posts\/2249\/revisions"}],"predecessor-version":[{"id":2324,"href":"https:\/\/agora.xtec.cat\/ins-sagulla\/wp-json\/wp\/v2\/posts\/2249\/revisions\/2324"}],"wp:featuredmedia":[{"embeddable":true,"href":"https:\/\/agora.xtec.cat\/ins-sagulla\/wp-json\/wp\/v2\/media\/2250"}],"wp:attachment":[{"href":"https:\/\/agora.xtec.cat\/ins-sagulla\/wp-json\/wp\/v2\/media?parent=2249"}],"wp:term":[{"taxonomy":"category","embeddable":true,"href":"https:\/\/agora.xtec.cat\/ins-sagulla\/wp-json\/wp\/v2\/categories?post=2249"},{"taxonomy":"post_tag","embeddable":true,"href":"https:\/\/agora.xtec.cat\/ins-sagulla\/wp-json\/wp\/v2\/tags?post=2249"}],"curies":[{"name":"wp","href":"https:\/\/api.w.org\/{rel}","templated":true}]}}