{"id":22427,"date":"2023-03-24T11:10:48","date_gmt":"2023-03-24T10:10:48","guid":{"rendered":"https:\/\/agora.xtec.cat\/ins-sagulla\/?p=22427"},"modified":"2023-03-24T12:12:20","modified_gmt":"2023-03-24T11:12:20","slug":"xxix-edicio-del-concurs-literari-de-sant-jordi","status":"publish","type":"post","link":"https:\/\/agora.xtec.cat\/ins-sagulla\/general\/xxix-edicio-del-concurs-literari-de-sant-jordi\/","title":{"rendered":"XXIX Edici\u00f3 del concurs literari de Sant Jordi"},"content":{"rendered":"<p>Ets una persona creativa? Tens escrits al bloc de notes del m\u00f2bil? \u00c9s el moment de mostrar el teu talent \ud83d\ude01, participant en el <strong>concurs literari de Sant Jordi<\/strong>.<\/p>\n<p>Pots triar presentar-te en els diversos g\u00e8neres:<\/p>\n<ul>\n<li>prosa<\/li>\n<li>poesia<\/li>\n<li>c\u00f2mic<\/li>\n<li>cartellisme<\/li>\n<\/ul>\n<p>Ho pots fer en la llengua que m\u00e9s c\u00f2mode et sentis creant: catal\u00e0, castell\u00e0, angl\u00e8s o franc\u00e8s.<\/p>\n<p>El tema \u00e9s totalment <strong>lliure<\/strong> i es valorar\u00e0 sobretot la qualitat art\u00edstica i correcci\u00f3 ling\u00fc\u00edstica.<\/p>\n<p>El termini m\u00e0xim de lliurament dels treballs ser\u00e0 el dia <strong>12 d\u2019abril de 2023<\/strong>.<\/p>\n<p>Els\/les premiats\/ades s\u2019anunciaran durant la jornada de <strong>Sant Jordi<\/strong> de l\u2019Institut, el <strong>dia 21 d\u2019abril de 2023.<\/strong><\/p>\n<p>Podr\u00e0s guanyar un val de 20 euros per gastar a la llibreria RB3 o al Decathlon.<\/p>\n<p>PARTICIPA-HI!<\/p>\n<p><a href=\"https:\/\/agora.xtec.cat\/ins-sagulla\/wp-content\/uploads\/usu2114\/2023\/03\/CARTELL-SANT-JORDI.INS_.SAGULLA_20230303_084511-1_page-0001.jpg\"><img loading=\"lazy\" decoding=\"async\" class=\"alignnone size-large wp-image-22433\" src=\"https:\/\/agora.xtec.cat\/ins-sagulla\/wp-content\/uploads\/usu2114\/2023\/03\/CARTELL-SANT-JORDI.INS_.SAGULLA_20230303_084511-1_page-0001-724x1024.jpg\" alt=\"\" width=\"724\" height=\"1024\" srcset=\"https:\/\/agora.xtec.cat\/ins-sagulla\/wp-content\/uploads\/usu2114\/2023\/03\/CARTELL-SANT-JORDI.INS_.SAGULLA_20230303_084511-1_page-0001-724x1024.jpg 724w, https:\/\/agora.xtec.cat\/ins-sagulla\/wp-content\/uploads\/usu2114\/2023\/03\/CARTELL-SANT-JORDI.INS_.SAGULLA_20230303_084511-1_page-0001-212x300.jpg 212w, https:\/\/agora.xtec.cat\/ins-sagulla\/wp-content\/uploads\/usu2114\/2023\/03\/CARTELL-SANT-JORDI.INS_.SAGULLA_20230303_084511-1_page-0001-768x1087.jpg 768w, https:\/\/agora.xtec.cat\/ins-sagulla\/wp-content\/uploads\/usu2114\/2023\/03\/CARTELL-SANT-JORDI.INS_.SAGULLA_20230303_084511-1_page-0001.jpg 800w\" sizes=\"auto, (max-width: 724px) 100vw, 724px\" \/><\/a><\/p>\n<p>M\u00e9s informaci\u00f3 a les bases el concurs:<\/p>\n<p><a href=\"https:\/\/agora.xtec.cat\/ins-sagulla\/wp-content\/uploads\/usu2114\/2023\/03\/XXIX-Edicio-del-concurs-literari-de-Sant-Jordi.docx-2.pdf\">XXIX Edici\u00f3 del concurs literari de Sant Jordi.docx (2)<\/a><\/p>\n<p>&nbsp;<\/p>\n","protected":false},"excerpt":{"rendered":"<p>Ets una persona creativa? Tens escrits al bloc de notes del m\u00f2bil? \u00c9s el moment de mostrar el teu talent \ud83d\ude01, participant en el concurs literari de Sant Jordi.<br \/>\nPots triar presentar-te en els diversos g\u00e8neres:<\/p>\n<ul>\n<li>prosa<\/li>\n<li>poesia<\/li>\n<li>c\u00f2mic<\/li>\n<li>cartellisme<\/li>\n<\/ul>\n<p>Ho pots fer en la llengua que m\u00e9s c\u00f2mode et sentis&hellip;  <a href=\"https:\/\/agora.xtec.cat\/ins-sagulla\/general\/xxix-edicio-del-concurs-literari-de-sant-jordi\/\" title=\"Read XXIX Edici\u00f3 del concurs literari de Sant Jordi\">Llegeix m\u00e9s\u00bb<\/a><\/p>\n","protected":false},"author":1,"featured_media":22433,"comment_status":"open","ping_status":"closed","sticky":false,"template":"","format":"standard","meta":{"_bbp_topic_count":0,"_bbp_reply_count":0,"_bbp_total_topic_count":0,"_bbp_total_reply_count":0,"_bbp_voice_count":0,"_bbp_anonymous_reply_count":0,"_bbp_topic_count_hidden":0,"_bbp_reply_count_hidden":0,"_bbp_forum_subforum_count":0,"footnotes":""},"categories":[695,1039,363,750,1,310,309,320,29,431],"tags":[1201,520,1200,481,38],"class_list":["post-22427","post","type-post","status-publish","format-standard","has-post-thumbnail","hentry","category-alumnat","category-biblio-sagulla","category-biblioteca","category-concurs","category-general","category-llengua-castellana","category-llengua-catalana","category-llegues-estrangeres","category-portada","category-reconeixements-i-concursos","tag-concursos","tag-literatura","tag-llengua","tag-poesia","tag-sant-jordi"],"post_mailing_queue_ids":[],"_links":{"self":[{"href":"https:\/\/agora.xtec.cat\/ins-sagulla\/wp-json\/wp\/v2\/posts\/22427","targetHints":{"allow":["GET"]}}],"collection":[{"href":"https:\/\/agora.xtec.cat\/ins-sagulla\/wp-json\/wp\/v2\/posts"}],"about":[{"href":"https:\/\/agora.xtec.cat\/ins-sagulla\/wp-json\/wp\/v2\/types\/post"}],"author":[{"embeddable":true,"href":"https:\/\/agora.xtec.cat\/ins-sagulla\/wp-json\/wp\/v2\/users\/1"}],"replies":[{"embeddable":true,"href":"https:\/\/agora.xtec.cat\/ins-sagulla\/wp-json\/wp\/v2\/comments?post=22427"}],"version-history":[{"count":3,"href":"https:\/\/agora.xtec.cat\/ins-sagulla\/wp-json\/wp\/v2\/posts\/22427\/revisions"}],"predecessor-version":[{"id":22438,"href":"https:\/\/agora.xtec.cat\/ins-sagulla\/wp-json\/wp\/v2\/posts\/22427\/revisions\/22438"}],"wp:featuredmedia":[{"embeddable":true,"href":"https:\/\/agora.xtec.cat\/ins-sagulla\/wp-json\/wp\/v2\/media\/22433"}],"wp:attachment":[{"href":"https:\/\/agora.xtec.cat\/ins-sagulla\/wp-json\/wp\/v2\/media?parent=22427"}],"wp:term":[{"taxonomy":"category","embeddable":true,"href":"https:\/\/agora.xtec.cat\/ins-sagulla\/wp-json\/wp\/v2\/categories?post=22427"},{"taxonomy":"post_tag","embeddable":true,"href":"https:\/\/agora.xtec.cat\/ins-sagulla\/wp-json\/wp\/v2\/tags?post=22427"}],"curies":[{"name":"wp","href":"https:\/\/api.w.org\/{rel}","templated":true}]}}