{"id":22387,"date":"2023-03-20T18:15:54","date_gmt":"2023-03-20T17:15:54","guid":{"rendered":"https:\/\/agora.xtec.cat\/ins-sagulla\/?p=22387"},"modified":"2023-03-22T10:59:42","modified_gmt":"2023-03-22T09:59:42","slug":"nova-oferta-formativa-pel-curs-vinent-a-linstitut","status":"publish","type":"post","link":"https:\/\/agora.xtec.cat\/ins-sagulla\/general\/nova-oferta-formativa-pel-curs-vinent-a-linstitut\/","title":{"rendered":"Nova oferta formativa pel curs vinent a l&#8217;Institut"},"content":{"rendered":"<p>Tenim moltes ganes d&#8217;anunciar-vos que el curs 2023\/2024 l&#8217;Institut S&#8217;Agulla oferir\u00e0 el <strong>grau mitj\u00e0<\/strong> de <strong>Formaci\u00f3 Professional<\/strong> en <strong>Farm\u00e0cia i Parafarm\u00e0cia<\/strong>.<\/p>\n<p><a href=\"https:\/\/agora.xtec.cat\/ins-sagulla\/wp-content\/uploads\/usu2114\/2023\/03\/FPGM-FPGS-Sanitat.png\"><img loading=\"lazy\" decoding=\"async\" class=\"alignnone wp-image-22392\" src=\"https:\/\/agora.xtec.cat\/ins-sagulla\/wp-content\/uploads\/usu2114\/2023\/03\/FPGM-FPGS-Sanitat.png\" alt=\"\" width=\"225\" height=\"169\" srcset=\"https:\/\/agora.xtec.cat\/ins-sagulla\/wp-content\/uploads\/usu2114\/2023\/03\/FPGM-FPGS-Sanitat.png 380w, https:\/\/agora.xtec.cat\/ins-sagulla\/wp-content\/uploads\/usu2114\/2023\/03\/FPGM-FPGS-Sanitat-300x225.png 300w, https:\/\/agora.xtec.cat\/ins-sagulla\/wp-content\/uploads\/usu2114\/2023\/03\/FPGM-FPGS-Sanitat-200x150.png 200w\" sizes=\"auto, (max-width: 225px) 100vw, 225px\" \/><\/a><\/p>\n<p><em>Aquests estudis postobligatoris capaciten per ajudar a elaborar i distribuir productes farmac\u00e8utics i afins; vendre productes parafarmac\u00e8utics i portar a terme tasques administratives i de control de magatzem.<\/em><\/p>\n<p><em>Tenen una durada de 2.000 hores distribu\u00efdes en dos cursos acad\u00e8mics.<\/em><\/p>\n<p><em>Aquest estudi substitueix el cicle Farm\u00e0cia (LOGSE).<\/em><\/p>\n<p>Si voleu saber m\u00e9s informaci\u00f3, podeu consultar el <a href=\"https:\/\/triaeducativa.gencat.cat\/ca\/estudis\/?farmacia-parafarmacia&amp;p_id=111\">web<\/a> o donar un cop d&#8217;ull a la <a href=\"https:\/\/agora.xtec.cat\/ins-sagulla\/wp-content\/uploads\/usu2114\/2023\/03\/CFPM____SA20_CA.pdf\">fitxa de l&#8217;estudi<\/a>.<\/p>\n<p>&nbsp;<\/p>\n<p>&nbsp;<\/p>\n","protected":false},"excerpt":{"rendered":"<p>Tenim moltes ganes d&#8217;anunciar-vos que el curs 2023\/2024 l&#8217;Institut S&#8217;Agulla oferir\u00e0 el grau mitj\u00e0 de Formaci\u00f3 Professional en Farm\u00e0cia i Parafarm\u00e0cia.<br \/>\n<a href=\"https:\/\/agora.xtec.cat\/ins-sagulla\/wp-content\/uploads\/usu2114\/2023\/03\/FPGM-FPGS-Sanitat.png\"><\/a><br \/>\nAquests estudis postobligatoris capaciten per ajudar a elaborar i distribuir productes farmac\u00e8utics i afins; vendre productes parafarmac\u00e8utics i portar a terme tasques administratives i&hellip;  <a href=\"https:\/\/agora.xtec.cat\/ins-sagulla\/general\/nova-oferta-formativa-pel-curs-vinent-a-linstitut\/\" title=\"Read Nova oferta formativa pel curs vinent a l&#8217;Institut\">Llegeix m\u00e9s\u00bb<\/a><\/p>\n","protected":false},"author":1,"featured_media":22392,"comment_status":"open","ping_status":"closed","sticky":false,"template":"","format":"standard","meta":{"_bbp_topic_count":0,"_bbp_reply_count":0,"_bbp_total_topic_count":0,"_bbp_total_reply_count":0,"_bbp_voice_count":0,"_bbp_anonymous_reply_count":0,"_bbp_topic_count_hidden":0,"_bbp_reply_count_hidden":0,"_bbp_forum_subforum_count":0,"footnotes":""},"categories":[30,305,1,213,29,335],"tags":[179,1191,440,104],"class_list":["post-22387","post","type-post","status-publish","format-standard","has-post-thumbnail","hentry","category-cicles-formatius","category-departaments","category-general","category-grau-mitja","category-portada","category-sanitat","tag-cfpm","tag-farmacia-i-parafarmacia","tag-formacio-professional","tag-sanitat"],"post_mailing_queue_ids":[],"_links":{"self":[{"href":"https:\/\/agora.xtec.cat\/ins-sagulla\/wp-json\/wp\/v2\/posts\/22387","targetHints":{"allow":["GET"]}}],"collection":[{"href":"https:\/\/agora.xtec.cat\/ins-sagulla\/wp-json\/wp\/v2\/posts"}],"about":[{"href":"https:\/\/agora.xtec.cat\/ins-sagulla\/wp-json\/wp\/v2\/types\/post"}],"author":[{"embeddable":true,"href":"https:\/\/agora.xtec.cat\/ins-sagulla\/wp-json\/wp\/v2\/users\/1"}],"replies":[{"embeddable":true,"href":"https:\/\/agora.xtec.cat\/ins-sagulla\/wp-json\/wp\/v2\/comments?post=22387"}],"version-history":[{"count":2,"href":"https:\/\/agora.xtec.cat\/ins-sagulla\/wp-json\/wp\/v2\/posts\/22387\/revisions"}],"predecessor-version":[{"id":22393,"href":"https:\/\/agora.xtec.cat\/ins-sagulla\/wp-json\/wp\/v2\/posts\/22387\/revisions\/22393"}],"wp:featuredmedia":[{"embeddable":true,"href":"https:\/\/agora.xtec.cat\/ins-sagulla\/wp-json\/wp\/v2\/media\/22392"}],"wp:attachment":[{"href":"https:\/\/agora.xtec.cat\/ins-sagulla\/wp-json\/wp\/v2\/media?parent=22387"}],"wp:term":[{"taxonomy":"category","embeddable":true,"href":"https:\/\/agora.xtec.cat\/ins-sagulla\/wp-json\/wp\/v2\/categories?post=22387"},{"taxonomy":"post_tag","embeddable":true,"href":"https:\/\/agora.xtec.cat\/ins-sagulla\/wp-json\/wp\/v2\/tags?post=22387"}],"curies":[{"name":"wp","href":"https:\/\/api.w.org\/{rel}","templated":true}]}}