{"id":22313,"date":"2023-03-20T08:34:58","date_gmt":"2023-03-20T07:34:58","guid":{"rendered":"https:\/\/agora.xtec.cat\/ins-sagulla\/?p=22313"},"modified":"2023-03-20T15:17:35","modified_gmt":"2023-03-20T14:17:35","slug":"no-et-fumis-la-salut-de-la-fundacio-oncolliga-de-girona","status":"publish","type":"post","link":"https:\/\/agora.xtec.cat\/ins-sagulla\/general\/no-et-fumis-la-salut-de-la-fundacio-oncolliga-de-girona\/","title":{"rendered":"NO ET FUMIS LA SALUT de la Fundaci\u00f3 Oncolliga de Girona"},"content":{"rendered":"<p>Aquest trimestre l&#8217;alumnat de 1r d&#8217;ESO participa al programa de prevenci\u00f3 del consum del tabac en joves &#8220;NO ET FUMIS LA SALUT&#8221;, organitzada per la <strong>Fundaci\u00f3 Oncolliga Girona<\/strong>.<\/p>\n<p>La primera sessi\u00f3 va consistir en respondre un q\u00fcestionari sobre el tabac i en fer una activitat relacionada amb els mites sobre el seu consum. Com per exemple: <em>Fumar est\u00e0 de moda.<\/em><\/p>\n<p>La segona sessi\u00f3 ha consistit en una xerrada impartida per la Fundaci\u00f3 Oncolliga Girona sobre els efectes nocius del tabac i per resoldre dubtes.<\/p>\n<p>I l&#8217;\u00faltima sessi\u00f3 consistir\u00e0 en gravar i editar un v\u00eddeo per participar al concurs NO ET FUMIS LA SALUT, un concurs per conscienciar als joves i dir no al tabac.<\/p>\n<p>Aqu\u00ed podeu veure algunes imatges de la xerrada, quan tinguem els v\u00eddeos gravats i editats us els mostrarem \ud83d\ude09<\/p>\n<p><a href=\"https:\/\/agora.xtec.cat\/ins-sagulla\/wp-content\/uploads\/usu2114\/2023\/03\/IMG-0931.jpg\"><img loading=\"lazy\" decoding=\"async\" class=\"alignnone size-full wp-image-22362\" src=\"https:\/\/agora.xtec.cat\/ins-sagulla\/wp-content\/uploads\/usu2114\/2023\/03\/IMG-0931.jpg\" alt=\"\" width=\"1024\" height=\"768\" srcset=\"https:\/\/agora.xtec.cat\/ins-sagulla\/wp-content\/uploads\/usu2114\/2023\/03\/IMG-0931.jpg 1024w, https:\/\/agora.xtec.cat\/ins-sagulla\/wp-content\/uploads\/usu2114\/2023\/03\/IMG-0931-300x225.jpg 300w, https:\/\/agora.xtec.cat\/ins-sagulla\/wp-content\/uploads\/usu2114\/2023\/03\/IMG-0931-768x576.jpg 768w, https:\/\/agora.xtec.cat\/ins-sagulla\/wp-content\/uploads\/usu2114\/2023\/03\/IMG-0931-200x150.jpg 200w\" sizes=\"auto, (max-width: 1024px) 100vw, 1024px\" \/><\/a><\/p>\n<p><a href=\"https:\/\/agora.xtec.cat\/ins-sagulla\/wp-content\/uploads\/usu2114\/2023\/03\/IMG-0929.jpg\"><img loading=\"lazy\" decoding=\"async\" class=\"alignnone size-full wp-image-22360\" src=\"https:\/\/agora.xtec.cat\/ins-sagulla\/wp-content\/uploads\/usu2114\/2023\/03\/IMG-0929.jpg\" alt=\"\" width=\"1024\" height=\"768\" srcset=\"https:\/\/agora.xtec.cat\/ins-sagulla\/wp-content\/uploads\/usu2114\/2023\/03\/IMG-0929.jpg 1024w, https:\/\/agora.xtec.cat\/ins-sagulla\/wp-content\/uploads\/usu2114\/2023\/03\/IMG-0929-300x225.jpg 300w, https:\/\/agora.xtec.cat\/ins-sagulla\/wp-content\/uploads\/usu2114\/2023\/03\/IMG-0929-768x576.jpg 768w, https:\/\/agora.xtec.cat\/ins-sagulla\/wp-content\/uploads\/usu2114\/2023\/03\/IMG-0929-200x150.jpg 200w\" sizes=\"auto, (max-width: 1024px) 100vw, 1024px\" \/><\/a><\/p>\n<p><a href=\"https:\/\/agora.xtec.cat\/ins-sagulla\/wp-content\/uploads\/usu2114\/2023\/03\/IMG-0930.jpg\"><img loading=\"lazy\" decoding=\"async\" class=\"alignnone size-large wp-image-22361\" src=\"https:\/\/agora.xtec.cat\/ins-sagulla\/wp-content\/uploads\/usu2114\/2023\/03\/IMG-0930.jpg\" alt=\"\" width=\"1024\" height=\"768\" srcset=\"https:\/\/agora.xtec.cat\/ins-sagulla\/wp-content\/uploads\/usu2114\/2023\/03\/IMG-0930.jpg 1024w, https:\/\/agora.xtec.cat\/ins-sagulla\/wp-content\/uploads\/usu2114\/2023\/03\/IMG-0930-300x225.jpg 300w, https:\/\/agora.xtec.cat\/ins-sagulla\/wp-content\/uploads\/usu2114\/2023\/03\/IMG-0930-768x576.jpg 768w, https:\/\/agora.xtec.cat\/ins-sagulla\/wp-content\/uploads\/usu2114\/2023\/03\/IMG-0930-200x150.jpg 200w\" sizes=\"auto, (max-width: 1024px) 100vw, 1024px\" \/><\/a><\/p>\n","protected":false},"excerpt":{"rendered":"<p>Aquest trimestre l&#8217;alumnat de 1r d&#8217;ESO participa al programa de prevenci\u00f3 del consum del tabac en joves &#8220;NO ET FUMIS LA SALUT&#8221;, organitzada per la Fundaci\u00f3 Oncolliga Girona.<br \/>\nLa primera sessi\u00f3 va consistir en respondre un q\u00fcestionari sobre el tabac i en fer una activitat relacionada&hellip;  <a href=\"https:\/\/agora.xtec.cat\/ins-sagulla\/general\/no-et-fumis-la-salut-de-la-fundacio-oncolliga-de-girona\/\" title=\"Read NO ET FUMIS LA SALUT de la Fundaci\u00f3 Oncolliga de Girona\">Llegeix m\u00e9s\u00bb<\/a><\/p>\n","protected":false},"author":1,"featured_media":22362,"comment_status":"open","ping_status":"closed","sticky":false,"template":"","format":"standard","meta":{"_bbp_topic_count":0,"_bbp_reply_count":0,"_bbp_total_topic_count":0,"_bbp_total_reply_count":0,"_bbp_voice_count":0,"_bbp_anonymous_reply_count":0,"_bbp_topic_count_hidden":0,"_bbp_reply_count_hidden":0,"_bbp_forum_subforum_count":0,"footnotes":""},"categories":[3,4,1,1185,29,1038],"tags":[1186,1103,1187],"class_list":["post-22313","post","type-post","status-publish","format-standard","has-post-thumbnail","hentry","category-eso","category-eso-1","category-general","category-no-et-fumis-la-salut","category-portada","category-projectes","tag-oncolliga-girona","tag-prevencio","tag-tabac"],"post_mailing_queue_ids":[],"_links":{"self":[{"href":"https:\/\/agora.xtec.cat\/ins-sagulla\/wp-json\/wp\/v2\/posts\/22313","targetHints":{"allow":["GET"]}}],"collection":[{"href":"https:\/\/agora.xtec.cat\/ins-sagulla\/wp-json\/wp\/v2\/posts"}],"about":[{"href":"https:\/\/agora.xtec.cat\/ins-sagulla\/wp-json\/wp\/v2\/types\/post"}],"author":[{"embeddable":true,"href":"https:\/\/agora.xtec.cat\/ins-sagulla\/wp-json\/wp\/v2\/users\/1"}],"replies":[{"embeddable":true,"href":"https:\/\/agora.xtec.cat\/ins-sagulla\/wp-json\/wp\/v2\/comments?post=22313"}],"version-history":[{"count":3,"href":"https:\/\/agora.xtec.cat\/ins-sagulla\/wp-json\/wp\/v2\/posts\/22313\/revisions"}],"predecessor-version":[{"id":22368,"href":"https:\/\/agora.xtec.cat\/ins-sagulla\/wp-json\/wp\/v2\/posts\/22313\/revisions\/22368"}],"wp:featuredmedia":[{"embeddable":true,"href":"https:\/\/agora.xtec.cat\/ins-sagulla\/wp-json\/wp\/v2\/media\/22362"}],"wp:attachment":[{"href":"https:\/\/agora.xtec.cat\/ins-sagulla\/wp-json\/wp\/v2\/media?parent=22313"}],"wp:term":[{"taxonomy":"category","embeddable":true,"href":"https:\/\/agora.xtec.cat\/ins-sagulla\/wp-json\/wp\/v2\/categories?post=22313"},{"taxonomy":"post_tag","embeddable":true,"href":"https:\/\/agora.xtec.cat\/ins-sagulla\/wp-json\/wp\/v2\/tags?post=22313"}],"curies":[{"name":"wp","href":"https:\/\/api.w.org\/{rel}","templated":true}]}}