{"id":22204,"date":"2023-03-01T13:12:32","date_gmt":"2023-03-01T12:12:32","guid":{"rendered":"https:\/\/agora.xtec.cat\/ins-sagulla\/?p=22204"},"modified":"2023-03-01T13:12:32","modified_gmt":"2023-03-01T12:12:32","slug":"participem-a-lolimpiada-de-filosofia","status":"publish","type":"post","link":"https:\/\/agora.xtec.cat\/ins-sagulla\/general\/participem-a-lolimpiada-de-filosofia\/","title":{"rendered":"PARTICIPEM A L\u2019OLIMP\u00cdADA DE FILOSOFIA!"},"content":{"rendered":"<p>La Irene Almendros i en Pau Rello (4t d\u2019ESO) i la M\u00edriam Garc\u00eda (2n de Batxillerat) han estat els representants del nostre institut a l\u2019<strong>Olimp\u00edada de Filosofia de Catalunya<\/strong>.<\/p>\n<p>L&#8217;<a href=\"http:\/\/La Irene Almendros i en Pau Rello (4t d\u2019ESO) i la Miriam Garc\u00eda (2n de Batxillerat) han estat els representants del S\u2019Agulla a l\u2019Olimp\u00edada de Filosofia de Catalunya. L&amp;#39;olimp\u00edada de Filosofia de Catalunya\u00a0https:\/\/blocs.xtec.cat\/filolimp\/ \u00e9s una activitat de la Societat Catalana de Filosofia, filial de l&amp;#39;Institut d&amp;#39;Estudis Catalans. L&amp;#39;olimp\u00edada compta amb la col\u00b7laboraci\u00f3 d&amp;#39;entitats i institucions de l&amp;#39;\u00e0mbit universitari i de la cultura: UB, UAB, UdG, URV, etc., i t\u00e9 la finalitat de promoure el desenvolupament de compet\u00e8ncies pr\u00f2pies de la filosofia: q\u00fcestionar-se i usar l&amp;#39;argumentaci\u00f3 per superar prejudicis i consolidar pensament propi, identificar els aspectes \u00e8tics de cada situaci\u00f3 i donar-hi respostes adients i perfectament innovadores\u00a0i capacitat de conceptualitzar, d&amp;#39;argumentar, de problematitzar i d&amp;#39;an\u00e0lisi cr\u00edtica. Per tant, l&amp;#39;objectiu principal \u00e9s el de fomentar el desenvolupament del pensament propi i la creativitat de l&amp;#39;alumnat a partir d&amp;#39;un tema o q\u00fcesti\u00f3 filos\u00f2fica amb un enfocament contemporani. El tema de l&amp;#39;edici\u00f3 d&amp;#39;enguany ha estat Fronteres i just\u00edcia global: poden ser justes les fronteres? Un m\u00f3n sense fronteres seria un m\u00f3n m\u00e9s just? Hi ha guerres justes? S\u00f3n compatibles les fronteres amb els drets humans? En Pau ha participat en la modalitat dilema moral desenvolupada de manera presencial a la UdG, a la Facultat de Lletres, Campus Barri Vell. La prova va consistir en la resoluci\u00f3 d\u2019un dilema: una an\u00e0lisi i una argumentaci\u00f3 moral al voltant d\u2019una q\u00fcesti\u00f3 relacionada amb el tema. La Irene i la M\u00edriam han participat en la modalitat fotografia filos\u00f2fica. Van presentar dues fotografies originals, d\u2019auditoria individual i centrades en el tema. Les fotografies inclouen de forma visible una pregunta de car\u00e0cter filos\u00f2fic relacionada i que interactua amb la imatge. L\u2019alumnat que passi a la seg\u00fcent fase, haur\u00e0 de fer una defensa oral p\u00fablica davant d\u2019un tribunal. En aquest sentit, desitgem molta sort a tots els participants i manifestar el nostre agra\u00efment per la seva iniciativa i el seu treball. Enhorabona fil\u00f2sof i fil\u00f2sofes!\">Olimp\u00edada de Filosofia de Catalunya <\/a>\u00e9s una activitat de la Societat Catalana de Filosofia, filial de l&#8217;Institut d&#8217;Estudis Catalans. L&#8217;olimp\u00edada<br \/>\ncompta amb la col\u00b7laboraci\u00f3 d&#8217;entitats i institucions de l&#8217;\u00e0mbit universitari i de la cultura: UB, UAB, UdG, URV, etc.<\/p>\n<p>T\u00e9 la finalitat de promoure el desenvolupament de compet\u00e8ncies pr\u00f2pies de la filosofia: q\u00fcestionar-se i usar l&#8217;argumentaci\u00f3 per superar<br \/>\nprejudicis i consolidar pensament propi, identificar els aspectes \u00e8tics de cada situaci\u00f3 i donar-hi respostes adients i perfectament innovadores i capacitat de conceptualitzar, d&#8217;argumentar, de problematitzar i d&#8217;an\u00e0lisi cr\u00edtica. Per tant, l&#8217;objectiu principal \u00e9s el de<br \/>\nfomentar el desenvolupament del pensament propi i la creativitat de l&#8217;alumnat a partir d&#8217;un tema o q\u00fcesti\u00f3 filos\u00f2fica amb un enfocament contemporani.<\/p>\n<p>El tema de l&#8217;edici\u00f3 d&#8217;enguany ha estat<strong> Fronteres i just\u00edcia global:<\/strong> poden ser justes les fronteres? Un m\u00f3n sense fronteres seria un m\u00f3n m\u00e9s just? Hi ha guerres justes? S\u00f3n compatibles les fronteres amb els drets humans?<\/p>\n<p>En<strong> Pau Rello<\/strong> ha participat en la modalitat dilema moral desenvolupada de manera presencial a la UdG, a la Facultat de Lletres del Campus Barri Vell. La prova va consistir en la resoluci\u00f3 d\u2019un dilema: una an\u00e0lisi i una argumentaci\u00f3 moral al voltant d\u2019una q\u00fcesti\u00f3 relacionada amb el tema.<\/p>\n<p>La <strong>Irene i la M\u00edriam<\/strong> han participat en la modalitat fotografia filos\u00f2fica. Van presentar dues fotografies originals, d\u2019auditoria individual i centrades en el tema. Les fotografies inclouen de forma visible una pregunta de car\u00e0cter filos\u00f2fic relacionada i que interactua amb la imatge.<\/p>\n<p><a href=\"https:\/\/agora.xtec.cat\/ins-sagulla\/wp-content\/uploads\/usu2114\/2023\/02\/IRENE-ALMENDROS.jpg\"><img loading=\"lazy\" decoding=\"async\" class=\"alignnone size-large wp-image-22205\" src=\"https:\/\/agora.xtec.cat\/ins-sagulla\/wp-content\/uploads\/usu2114\/2023\/02\/IRENE-ALMENDROS-768x1024.jpg\" alt=\"\" width=\"768\" height=\"1024\" srcset=\"https:\/\/agora.xtec.cat\/ins-sagulla\/wp-content\/uploads\/usu2114\/2023\/02\/IRENE-ALMENDROS-768x1025.jpg 768w, https:\/\/agora.xtec.cat\/ins-sagulla\/wp-content\/uploads\/usu2114\/2023\/02\/IRENE-ALMENDROS-225x300.jpg 225w, https:\/\/agora.xtec.cat\/ins-sagulla\/wp-content\/uploads\/usu2114\/2023\/02\/IRENE-ALMENDROS.jpg 1024w\" sizes=\"auto, (max-width: 768px) 100vw, 768px\" \/><\/a><\/p>\n<p><a href=\"https:\/\/agora.xtec.cat\/ins-sagulla\/wp-content\/uploads\/usu2114\/2023\/02\/MIRIAM-GARCIA.jpg\"><img loading=\"lazy\" decoding=\"async\" class=\"alignnone size-large wp-image-22206\" src=\"https:\/\/agora.xtec.cat\/ins-sagulla\/wp-content\/uploads\/usu2114\/2023\/02\/MIRIAM-GARCIA.jpg\" alt=\"\" width=\"1024\" height=\"794\" srcset=\"https:\/\/agora.xtec.cat\/ins-sagulla\/wp-content\/uploads\/usu2114\/2023\/02\/MIRIAM-GARCIA.jpg 1024w, https:\/\/agora.xtec.cat\/ins-sagulla\/wp-content\/uploads\/usu2114\/2023\/02\/MIRIAM-GARCIA-300x233.jpg 300w, https:\/\/agora.xtec.cat\/ins-sagulla\/wp-content\/uploads\/usu2114\/2023\/02\/MIRIAM-GARCIA-768x596.jpg 768w\" sizes=\"auto, (max-width: 1024px) 100vw, 1024px\" \/><\/a><\/p>\n<p>L\u2019alumnat que passi a la seg\u00fcent fase, haur\u00e0 de fer una defensa oral p\u00fablica davant d\u2019un tribunal. En aquest sentit, desitgem molta sort a tots els participants i manifestar el nostre agra\u00efment per la seva iniciativa i el seu treball.<\/p>\n<p>Enhorabona fil\u00f2sof i fil\u00f2sofes!<\/p>\n","protected":false},"excerpt":{"rendered":"<p>La Irene Almendros i en Pau Rello (4t d\u2019ESO) i la M\u00edriam Garc\u00eda (2n de Batxillerat) han estat els representants del nostre institut a l\u2019Olimp\u00edada de Filosofia de Catalunya.<br \/>\nL&#8217;<a href=\"http:\/\/La Irene Almendros i en Pau Rello (4t d\u2019ESO) i la Miriam Garc\u00eda (2n de Batxillerat)&hellip;  <a href=\"https:\/\/agora.xtec.cat\/ins-sagulla\/general\/participem-a-lolimpiada-de-filosofia\/\" title=\"Read PARTICIPEM A L\u2019OLIMP\u00cdADA DE FILOSOFIA!\">Llegeix m\u00e9s\u00bb<\/a><\/p>\n","protected":false},"author":1,"featured_media":22206,"comment_status":"closed","ping_status":"closed","sticky":false,"template":"","format":"standard","meta":{"_bbp_topic_count":0,"_bbp_reply_count":0,"_bbp_total_topic_count":0,"_bbp_total_reply_count":0,"_bbp_voice_count":0,"_bbp_anonymous_reply_count":0,"_bbp_topic_count_hidden":0,"_bbp_reply_count_hidden":0,"_bbp_forum_subforum_count":0,"footnotes":""},"categories":[338,8,30,671,5,6,7,1,214,321,29,159],"tags":[987,143,1165,907,1164,123,1166],"class_list":["post-22204","post","type-post","status-publish","format-standard","has-post-thumbnail","hentry","category-batx-2","category-batxillerat","category-cicles-formatius","category-equip-directiu","category-eso-2","category-eso-3","category-eso-4","category-general","category-grau-superior","category-orientacio","category-portada","category-pdc","tag-4rt-deso","tag-batxillerat","tag-drets-humans","tag-filosofia","tag-fronteres","tag-olimpiades","tag-universitat"],"post_mailing_queue_ids":[],"_links":{"self":[{"href":"https:\/\/agora.xtec.cat\/ins-sagulla\/wp-json\/wp\/v2\/posts\/22204","targetHints":{"allow":["GET"]}}],"collection":[{"href":"https:\/\/agora.xtec.cat\/ins-sagulla\/wp-json\/wp\/v2\/posts"}],"about":[{"href":"https:\/\/agora.xtec.cat\/ins-sagulla\/wp-json\/wp\/v2\/types\/post"}],"author":[{"embeddable":true,"href":"https:\/\/agora.xtec.cat\/ins-sagulla\/wp-json\/wp\/v2\/users\/1"}],"replies":[{"embeddable":true,"href":"https:\/\/agora.xtec.cat\/ins-sagulla\/wp-json\/wp\/v2\/comments?post=22204"}],"version-history":[{"count":3,"href":"https:\/\/agora.xtec.cat\/ins-sagulla\/wp-json\/wp\/v2\/posts\/22204\/revisions"}],"predecessor-version":[{"id":22222,"href":"https:\/\/agora.xtec.cat\/ins-sagulla\/wp-json\/wp\/v2\/posts\/22204\/revisions\/22222"}],"wp:featuredmedia":[{"embeddable":true,"href":"https:\/\/agora.xtec.cat\/ins-sagulla\/wp-json\/wp\/v2\/media\/22206"}],"wp:attachment":[{"href":"https:\/\/agora.xtec.cat\/ins-sagulla\/wp-json\/wp\/v2\/media?parent=22204"}],"wp:term":[{"taxonomy":"category","embeddable":true,"href":"https:\/\/agora.xtec.cat\/ins-sagulla\/wp-json\/wp\/v2\/categories?post=22204"},{"taxonomy":"post_tag","embeddable":true,"href":"https:\/\/agora.xtec.cat\/ins-sagulla\/wp-json\/wp\/v2\/tags?post=22204"}],"curies":[{"name":"wp","href":"https:\/\/api.w.org\/{rel}","templated":true}]}}