{"id":22147,"date":"2023-02-22T13:26:48","date_gmt":"2023-02-22T12:26:48","guid":{"rendered":"https:\/\/agora.xtec.cat\/ins-sagulla\/?p=22147"},"modified":"2023-02-22T13:36:00","modified_gmt":"2023-02-22T12:36:00","slug":"els-joves-i-la-creu-roja","status":"publish","type":"post","link":"https:\/\/agora.xtec.cat\/ins-sagulla\/eso\/eso-1\/els-joves-i-la-creu-roja\/","title":{"rendered":"Els joves i la Creu Roja"},"content":{"rendered":"<p>L&#8217;alumnat de l&#8217;Institut\u00a0<span class=\"hiddenGreenError\" style=\"padding-bottom: 2px; background-image: url('..\/..\/..\/..\/..\/images\/squiggle_green.png'); background-repeat: repeat-x; background-position: left bottom; cursor: default; color: #000000; font-family: 'Open Sans', Helvetica, Arial, sans-serif; font-size: 16px; font-style: normal; font-variant-ligatures: normal; font-variant-caps: normal; font-weight: 300; letter-spacing: normal; orphans: 2; text-align: start; text-indent: 0px; text-transform: none; white-space: normal; widows: 2; word-spacing: 0px; -webkit-text-stroke-width: 0px; text-decoration-thickness: initial; text-decoration-style: initial; text-decoration-color: initial;\">S&#8217;Agulla<\/span>, dins el marc del Servei Comunitari, ha participat de les xerrades sobre la Creu Roja. La Maria Jim\u00e9nez, alumna de batxillerat i coordinadora de joves de la Creu Roja, ha exposat als alumnes de 3r d&#8217;ESO les diferents tasques que realitza l&#8217;entitat a Blanes.<\/p>\n<p>La import\u00e0ncia de la participaci\u00f3 ciutadana i d&#8217;iniciar-se de ben jove en el voluntariat, \u00e9s una experi\u00e8ncia enriquidora per a qualsevol persona. La Maria ens ha transm\u00e8s la il\u00b7lusi\u00f3 de les fam\u00edlies durant la campanya de recollida de joguines, duta a terme cada Nadal.<\/p>\n<p>Cap nen sense joguina \u00e9s el lema que guia aquesta campanya, que enguany, ha estat de nou, un \u00e8xit i que un grup d&#8217;alumnat del\u00a0<span class=\"hiddenGreenError\" style=\"padding-bottom: 2px; background-image: url('..\/..\/..\/..\/..\/images\/squiggle_green.png'); background-repeat: repeat-x; background-position: left bottom; cursor: default; color: #000000; font-family: 'Open Sans', Helvetica, Arial, sans-serif; font-size: 16px; font-style: normal; font-variant-ligatures: normal; font-variant-caps: normal; font-weight: 300; letter-spacing: normal; orphans: 2; text-align: start; text-indent: 0px; text-transform: none; white-space: normal; widows: 2; word-spacing: 0px; -webkit-text-stroke-width: 0px; text-decoration-thickness: initial; text-decoration-style: initial; text-decoration-color: initial;\">S&#8217;Agulla<\/span>\u00a0ha donat suport tant pel que fa a difusi\u00f3 com de gesti\u00f3 i repartiment de regals.<\/p>\n<p><a href=\"https:\/\/agora.xtec.cat\/ins-sagulla\/wp-content\/uploads\/usu2114\/2023\/02\/IMG_20230202_082401287.jpg\"><img loading=\"lazy\" decoding=\"async\" class=\"alignnone size-large wp-image-22148\" src=\"https:\/\/agora.xtec.cat\/ins-sagulla\/wp-content\/uploads\/usu2114\/2023\/02\/IMG_20230202_082401287-1024x768.jpg\" alt=\"\" width=\"1024\" height=\"768\" srcset=\"https:\/\/agora.xtec.cat\/ins-sagulla\/wp-content\/uploads\/usu2114\/2023\/02\/IMG_20230202_082401287-1024x768.jpg 1024w, https:\/\/agora.xtec.cat\/ins-sagulla\/wp-content\/uploads\/usu2114\/2023\/02\/IMG_20230202_082401287-300x225.jpg 300w, https:\/\/agora.xtec.cat\/ins-sagulla\/wp-content\/uploads\/usu2114\/2023\/02\/IMG_20230202_082401287-768x576.jpg 768w, https:\/\/agora.xtec.cat\/ins-sagulla\/wp-content\/uploads\/usu2114\/2023\/02\/IMG_20230202_082401287-200x150.jpg 200w, https:\/\/agora.xtec.cat\/ins-sagulla\/wp-content\/uploads\/usu2114\/2023\/02\/IMG_20230202_082401287.jpg 1333w\" sizes=\"auto, (max-width: 1024px) 100vw, 1024px\" \/><\/a><\/p>\n","protected":false},"excerpt":{"rendered":"<p>L&#8217;alumnat de l&#8217;Institut\u00a0S&#8217;Agulla, dins el marc del Servei Comunitari, ha participat de les xerrades sobre la Creu Roja. La Maria Jim\u00e9nez, alumna de batxillerat i coordinadora de joves de la Creu Roja, ha exposat als alumnes de 3r d&#8217;ESO les diferents tasques que realitza l&#8217;entitat&hellip;  <a href=\"https:\/\/agora.xtec.cat\/ins-sagulla\/eso\/eso-1\/els-joves-i-la-creu-roja\/\" title=\"Read Els joves i la Creu Roja\">Llegeix m\u00e9s\u00bb<\/a><\/p>\n","protected":false},"author":1,"featured_media":22148,"comment_status":"closed","ping_status":"closed","sticky":false,"template":"","format":"standard","meta":{"_bbp_topic_count":0,"_bbp_reply_count":0,"_bbp_total_topic_count":0,"_bbp_total_reply_count":0,"_bbp_voice_count":0,"_bbp_anonymous_reply_count":0,"_bbp_topic_count_hidden":0,"_bbp_reply_count_hidden":0,"_bbp_forum_subforum_count":0,"footnotes":""},"categories":[362,695,338,8,305,168,4,5,6,7,29,1038,167,1073],"tags":[1160,143,1161,812,622,475],"class_list":["post-22147","post","type-post","status-publish","format-standard","has-post-thumbnail","hentry","category-afa","category-alumnat","category-batx-2","category-batxillerat","category-departaments","category-documents","category-eso-1","category-eso-2","category-eso-3","category-eso-4","category-portada","category-projectes","category-secretaria","category-servei-comunitari","tag-3reso","tag-batxillerat","tag-coordinadora-creu-roja","tag-creu-roja","tag-servei-comunitari","tag-xerrada"],"post_mailing_queue_ids":[],"_links":{"self":[{"href":"https:\/\/agora.xtec.cat\/ins-sagulla\/wp-json\/wp\/v2\/posts\/22147","targetHints":{"allow":["GET"]}}],"collection":[{"href":"https:\/\/agora.xtec.cat\/ins-sagulla\/wp-json\/wp\/v2\/posts"}],"about":[{"href":"https:\/\/agora.xtec.cat\/ins-sagulla\/wp-json\/wp\/v2\/types\/post"}],"author":[{"embeddable":true,"href":"https:\/\/agora.xtec.cat\/ins-sagulla\/wp-json\/wp\/v2\/users\/1"}],"replies":[{"embeddable":true,"href":"https:\/\/agora.xtec.cat\/ins-sagulla\/wp-json\/wp\/v2\/comments?post=22147"}],"version-history":[{"count":2,"href":"https:\/\/agora.xtec.cat\/ins-sagulla\/wp-json\/wp\/v2\/posts\/22147\/revisions"}],"predecessor-version":[{"id":22151,"href":"https:\/\/agora.xtec.cat\/ins-sagulla\/wp-json\/wp\/v2\/posts\/22147\/revisions\/22151"}],"wp:featuredmedia":[{"embeddable":true,"href":"https:\/\/agora.xtec.cat\/ins-sagulla\/wp-json\/wp\/v2\/media\/22148"}],"wp:attachment":[{"href":"https:\/\/agora.xtec.cat\/ins-sagulla\/wp-json\/wp\/v2\/media?parent=22147"}],"wp:term":[{"taxonomy":"category","embeddable":true,"href":"https:\/\/agora.xtec.cat\/ins-sagulla\/wp-json\/wp\/v2\/categories?post=22147"},{"taxonomy":"post_tag","embeddable":true,"href":"https:\/\/agora.xtec.cat\/ins-sagulla\/wp-json\/wp\/v2\/tags?post=22147"}],"curies":[{"name":"wp","href":"https:\/\/api.w.org\/{rel}","templated":true}]}}