{"id":22099,"date":"2023-02-13T08:18:48","date_gmt":"2023-02-13T07:18:48","guid":{"rendered":"https:\/\/agora.xtec.cat\/ins-sagulla\/?p=22099"},"modified":"2023-02-15T13:49:50","modified_gmt":"2023-02-15T12:49:50","slug":"dia-de-la-dona-i-la-nena-en-la-ciencia","status":"publish","type":"post","link":"https:\/\/agora.xtec.cat\/ins-sagulla\/eso\/dia-de-la-dona-i-la-nena-en-la-ciencia\/","title":{"rendered":"Dia de la Dona i la Nena en la Ci\u00e8ncia"},"content":{"rendered":"<p>El dissabte, 11 de febrer, va ser el Dia Internacional de les Dones i les Nenes en la Ci\u00e8ncia.<\/p>\n<p>Des del nostre institut volem ajudar a promoure el paper de les dones i les nenes en l&#8217;\u00e0mbit cient\u00edfic i aconseguir trencar les barreres socials, culturals i pol\u00edtiques que els dificulta l&#8217;acc\u00e9s en condicions d&#8217;igualtat a la ci\u00e8ncia.<\/p>\n<p>Aquest any hem gaudit de la confer\u00e8ncia de forma presencial a c\u00e0rrec de <strong>Laura Blanco<\/strong>, investigadora del <strong>Centre d&#8217;Estudis Avan\u00e7ats<\/strong> de Blanes (CEAB).<\/p>\n<p>Ha estat al grup de l&#8217;itinerari cient\u00edfic de 4t d&#8217;ESO.<\/p>\n<p>&nbsp;<\/p>\n<p><a href=\"https:\/\/agora.xtec.cat\/ins-sagulla\/wp-content\/uploads\/usu2114\/2023\/02\/IMG-20230209-WA0052.jpg\"><img loading=\"lazy\" decoding=\"async\" class=\"alignnone size-large wp-image-22100\" src=\"https:\/\/agora.xtec.cat\/ins-sagulla\/wp-content\/uploads\/usu2114\/2023\/02\/IMG-20230209-WA0052-1024x768.jpg\" alt=\"\" width=\"1024\" height=\"768\" srcset=\"https:\/\/agora.xtec.cat\/ins-sagulla\/wp-content\/uploads\/usu2114\/2023\/02\/IMG-20230209-WA0052-1024x768.jpg 1024w, https:\/\/agora.xtec.cat\/ins-sagulla\/wp-content\/uploads\/usu2114\/2023\/02\/IMG-20230209-WA0052-300x225.jpg 300w, https:\/\/agora.xtec.cat\/ins-sagulla\/wp-content\/uploads\/usu2114\/2023\/02\/IMG-20230209-WA0052-768x576.jpg 768w, https:\/\/agora.xtec.cat\/ins-sagulla\/wp-content\/uploads\/usu2114\/2023\/02\/IMG-20230209-WA0052-1536x1152.jpg 1536w, https:\/\/agora.xtec.cat\/ins-sagulla\/wp-content\/uploads\/usu2114\/2023\/02\/IMG-20230209-WA0052-200x150.jpg 200w, https:\/\/agora.xtec.cat\/ins-sagulla\/wp-content\/uploads\/usu2114\/2023\/02\/IMG-20230209-WA0052.jpg 2016w\" sizes=\"auto, (max-width: 1024px) 100vw, 1024px\" \/><\/a><\/p>\n<p><a href=\"https:\/\/agora.xtec.cat\/ins-sagulla\/wp-content\/uploads\/usu2114\/2023\/02\/IMG-20230209-WA0049.jpg\"><img loading=\"lazy\" decoding=\"async\" class=\"alignnone size-large wp-image-22102\" src=\"https:\/\/agora.xtec.cat\/ins-sagulla\/wp-content\/uploads\/usu2114\/2023\/02\/IMG-20230209-WA0049-1024x768.jpg\" alt=\"\" width=\"1024\" height=\"768\" srcset=\"https:\/\/agora.xtec.cat\/ins-sagulla\/wp-content\/uploads\/usu2114\/2023\/02\/IMG-20230209-WA0049-1024x768.jpg 1024w, https:\/\/agora.xtec.cat\/ins-sagulla\/wp-content\/uploads\/usu2114\/2023\/02\/IMG-20230209-WA0049-300x225.jpg 300w, https:\/\/agora.xtec.cat\/ins-sagulla\/wp-content\/uploads\/usu2114\/2023\/02\/IMG-20230209-WA0049-768x576.jpg 768w, https:\/\/agora.xtec.cat\/ins-sagulla\/wp-content\/uploads\/usu2114\/2023\/02\/IMG-20230209-WA0049-1536x1152.jpg 1536w, https:\/\/agora.xtec.cat\/ins-sagulla\/wp-content\/uploads\/usu2114\/2023\/02\/IMG-20230209-WA0049-200x150.jpg 200w, https:\/\/agora.xtec.cat\/ins-sagulla\/wp-content\/uploads\/usu2114\/2023\/02\/IMG-20230209-WA0049.jpg 2016w\" sizes=\"auto, (max-width: 1024px) 100vw, 1024px\" \/><\/a><\/p>\n<p><a href=\"https:\/\/agora.xtec.cat\/ins-sagulla\/wp-content\/uploads\/usu2114\/2023\/02\/IMG-20230209-WA0055.jpg\"><img loading=\"lazy\" decoding=\"async\" class=\"alignnone size-large wp-image-22103\" src=\"https:\/\/agora.xtec.cat\/ins-sagulla\/wp-content\/uploads\/usu2114\/2023\/02\/IMG-20230209-WA0055-1024x768.jpg\" alt=\"\" width=\"1024\" height=\"768\" srcset=\"https:\/\/agora.xtec.cat\/ins-sagulla\/wp-content\/uploads\/usu2114\/2023\/02\/IMG-20230209-WA0055-1024x768.jpg 1024w, https:\/\/agora.xtec.cat\/ins-sagulla\/wp-content\/uploads\/usu2114\/2023\/02\/IMG-20230209-WA0055-300x225.jpg 300w, https:\/\/agora.xtec.cat\/ins-sagulla\/wp-content\/uploads\/usu2114\/2023\/02\/IMG-20230209-WA0055-768x576.jpg 768w, https:\/\/agora.xtec.cat\/ins-sagulla\/wp-content\/uploads\/usu2114\/2023\/02\/IMG-20230209-WA0055-1536x1152.jpg 1536w, https:\/\/agora.xtec.cat\/ins-sagulla\/wp-content\/uploads\/usu2114\/2023\/02\/IMG-20230209-WA0055-200x150.jpg 200w, https:\/\/agora.xtec.cat\/ins-sagulla\/wp-content\/uploads\/usu2114\/2023\/02\/IMG-20230209-WA0055.jpg 2016w\" sizes=\"auto, (max-width: 1024px) 100vw, 1024px\" \/><\/a><\/p>\n<p><a href=\"https:\/\/agora.xtec.cat\/ins-sagulla\/wp-content\/uploads\/usu2114\/2023\/02\/IMG-20230209-WA0058.jpg\"><img loading=\"lazy\" decoding=\"async\" class=\"alignnone size-large wp-image-22104\" src=\"https:\/\/agora.xtec.cat\/ins-sagulla\/wp-content\/uploads\/usu2114\/2023\/02\/IMG-20230209-WA0058-1024x768.jpg\" alt=\"\" width=\"1024\" height=\"768\" srcset=\"https:\/\/agora.xtec.cat\/ins-sagulla\/wp-content\/uploads\/usu2114\/2023\/02\/IMG-20230209-WA0058-1024x768.jpg 1024w, https:\/\/agora.xtec.cat\/ins-sagulla\/wp-content\/uploads\/usu2114\/2023\/02\/IMG-20230209-WA0058-300x225.jpg 300w, https:\/\/agora.xtec.cat\/ins-sagulla\/wp-content\/uploads\/usu2114\/2023\/02\/IMG-20230209-WA0058-768x576.jpg 768w, https:\/\/agora.xtec.cat\/ins-sagulla\/wp-content\/uploads\/usu2114\/2023\/02\/IMG-20230209-WA0058-1536x1152.jpg 1536w, https:\/\/agora.xtec.cat\/ins-sagulla\/wp-content\/uploads\/usu2114\/2023\/02\/IMG-20230209-WA0058-200x150.jpg 200w, https:\/\/agora.xtec.cat\/ins-sagulla\/wp-content\/uploads\/usu2114\/2023\/02\/IMG-20230209-WA0058.jpg 2016w\" sizes=\"auto, (max-width: 1024px) 100vw, 1024px\" \/><\/a><\/p>\n<p><a href=\"https:\/\/agora.xtec.cat\/ins-sagulla\/wp-content\/uploads\/usu2114\/2023\/02\/IMG-20230209-WA0056.jpg\"><img loading=\"lazy\" decoding=\"async\" class=\"alignnone size-large wp-image-22105\" src=\"https:\/\/agora.xtec.cat\/ins-sagulla\/wp-content\/uploads\/usu2114\/2023\/02\/IMG-20230209-WA0056-768x1024.jpg\" alt=\"\" width=\"768\" height=\"1024\" srcset=\"https:\/\/agora.xtec.cat\/ins-sagulla\/wp-content\/uploads\/usu2114\/2023\/02\/IMG-20230209-WA0056-768x1024.jpg 768w, https:\/\/agora.xtec.cat\/ins-sagulla\/wp-content\/uploads\/usu2114\/2023\/02\/IMG-20230209-WA0056-225x300.jpg 225w, https:\/\/agora.xtec.cat\/ins-sagulla\/wp-content\/uploads\/usu2114\/2023\/02\/IMG-20230209-WA0056-1152x1536.jpg 1152w, https:\/\/agora.xtec.cat\/ins-sagulla\/wp-content\/uploads\/usu2114\/2023\/02\/IMG-20230209-WA0056.jpg 1512w\" sizes=\"auto, (max-width: 768px) 100vw, 768px\" \/><\/a><\/p>\n","protected":false},"excerpt":{"rendered":"<p>El dissabte, 11 de febrer, va ser el Dia Internacional de les Dones i les Nenes en la Ci\u00e8ncia.<br \/>\nDes del nostre institut volem ajudar a promoure el paper de les dones i les nenes en l&#8217;\u00e0mbit cient\u00edfic i aconseguir trencar les barreres socials, culturals i&hellip;  <a href=\"https:\/\/agora.xtec.cat\/ins-sagulla\/eso\/dia-de-la-dona-i-la-nena-en-la-ciencia\/\" title=\"Read Dia de la Dona i la Nena en la Ci\u00e8ncia\">Llegeix m\u00e9s\u00bb<\/a><\/p>\n","protected":false},"author":1,"featured_media":22101,"comment_status":"open","ping_status":"closed","sticky":false,"template":"","format":"standard","meta":{"_bbp_topic_count":0,"_bbp_reply_count":0,"_bbp_total_topic_count":0,"_bbp_total_reply_count":0,"_bbp_voice_count":0,"_bbp_anonymous_reply_count":0,"_bbp_topic_count_hidden":0,"_bbp_reply_count_hidden":0,"_bbp_forum_subforum_count":0,"footnotes":""},"categories":[3,312,7,29],"tags":[1153,437,348,434,430],"class_list":["post-22099","post","type-post","status-publish","format-standard","has-post-thumbnail","hentry","category-eso","category-ciencies-naturals","category-eso-4","category-portada","tag-ceab","tag-centre-destudis-avancats-de-blanes","tag-ciencia","tag-dona-i-ciencia","tag-dona-nena-i-ciencia"],"post_mailing_queue_ids":[],"_links":{"self":[{"href":"https:\/\/agora.xtec.cat\/ins-sagulla\/wp-json\/wp\/v2\/posts\/22099","targetHints":{"allow":["GET"]}}],"collection":[{"href":"https:\/\/agora.xtec.cat\/ins-sagulla\/wp-json\/wp\/v2\/posts"}],"about":[{"href":"https:\/\/agora.xtec.cat\/ins-sagulla\/wp-json\/wp\/v2\/types\/post"}],"author":[{"embeddable":true,"href":"https:\/\/agora.xtec.cat\/ins-sagulla\/wp-json\/wp\/v2\/users\/1"}],"replies":[{"embeddable":true,"href":"https:\/\/agora.xtec.cat\/ins-sagulla\/wp-json\/wp\/v2\/comments?post=22099"}],"version-history":[{"count":3,"href":"https:\/\/agora.xtec.cat\/ins-sagulla\/wp-json\/wp\/v2\/posts\/22099\/revisions"}],"predecessor-version":[{"id":22133,"href":"https:\/\/agora.xtec.cat\/ins-sagulla\/wp-json\/wp\/v2\/posts\/22099\/revisions\/22133"}],"wp:featuredmedia":[{"embeddable":true,"href":"https:\/\/agora.xtec.cat\/ins-sagulla\/wp-json\/wp\/v2\/media\/22101"}],"wp:attachment":[{"href":"https:\/\/agora.xtec.cat\/ins-sagulla\/wp-json\/wp\/v2\/media?parent=22099"}],"wp:term":[{"taxonomy":"category","embeddable":true,"href":"https:\/\/agora.xtec.cat\/ins-sagulla\/wp-json\/wp\/v2\/categories?post=22099"},{"taxonomy":"post_tag","embeddable":true,"href":"https:\/\/agora.xtec.cat\/ins-sagulla\/wp-json\/wp\/v2\/tags?post=22099"}],"curies":[{"name":"wp","href":"https:\/\/api.w.org\/{rel}","templated":true}]}}