{"id":22054,"date":"2023-02-03T13:10:36","date_gmt":"2023-02-03T12:10:36","guid":{"rendered":"https:\/\/agora.xtec.cat\/ins-sagulla\/?p=22054"},"modified":"2023-05-19T15:10:00","modified_gmt":"2023-05-19T13:10:00","slug":"portes-obertes-eso-2023","status":"publish","type":"post","link":"https:\/\/agora.xtec.cat\/ins-sagulla\/eso\/portes-obertes-eso-2023\/","title":{"rendered":"PORTES OBERTES 2023 ESO, BATXILLERAT I CICLES"},"content":{"rendered":"<p>Apunteu a l&#8217;agenda les dates per les <strong>portes obertes<\/strong> pel curs 2023\/24.<\/p>\n<p>Les xerrades seran amb <b>inscripci\u00f3 pr\u00e8via. <\/b><\/p>\n<p>A continuaci\u00f3 trobareu els enlla\u00e7os per apuntar-vos a la xerrada d&#8217;ESO, a la jornada de portes obertes d&#8217;ESO i a la jornada de portes obertes de Batxillerat.<\/p>\n<table style=\"border-collapse: collapse; width: 87.4324%; height: 393px;\">\n<tbody>\n<tr style=\"height: 79px;\">\n<td style=\"width: 25%; height: 79px;\"><strong data-removefontsize=\"true\" data-originalcomputedfontsize=\"14.666666984558105\">DIJOUS 2 MAR\u00c7<\/strong><\/td>\n<td style=\"width: 10.4054%; height: 79px;\"><strong data-removefontsize=\"true\" data-originalcomputedfontsize=\"14.666666984558105\">18.15h<\/strong><\/td>\n<td style=\"width: 27.2776%; height: 79px;\">Xerrada del director Josep Hern\u00e0ndez pels pares i mares per 1r D\u2019ESO Curs 2023\/24<\/td>\n<td style=\"width: 24.7494%; height: 79px;\">Enlla\u00e7 a la presentaci\u00f3: <a href=\"https:\/\/agora.xtec.cat\/ins-sagulla\/wp-content\/uploads\/usu2114\/2023\/02\/PRESENTACIA_-I-PREGUNTES-FREQA_ENTS-1r-ESO-23-24.pdf\">PRESENTACI\u00c3_ I PREGUNTES FREQ\u00c3_ENTS 1r ESO 23-24<\/a><\/td>\n<\/tr>\n<tr style=\"height: 47px;\">\n<td style=\"width: 25%; height: 47px;\"><strong data-removefontsize=\"true\" data-originalcomputedfontsize=\"14.666666984558105\">DIUMENGE 5 MAR\u00c7<\/strong><\/td>\n<td style=\"width: 10.4054%; height: 47px;\"><strong data-removefontsize=\"true\" data-originalcomputedfontsize=\"14.666666984558105\">11-13h<\/strong><\/td>\n<td style=\"width: 27.2776%; height: 47px;\">PORTES OBERTES ESO: visita guiada al centre.<\/td>\n<td style=\"width: 24.7494%; height: 47px;\">Enlla\u00e7 inscripci\u00f3: <a href=\"https:\/\/forms.gle\/ygHkjiq25DCoAk6v8\">https:\/\/forms.gle\/ygHkjiq25DCoAk6v8<\/a><\/td>\n<\/tr>\n<tr style=\"height: 203px;\">\n<td style=\"width: 25%; height: 203px;\"><strong data-removefontsize=\"true\" data-originalcomputedfontsize=\"14.666666984558105\">DIMECRES 29 MAR\u00c7<\/strong><\/td>\n<td style=\"width: 10.4054%; height: 203px;\"><strong data-removefontsize=\"true\" data-originalcomputedfontsize=\"14.666666984558105\">18.00h<\/strong><\/td>\n<td style=\"width: 27.2776%; height: 203px;\">\n<p data-originalfontsize=\"11pt\" data-originalcomputedfontsize=\"14.666666984558105\">Xerrades telem\u00e0tiques dels cicles de grau mitj\u00e0:<\/p>\n<p data-originalfontsize=\"11pt\" data-originalcomputedfontsize=\"14.666666984558105\">CAI (Cures auxiliars d\u2019infermeria)<\/p>\n<p data-originalfontsize=\"11pt\" data-originalcomputedfontsize=\"14.666666984558105\">TAPSD (Atenci\u00f3 a persones en situaci\u00f3 de depend\u00e8ncia)<\/p>\n<\/td>\n<td style=\"width: 24.7494%; height: 203px;\">No cal inscripci\u00f3 pr\u00e8via. El mateix dia hi haur\u00e0 l&#8217;enlla\u00e7 aqu\u00ed per a conectar-se.<\/p>\n<p>Enlla\u00e7 inscripci\u00f3 CAI:<\/p>\n<p><a href=\"https:\/\/meet.google.com\/pmo-tgbe-mwa\">https:\/\/meet.google.com\/pmo-tgbe-mwa<\/a><\/p>\n<p>Enlla\u00e7 d&#8217;inscripci\u00f3 TAPSD:<\/p>\n<p><a href=\"https:\/\/meet.google.com\/wcf-mrge-awb\">https:\/\/meet.google.com\/wcf-mrge-awb<\/a>\u00a0(TAPSD)<\/td>\n<\/tr>\n<tr style=\"height: 32px;\">\n<td style=\"width: 25%; height: 32px;\"><strong data-removefontsize=\"true\" data-originalcomputedfontsize=\"14.666666984558105\">DIJOUS 30 MAR\u00c7<\/strong><\/td>\n<td style=\"width: 10.4054%; height: 32px;\"><strong data-removefontsize=\"true\" data-originalcomputedfontsize=\"14.666666984558105\">18.15h<\/strong><\/td>\n<td style=\"width: 27.2776%; height: 32px;\">\n<p data-originalfontsize=\"11pt\" data-originalcomputedfontsize=\"14.666666984558105\">PORTES OBERTES BATXILLERAT:<\/p>\n<p data-originalfontsize=\"11pt\" data-originalcomputedfontsize=\"14.666666984558105\">Xerrada del director Josep Hern\u00e0ndez i posterior visita al centre.<\/p>\n<\/td>\n<td style=\"width: 24.7494%; height: 32px;\">Enlla\u00e7 inscripci\u00f3:<a href=\"https:\/\/forms.gle\/RheE6H4T3pzjdAPi9\"> https:\/\/forms.gle\/RheE6H4T3pzjdAPi9<\/a><\/td>\n<\/tr>\n<tr style=\"height: 32px;\">\n<td style=\"width: 25%; height: 32px;\"><strong data-removefontsize=\"true\" data-originalcomputedfontsize=\"14.666666984558105\">DIJOUS 11 MAIG<\/strong><\/td>\n<td style=\"width: 10.4054%; height: 32px;\"><strong data-removefontsize=\"true\" data-originalcomputedfontsize=\"14.666666984558105\">18.30h<\/strong><\/td>\n<td style=\"width: 27.2776%; height: 32px;\">PORTES OBERTES CICLES (Presencial)<\/td>\n<td style=\"width: 24.7494%; height: 32px;\">No cal inscripci\u00f3 pr\u00e8via.<\/td>\n<\/tr>\n<\/tbody>\n<\/table>\n<p>&nbsp;<\/p>\n","protected":false},"excerpt":{"rendered":"<p>Apunteu a l&#8217;agenda les dates per les portes obertes pel curs 2023\/24.<br \/>\nLes xerrades seran amb inscripci\u00f3 pr\u00e8via.<br \/>\nA continuaci\u00f3 trobareu els enlla\u00e7os per apuntar-vos a la xerrada d&#8217;ESO, a la jornada de portes obertes d&#8217;ESO i a la jornada de portes obertes de Batxillerat.<\/p>\n<p>DIJOUS 2&hellip;  <a href=\"https:\/\/agora.xtec.cat\/ins-sagulla\/eso\/portes-obertes-eso-2023\/\" title=\"Read PORTES OBERTES 2023 ESO, BATXILLERAT I CICLES\">Llegeix m\u00e9s\u00bb<\/a><\/p>\n","protected":false},"author":1,"featured_media":20101,"comment_status":"closed","ping_status":"closed","sticky":false,"template":"","format":"standard","meta":{"_bbp_topic_count":0,"_bbp_reply_count":0,"_bbp_total_topic_count":0,"_bbp_total_reply_count":0,"_bbp_voice_count":0,"_bbp_anonymous_reply_count":0,"_bbp_topic_count_hidden":0,"_bbp_reply_count_hidden":0,"_bbp_forum_subforum_count":0,"footnotes":""},"categories":[3,671,4,5,6,7,29],"tags":[1034,132,475],"class_list":["post-22054","post","type-post","status-publish","format-standard","has-post-thumbnail","hentry","category-eso","category-equip-directiu","category-eso-1","category-eso-2","category-eso-3","category-eso-4","category-portada","tag-curs-2022-2023","tag-portes-obertes","tag-xerrada"],"post_mailing_queue_ids":[],"_links":{"self":[{"href":"https:\/\/agora.xtec.cat\/ins-sagulla\/wp-json\/wp\/v2\/posts\/22054","targetHints":{"allow":["GET"]}}],"collection":[{"href":"https:\/\/agora.xtec.cat\/ins-sagulla\/wp-json\/wp\/v2\/posts"}],"about":[{"href":"https:\/\/agora.xtec.cat\/ins-sagulla\/wp-json\/wp\/v2\/types\/post"}],"author":[{"embeddable":true,"href":"https:\/\/agora.xtec.cat\/ins-sagulla\/wp-json\/wp\/v2\/users\/1"}],"replies":[{"embeddable":true,"href":"https:\/\/agora.xtec.cat\/ins-sagulla\/wp-json\/wp\/v2\/comments?post=22054"}],"version-history":[{"count":3,"href":"https:\/\/agora.xtec.cat\/ins-sagulla\/wp-json\/wp\/v2\/posts\/22054\/revisions"}],"predecessor-version":[{"id":22088,"href":"https:\/\/agora.xtec.cat\/ins-sagulla\/wp-json\/wp\/v2\/posts\/22054\/revisions\/22088"}],"wp:featuredmedia":[{"embeddable":true,"href":"https:\/\/agora.xtec.cat\/ins-sagulla\/wp-json\/wp\/v2\/media\/20101"}],"wp:attachment":[{"href":"https:\/\/agora.xtec.cat\/ins-sagulla\/wp-json\/wp\/v2\/media?parent=22054"}],"wp:term":[{"taxonomy":"category","embeddable":true,"href":"https:\/\/agora.xtec.cat\/ins-sagulla\/wp-json\/wp\/v2\/categories?post=22054"},{"taxonomy":"post_tag","embeddable":true,"href":"https:\/\/agora.xtec.cat\/ins-sagulla\/wp-json\/wp\/v2\/tags?post=22054"}],"curies":[{"name":"wp","href":"https:\/\/api.w.org\/{rel}","templated":true}]}}