{"id":22025,"date":"2023-01-23T08:34:06","date_gmt":"2023-01-23T07:34:06","guid":{"rendered":"https:\/\/agora.xtec.cat\/ins-sagulla\/?p=22025"},"modified":"2023-01-23T08:43:34","modified_gmt":"2023-01-23T07:43:34","slug":"tallers-cantades-i-diversio-en-el-dia-de-les-llengues-estrangeres","status":"publish","type":"post","link":"https:\/\/agora.xtec.cat\/ins-sagulla\/general\/tallers-cantades-i-diversio-en-el-dia-de-les-llengues-estrangeres\/","title":{"rendered":"Tallers, cantades i diversi\u00f3 en el Dia de les Lleng\u00fces estrangeres!"},"content":{"rendered":"<p>L&#8217;alumnat i el professorat va celebrar el passat 20 de desembre el <b>Foreign Languages Day-<span class=\"il\">FLD<\/span><\/b> (Dia de les Lleng\u00fces estrangeres), jornada a c\u00e0rrec del Departament d&#8217;Idiomes, tot recuperant el format previ a la pand\u00e8mia.<\/p>\n<p><span style=\"font-family: arial, sans-serif;\">Aix\u00ed, tothom va poder gaudir de les diferents propostes i activitats que s&#8217;hi van organitzar per aquest dia tan especial. El primer de tot, va haver-hi l&#8217;a<\/span><span style=\"font-family: arial, sans-serif;\">udici\u00f3 de l\u2019himne brit\u00e0nic, que va marcar el tret de sortida dels tallers a les diferents aules.\u00a0\u00a0<\/span><\/p>\n<p dir=\"ltr\"><span style=\"font-family: arial, sans-serif;\">Cap a les 11 hores, va tenir lloc l&#8217;audici\u00f3 de l&#8217;himne franc\u00e8s. Aquest va marcar la senyal de l&#8217;hora de finalitzaci\u00f3 dels tallers i l&#8217;hora d&#8217;anar a esmorzar, agradable tastet que va anar a c\u00e0rrec de les responsables de la Cantina, l&#8217;Aurora i la Charo.\u00a0<\/span><\/p>\n<p dir=\"ltr\">Posteriorment, va arribar el moment de l&#8217;animad\u00edssim f<span style=\"font-family: arial, sans-serif;\">estival de nadales, que va comptar amb la participaci\u00f3 i implicaci\u00f3 tant d&#8217;alumnes com del professorat, i que va tenir lloc davant del gimn\u00e0s. <\/span><\/p>\n<p dir=\"ltr\"><span style=\"font-family: arial, sans-serif;\">Sense oblidar, a la pista de b\u00e0squet, el concorregut <\/span><span style=\"font-family: arial, sans-serif;\">English Market, amb productes realitzats per nois i noies de 1r d&#8217;ESO i cicles formatius. Tota la recaptaci\u00f3 recollida anava destinada a la Creu Roja. <\/span><\/p>\n<p dir=\"ltr\"><span style=\"font-family: arial, sans-serif;\">I, per guardar un bon record d&#8217;aquesta diversa i din\u00e0mica jornada, a la pista de futbol s&#8217;hi va instal\u00b7lar el Photocall.\u00a0<\/span><\/p>\n<p dir=\"ltr\"><a href=\"https:\/\/photos.app.goo.gl\/M35U49UBG12m6YkZ8\">Aqu\u00ed<\/a> teniu un recull de les millors fotos!<\/p>\n<p dir=\"ltr\">\n","protected":false},"excerpt":{"rendered":"<p>L&#8217;alumnat i el professorat va celebrar el passat 20 de desembre el Foreign Languages Day-FLD (Dia de les Lleng\u00fces estrangeres), jornada a c\u00e0rrec del Departament d&#8217;Idiomes, tot recuperant el format previ a la pand\u00e8mia.<br \/>\nAix\u00ed, tothom va poder gaudir de les diferents propostes i activitats que&hellip;  <a href=\"https:\/\/agora.xtec.cat\/ins-sagulla\/general\/tallers-cantades-i-diversio-en-el-dia-de-les-llengues-estrangeres\/\" title=\"Read Tallers, cantades i diversi\u00f3 en el Dia de les Lleng\u00fces estrangeres!\">Llegeix m\u00e9s\u00bb<\/a><\/p>\n","protected":false},"author":1,"featured_media":22036,"comment_status":"open","ping_status":"closed","sticky":false,"template":"","format":"standard","meta":{"_bbp_topic_count":0,"_bbp_reply_count":0,"_bbp_total_topic_count":0,"_bbp_total_reply_count":0,"_bbp_voice_count":0,"_bbp_anonymous_reply_count":0,"_bbp_topic_count_hidden":0,"_bbp_reply_count_hidden":0,"_bbp_forum_subforum_count":0,"footnotes":""},"categories":[8,3,30,322,1,320,29],"tags":[812,1144,1143,355,356],"class_list":["post-22025","post","type-post","status-publish","format-standard","has-post-thumbnail","hentry","category-batxillerat","category-eso","category-cicles-formatius","category-fotos","category-general","category-llegues-estrangeres","category-portada","tag-creu-roja","tag-dia-de-les-llengues-estrangeres","tag-english-market","tag-fld","tag-foreign-languages-day"],"post_mailing_queue_ids":[],"_links":{"self":[{"href":"https:\/\/agora.xtec.cat\/ins-sagulla\/wp-json\/wp\/v2\/posts\/22025","targetHints":{"allow":["GET"]}}],"collection":[{"href":"https:\/\/agora.xtec.cat\/ins-sagulla\/wp-json\/wp\/v2\/posts"}],"about":[{"href":"https:\/\/agora.xtec.cat\/ins-sagulla\/wp-json\/wp\/v2\/types\/post"}],"author":[{"embeddable":true,"href":"https:\/\/agora.xtec.cat\/ins-sagulla\/wp-json\/wp\/v2\/users\/1"}],"replies":[{"embeddable":true,"href":"https:\/\/agora.xtec.cat\/ins-sagulla\/wp-json\/wp\/v2\/comments?post=22025"}],"version-history":[{"count":3,"href":"https:\/\/agora.xtec.cat\/ins-sagulla\/wp-json\/wp\/v2\/posts\/22025\/revisions"}],"predecessor-version":[{"id":22038,"href":"https:\/\/agora.xtec.cat\/ins-sagulla\/wp-json\/wp\/v2\/posts\/22025\/revisions\/22038"}],"wp:featuredmedia":[{"embeddable":true,"href":"https:\/\/agora.xtec.cat\/ins-sagulla\/wp-json\/wp\/v2\/media\/22036"}],"wp:attachment":[{"href":"https:\/\/agora.xtec.cat\/ins-sagulla\/wp-json\/wp\/v2\/media?parent=22025"}],"wp:term":[{"taxonomy":"category","embeddable":true,"href":"https:\/\/agora.xtec.cat\/ins-sagulla\/wp-json\/wp\/v2\/categories?post=22025"},{"taxonomy":"post_tag","embeddable":true,"href":"https:\/\/agora.xtec.cat\/ins-sagulla\/wp-json\/wp\/v2\/tags?post=22025"}],"curies":[{"name":"wp","href":"https:\/\/api.w.org\/{rel}","templated":true}]}}