{"id":21978,"date":"2023-01-18T13:15:05","date_gmt":"2023-01-18T12:15:05","guid":{"rendered":"https:\/\/agora.xtec.cat\/ins-sagulla\/?p=21978"},"modified":"2023-01-18T13:18:13","modified_gmt":"2023-01-18T12:18:13","slug":"sortida-a-lalt-emporda","status":"publish","type":"post","link":"https:\/\/agora.xtec.cat\/ins-sagulla\/general\/sortida-a-lalt-emporda\/","title":{"rendered":"Sortida als aiguamolls de l&#8217;Empord\u00e0 i al Museu Dal\u00ed!"},"content":{"rendered":"<p>El passat desembre, els alumnes de 2n ESO, acompanyats pels seus tutors i tres professores m\u00e9s, van fer una sortida <strong>pedag\u00f2gica<\/strong>, relacionada amb alguns dels temes que es treballaran de manera m\u00e9s aprofundida en el treball de s\u00edntesi de final de curs.<\/p>\n<p>La primera parada, despr\u00e9s d&#8217;esmorzar, va ser als <strong>aiguamolls de l&#8217;Empord\u00e0<\/strong>, on els quatre grups es van repartir en dos de m\u00e9s nombrosos per fer un treball de camp.<\/p>\n<p>Aix\u00ed, mentre un feia un recorregut, guiat pel professor de F\u00edsica i Qu\u00edmica, i havia d&#8217;anar recollint dades en un dossier sobre la flora i la fauna del parc natural, l&#8217;altre assistia a un taller sobre la morfologia de les diferents esp\u00e8cies d&#8217;aus que es poden trobar en aquest espai natural.<\/p>\n<p>Despr\u00e9s de dinar, cap a dos quarts de quatre, van anar al <strong>Museu Dal\u00ed de Figueres<\/strong>, on van poder fer una visita per les diferents sales i descobrir, a trav\u00e9s de les explicacions dels guies del museu, la biografia i algunes caracter\u00edstiques de l&#8217;obra pict\u00f2rica d&#8217;aquest geni figuerenc.<\/p>\n<p>&nbsp;<\/p>\n","protected":false},"excerpt":{"rendered":"<p>El passat desembre, els alumnes de 2n ESO, acompanyats pels seus tutors i tres professores m\u00e9s, van fer una sortida pedag\u00f2gica, relacionada amb alguns dels temes que es treballaran de manera m\u00e9s aprofundida en el treball de s\u00edntesi de final de curs.<br \/>\nLa primera parada, despr\u00e9s&hellip;  <a href=\"https:\/\/agora.xtec.cat\/ins-sagulla\/general\/sortida-a-lalt-emporda\/\" title=\"Read Sortida als aiguamolls de l&#8217;Empord\u00e0 i al Museu Dal\u00ed!\">Llegeix m\u00e9s\u00bb<\/a><\/p>\n","protected":false},"author":86,"featured_media":22018,"comment_status":"open","ping_status":"closed","sticky":false,"template":"","format":"standard","meta":{"_bbp_topic_count":0,"_bbp_reply_count":0,"_bbp_total_topic_count":0,"_bbp_total_reply_count":0,"_bbp_voice_count":0,"_bbp_anonymous_reply_count":0,"_bbp_topic_count_hidden":0,"_bbp_reply_count_hidden":0,"_bbp_forum_subforum_count":0,"footnotes":""},"categories":[695,312,5,322,1,310,309,29],"tags":[120,387,131,1022,237,825],"class_list":["post-21978","post","type-post","status-publish","format-standard","has-post-thumbnail","hentry","category-alumnat","category-ciencies-naturals","category-eso-2","category-fotos","category-general","category-llengua-castellana","category-llengua-catalana","category-portada","tag-catala","tag-cohesio-de-grup","tag-eso","tag-parc-natural-dels-aiguamolls-de-lemporda","tag-sortida","tag-teatre-museu-dali"],"post_mailing_queue_ids":[],"_links":{"self":[{"href":"https:\/\/agora.xtec.cat\/ins-sagulla\/wp-json\/wp\/v2\/posts\/21978","targetHints":{"allow":["GET"]}}],"collection":[{"href":"https:\/\/agora.xtec.cat\/ins-sagulla\/wp-json\/wp\/v2\/posts"}],"about":[{"href":"https:\/\/agora.xtec.cat\/ins-sagulla\/wp-json\/wp\/v2\/types\/post"}],"author":[{"embeddable":true,"href":"https:\/\/agora.xtec.cat\/ins-sagulla\/wp-json\/wp\/v2\/users\/86"}],"replies":[{"embeddable":true,"href":"https:\/\/agora.xtec.cat\/ins-sagulla\/wp-json\/wp\/v2\/comments?post=21978"}],"version-history":[{"count":3,"href":"https:\/\/agora.xtec.cat\/ins-sagulla\/wp-json\/wp\/v2\/posts\/21978\/revisions"}],"predecessor-version":[{"id":22020,"href":"https:\/\/agora.xtec.cat\/ins-sagulla\/wp-json\/wp\/v2\/posts\/21978\/revisions\/22020"}],"wp:featuredmedia":[{"embeddable":true,"href":"https:\/\/agora.xtec.cat\/ins-sagulla\/wp-json\/wp\/v2\/media\/22018"}],"wp:attachment":[{"href":"https:\/\/agora.xtec.cat\/ins-sagulla\/wp-json\/wp\/v2\/media?parent=21978"}],"wp:term":[{"taxonomy":"category","embeddable":true,"href":"https:\/\/agora.xtec.cat\/ins-sagulla\/wp-json\/wp\/v2\/categories?post=21978"},{"taxonomy":"post_tag","embeddable":true,"href":"https:\/\/agora.xtec.cat\/ins-sagulla\/wp-json\/wp\/v2\/tags?post=21978"}],"curies":[{"name":"wp","href":"https:\/\/api.w.org\/{rel}","templated":true}]}}