{"id":21974,"date":"2022-12-21T08:15:14","date_gmt":"2022-12-21T07:15:14","guid":{"rendered":"https:\/\/agora.xtec.cat\/ins-sagulla\/?p=21974"},"modified":"2022-12-20T17:02:50","modified_gmt":"2022-12-20T16:02:50","slug":"conveni-entre-tecnologia-i-la-siei-per-recuperar-el-material-dels-projectes","status":"publish","type":"post","link":"https:\/\/agora.xtec.cat\/ins-sagulla\/general\/conveni-entre-tecnologia-i-la-siei-per-recuperar-el-material-dels-projectes\/","title":{"rendered":"Conveni entre tecnologia i la SIEI per recuperar el material dels projectes"},"content":{"rendered":"<p>Des de fa molts cursos els alumnes de la <strong>SIEI<\/strong> (Suport intesiu escolaritzaci\u00f3 inclusiva) col\u00b7labora amb el departament de tecnologia.<\/p>\n<p>Ells, i el personal docent s&#8217;encarreguen de desmuntar els projectes que han realitzat els alumnes a l&#8217;aula taller de tecnologia i de classificar tot el material que pot ser <strong>reutilitzat<\/strong>.<\/p>\n<p>D&#8217;aquesta manera, s&#8217;aconseguiex un doble objectiu: En primer lloc, es fomenta la <strong>reutilitzaci\u00f3<\/strong> de material <strong>(per la sostenibilitat i per l&#8217;economia)<\/strong> i en segon lloc, es facilita l&#8217;ordre al magatzem i a l&#8217;aula de tecnologia, un cop s&#8217;han acabat els projectes.<\/p>\n<p>Una vegada m\u00e9s, els alumnes de la SIEI han fet de manera \u00f2ptima aquesta tasca i, en aquest cas, han recuperat i classificat bombetes, portal\u00e0mpades, enquadernadors, cables el\u00e8ctrics pelats pels dos extrems, piles i bases de fusta dels jocs connecta de 2n d&#8217;ESO. Tot ja est\u00e0 col\u00b7locat a lloc a punt per tornar a ser utilitzats pels nous treballs.<\/p>\n<p>Gr\u00e0cies SIEI! Moltes gr\u00e0cies!<\/p>\n<p>Alumnes de 2n d&#8217;ESO construint el joc connecta:<\/p>\n<p><a href=\"https:\/\/agora.xtec.cat\/ins-sagulla\/wp-content\/uploads\/usu2114\/2022\/12\/0.jpg\"><img loading=\"lazy\" decoding=\"async\" class=\"alignnone size-full wp-image-21975\" src=\"https:\/\/agora.xtec.cat\/ins-sagulla\/wp-content\/uploads\/usu2114\/2022\/12\/0.jpg\" alt=\"\" width=\"740\" height=\"555\" srcset=\"https:\/\/agora.xtec.cat\/ins-sagulla\/wp-content\/uploads\/usu2114\/2022\/12\/0.jpg 740w, https:\/\/agora.xtec.cat\/ins-sagulla\/wp-content\/uploads\/usu2114\/2022\/12\/0-300x225.jpg 300w, https:\/\/agora.xtec.cat\/ins-sagulla\/wp-content\/uploads\/usu2114\/2022\/12\/0-200x150.jpg 200w\" sizes=\"auto, (max-width: 740px) 100vw, 740px\" \/><\/a><\/p>\n<p>Material recuperat i classificat pels alumnes de la SIEI, preparat per a ser novament utilitzat:<\/p>\n<p><a href=\"https:\/\/agora.xtec.cat\/ins-sagulla\/wp-content\/uploads\/usu2114\/2022\/12\/3.jpg\"><img loading=\"lazy\" decoding=\"async\" class=\"alignnone size-full wp-image-21976\" src=\"https:\/\/agora.xtec.cat\/ins-sagulla\/wp-content\/uploads\/usu2114\/2022\/12\/3.jpg\" alt=\"\" width=\"711\" height=\"533\" srcset=\"https:\/\/agora.xtec.cat\/ins-sagulla\/wp-content\/uploads\/usu2114\/2022\/12\/3.jpg 711w, https:\/\/agora.xtec.cat\/ins-sagulla\/wp-content\/uploads\/usu2114\/2022\/12\/3-300x225.jpg 300w, https:\/\/agora.xtec.cat\/ins-sagulla\/wp-content\/uploads\/usu2114\/2022\/12\/3-200x150.jpg 200w\" sizes=\"auto, (max-width: 711px) 100vw, 711px\" \/><\/a><\/p>\n<p>&nbsp;<\/p>\n","protected":false},"excerpt":{"rendered":"<p>Des de fa molts cursos els alumnes de la SIEI (Suport intesiu escolaritzaci\u00f3 inclusiva) col\u00b7labora amb el departament de tecnologia.<br \/>\nElls, i el personal docent s&#8217;encarreguen de desmuntar els projectes que han realitzat els alumnes a l&#8217;aula taller de tecnologia i de classificar tot el material&hellip;  <a href=\"https:\/\/agora.xtec.cat\/ins-sagulla\/general\/conveni-entre-tecnologia-i-la-siei-per-recuperar-el-material-dels-projectes\/\" title=\"Read Conveni entre tecnologia i la SIEI per recuperar el material dels projectes\">Llegeix m\u00e9s\u00bb<\/a><\/p>\n","protected":false},"author":70,"featured_media":21976,"comment_status":"open","ping_status":"closed","sticky":false,"template":"","format":"standard","meta":{"_bbp_topic_count":0,"_bbp_reply_count":0,"_bbp_total_topic_count":0,"_bbp_total_reply_count":0,"_bbp_voice_count":0,"_bbp_anonymous_reply_count":0,"_bbp_topic_count_hidden":0,"_bbp_reply_count_hidden":0,"_bbp_forum_subforum_count":0,"footnotes":""},"categories":[5,1,29,129,308],"tags":[1140,1141,855,762,1139],"class_list":["post-21974","post","type-post","status-publish","format-standard","has-post-thumbnail","hentry","category-eso-2","category-general","category-portada","category-siei","category-tecnologia","tag-collaborar","tag-conveni","tag-materials","tag-reciclar","tag-reutilitzar"],"post_mailing_queue_ids":[],"_links":{"self":[{"href":"https:\/\/agora.xtec.cat\/ins-sagulla\/wp-json\/wp\/v2\/posts\/21974","targetHints":{"allow":["GET"]}}],"collection":[{"href":"https:\/\/agora.xtec.cat\/ins-sagulla\/wp-json\/wp\/v2\/posts"}],"about":[{"href":"https:\/\/agora.xtec.cat\/ins-sagulla\/wp-json\/wp\/v2\/types\/post"}],"author":[{"embeddable":true,"href":"https:\/\/agora.xtec.cat\/ins-sagulla\/wp-json\/wp\/v2\/users\/70"}],"replies":[{"embeddable":true,"href":"https:\/\/agora.xtec.cat\/ins-sagulla\/wp-json\/wp\/v2\/comments?post=21974"}],"version-history":[{"count":2,"href":"https:\/\/agora.xtec.cat\/ins-sagulla\/wp-json\/wp\/v2\/posts\/21974\/revisions"}],"predecessor-version":[{"id":22002,"href":"https:\/\/agora.xtec.cat\/ins-sagulla\/wp-json\/wp\/v2\/posts\/21974\/revisions\/22002"}],"wp:featuredmedia":[{"embeddable":true,"href":"https:\/\/agora.xtec.cat\/ins-sagulla\/wp-json\/wp\/v2\/media\/21976"}],"wp:attachment":[{"href":"https:\/\/agora.xtec.cat\/ins-sagulla\/wp-json\/wp\/v2\/media?parent=21974"}],"wp:term":[{"taxonomy":"category","embeddable":true,"href":"https:\/\/agora.xtec.cat\/ins-sagulla\/wp-json\/wp\/v2\/categories?post=21974"},{"taxonomy":"post_tag","embeddable":true,"href":"https:\/\/agora.xtec.cat\/ins-sagulla\/wp-json\/wp\/v2\/tags?post=21974"}],"curies":[{"name":"wp","href":"https:\/\/api.w.org\/{rel}","templated":true}]}}