{"id":21958,"date":"2022-12-19T12:45:54","date_gmt":"2022-12-19T11:45:54","guid":{"rendered":"https:\/\/agora.xtec.cat\/ins-sagulla\/?p=21958"},"modified":"2022-12-19T12:45:54","modified_gmt":"2022-12-19T11:45:54","slug":"fp-challenge-una-oportunitat-per-deixar-volar-la-teva-imaginacio","status":"publish","type":"post","link":"https:\/\/agora.xtec.cat\/ins-sagulla\/general\/fp-challenge-una-oportunitat-per-deixar-volar-la-teva-imaginacio\/","title":{"rendered":"FP Challenge, una oportunitat per deixar volar la teva imaginaci\u00f3"},"content":{"rendered":"<p><span style=\"font-weight: 400;\">El dilluns 12 de desembre, va realitzar-se l&#8217;acte d&#8217;anunci dels guanyadors <strong>FP Challenge Centrinno 2022<\/strong> a nivell auton\u00f2mic de <\/span><span style=\"font-weight: 400;\">Catalunya. <\/span><\/p>\n<p><span style=\"font-weight: 400;\">L&#8217;institut hi va participar amb la representaci\u00f3 de tres grups d&#8217;alumnes. Els quals, van quedar finalistes de tres reptes:\u00a0<\/span><\/p>\n<p><span style=\"font-weight: 400;\">El primer repte: <em><strong>Texans pel clima,<\/strong><\/em> consistia a pensar noves maneres d\u2019impulsar o promoure la <strong>reutilitzaci\u00f3 de texans<\/strong> i l\u2019<strong>economia circular<\/strong>. <\/span><span style=\"font-weight: 400;\">En aquest repte, el finalista va ser un grup de <strong>2n curs de CFGS T\u00e8cnic\/a educaci\u00f3 infantil<\/strong>, format per les alumnes: Ainhoa Olmo, Carla Rinc\u00f3n, Estefani Rodr\u00edguez i Nerea Ruiz.<\/span><\/p>\n<figure class=\"figure wp-caption aligncenter\"><a href=\"https:\/\/agora.xtec.cat\/ins-sagulla\/wp-content\/uploads\/usu2114\/2022\/12\/IMG_1837-scaled.jpg\"><img loading=\"lazy\" decoding=\"async\" class=\"wp-image-21961 size-large\" src=\"https:\/\/agora.xtec.cat\/ins-sagulla\/wp-content\/uploads\/usu2114\/2022\/12\/IMG_1837-1024x768.jpg\" alt=\"\" width=\"1024\" height=\"768\" srcset=\"https:\/\/agora.xtec.cat\/ins-sagulla\/wp-content\/uploads\/usu2114\/2022\/12\/IMG_1837-1024x768.jpg 1024w, https:\/\/agora.xtec.cat\/ins-sagulla\/wp-content\/uploads\/usu2114\/2022\/12\/IMG_1837-300x225.jpg 300w, https:\/\/agora.xtec.cat\/ins-sagulla\/wp-content\/uploads\/usu2114\/2022\/12\/IMG_1837-768x576.jpg 768w, https:\/\/agora.xtec.cat\/ins-sagulla\/wp-content\/uploads\/usu2114\/2022\/12\/IMG_1837-1536x1152.jpg 1536w, https:\/\/agora.xtec.cat\/ins-sagulla\/wp-content\/uploads\/usu2114\/2022\/12\/IMG_1837-2048x1536.jpg 2048w, https:\/\/agora.xtec.cat\/ins-sagulla\/wp-content\/uploads\/usu2114\/2022\/12\/IMG_1837-200x150.jpg 200w\" sizes=\"auto, (max-width: 1024px) 100vw, 1024px\" \/><\/a><figcaption class=\"wp-caption-text\">Ainhoa Olmo, Carla Rinc\u00f3n, Estefani Rodr\u00edguez i Nerea Ruiz<\/figcaption><\/figure>\n<p>&nbsp;<\/p>\n<p><span style=\"font-weight: 400;\">El segon repte: <em><strong>Patis i teulades verdes<\/strong><\/em>, tractava d\u2019implementar un sistema per produir aliments de forma diferenciada, eficient i intensiva. En aquest repte van participar <a href=\"https:\/\/drive.google.com\/drive\/folders\/1snM4o012kB4f4AKW16-5tg7aqFsPBYqz\">Zone,<\/a> un grup de 2n curs de <strong>CFGS T\u00e8cnic\/a integraci\u00f3 social,<\/strong> format per: Gabriel Vacas, Yousra El Bouayadi , Eilin M\u00e9ndez i Carlos Merino.\u00a0 <\/span><b>\u00a0\u00a0\u00a0<\/b><\/p>\n<p><span style=\"font-weight: 400;\">El tercer repte: <em><strong>Agents de canvi sostenible<\/strong><\/em>, persones vulnerables com agents de canvi per a la naturalitzaci\u00f3 de la societat, t\u00e9 com a prop\u00f2sit<\/span><span style=\"font-weight: 400;\"> final formar, informar i empoderar a les persones com agents de canvi cap a una societat m\u00e9s sostenible i equilibrada. <\/span><\/p>\n<p><span style=\"font-weight: 400;\">El finalista va ser un grup de<strong> 2n curs de CFGM<\/strong>, T<strong>\u00e8cnic\/a en atenci\u00f3 a persones en situaci\u00f3 de depend\u00e8ncia<\/strong>, format per: Rafael Moreno, Neus Espinar, Carla Jimenez, Marta Mart\u00ednez i Anna Membrives.\u00a0 <\/span><b>\u00a0<\/b><b>\u00a0<\/b><\/p>\n<p><span style=\"font-weight: 400;\">Finalment, el nostre centre va resultar guanyador a nivell auton\u00f2mic del repte <em><strong>Texans pel clima<\/strong><\/em> on participaven 10 seus d&#8217;arreu del territori catal\u00e0. <\/span><\/p>\n<p><span style=\"font-weight: 400;\">El <a href=\"https:\/\/drive.google.com\/drive\/folders\/1snM4o012kB4f4AKW16-5tg7aqFsPBYqz\">projecte Createx<\/a> de les alumnes de 2n TEI va ser el guanyador final.\u00a0<\/span><\/p>\n<p><span style=\"font-weight: 400;\">A m\u00e9s, vam quedar en 2a posici\u00f3 en el repte<em><strong> Agents de canvi i persones vulnerables<\/strong> <\/em>amb <a href=\"https:\/\/drive.google.com\/drive\/folders\/1snM4o012kB4f4AKW16-5tg7aqFsPBYqz\">El projecte Mondo Othala<\/a> de 2n TAPSD.<\/span><\/p>\n<p><span style=\"font-weight: 400;\">Volem felicitar l&#8217;esfor\u00e7 fet per tot l\u00b4alumnat participant, per haver creat un projecte emprenedor des de l&#8217;inici fins el final, i donar l&#8217;enhorabona a l&#8217;equip guanyador i finalistes <strong>FP Challenge Centrinno<\/strong> 2022.\u00a0<\/span><\/p>\n<p>&nbsp;<\/p>\n<p>&nbsp;<\/p>\n","protected":false},"excerpt":{"rendered":"<p>El dilluns 12 de desembre, va realitzar-se l&#8217;acte d&#8217;anunci dels guanyadors FP Challenge Centrinno 2022 a nivell auton\u00f2mic de Catalunya.<br \/>\nL&#8217;institut hi va participar amb la representaci\u00f3 de tres grups d&#8217;alumnes. Els quals, van quedar finalistes de tres reptes:\u00a0<br \/>\nEl primer repte: Texans pel clima, consistia&hellip;  <a href=\"https:\/\/agora.xtec.cat\/ins-sagulla\/general\/fp-challenge-una-oportunitat-per-deixar-volar-la-teva-imaginacio\/\" title=\"Read FP Challenge, una oportunitat per deixar volar la teva imaginaci\u00f3\">Llegeix m\u00e9s\u00bb<\/a><\/p>\n","protected":false},"author":89,"featured_media":21961,"comment_status":"open","ping_status":"closed","sticky":false,"template":"","format":"standard","meta":{"_bbp_topic_count":0,"_bbp_reply_count":0,"_bbp_total_topic_count":0,"_bbp_total_reply_count":0,"_bbp_voice_count":0,"_bbp_anonymous_reply_count":0,"_bbp_topic_count_hidden":0,"_bbp_reply_count_hidden":0,"_bbp_forum_subforum_count":0,"footnotes":""},"categories":[297,299,301,695,150,30,152,1,213,153,29,336],"tags":[],"class_list":["post-21958","post","type-post","status-publish","format-standard","has-post-thumbnail","hentry","category-2n-tapsd","category-2n-tei","category-2n-tis","category-alumnat","category-cfgm-atencio-persones-situacio-dependencia","category-cicles-formatius","category-cfgs-educacio-infantil","category-general","category-grau-mitja","category-cfgs-integracio-social","category-portada","category-serveis-a-la-comunitat"],"post_mailing_queue_ids":[],"_links":{"self":[{"href":"https:\/\/agora.xtec.cat\/ins-sagulla\/wp-json\/wp\/v2\/posts\/21958","targetHints":{"allow":["GET"]}}],"collection":[{"href":"https:\/\/agora.xtec.cat\/ins-sagulla\/wp-json\/wp\/v2\/posts"}],"about":[{"href":"https:\/\/agora.xtec.cat\/ins-sagulla\/wp-json\/wp\/v2\/types\/post"}],"author":[{"embeddable":true,"href":"https:\/\/agora.xtec.cat\/ins-sagulla\/wp-json\/wp\/v2\/users\/89"}],"replies":[{"embeddable":true,"href":"https:\/\/agora.xtec.cat\/ins-sagulla\/wp-json\/wp\/v2\/comments?post=21958"}],"version-history":[{"count":3,"href":"https:\/\/agora.xtec.cat\/ins-sagulla\/wp-json\/wp\/v2\/posts\/21958\/revisions"}],"predecessor-version":[{"id":21995,"href":"https:\/\/agora.xtec.cat\/ins-sagulla\/wp-json\/wp\/v2\/posts\/21958\/revisions\/21995"}],"wp:featuredmedia":[{"embeddable":true,"href":"https:\/\/agora.xtec.cat\/ins-sagulla\/wp-json\/wp\/v2\/media\/21961"}],"wp:attachment":[{"href":"https:\/\/agora.xtec.cat\/ins-sagulla\/wp-json\/wp\/v2\/media?parent=21958"}],"wp:term":[{"taxonomy":"category","embeddable":true,"href":"https:\/\/agora.xtec.cat\/ins-sagulla\/wp-json\/wp\/v2\/categories?post=21958"},{"taxonomy":"post_tag","embeddable":true,"href":"https:\/\/agora.xtec.cat\/ins-sagulla\/wp-json\/wp\/v2\/tags?post=21958"}],"curies":[{"name":"wp","href":"https:\/\/api.w.org\/{rel}","templated":true}]}}