{"id":21953,"date":"2022-12-20T08:28:35","date_gmt":"2022-12-20T07:28:35","guid":{"rendered":"https:\/\/agora.xtec.cat\/ins-sagulla\/?p=21953"},"modified":"2023-01-18T13:51:54","modified_gmt":"2023-01-18T12:51:54","slug":"coneixem-el-nostre-entorn-sortida-a-peixos-ros","status":"publish","type":"post","link":"https:\/\/agora.xtec.cat\/ins-sagulla\/general\/coneixem-el-nostre-entorn-sortida-a-peixos-ros\/","title":{"rendered":"Coneixem el nostre entorn: sortida a Peixos Ros"},"content":{"rendered":"<p>L&#8217;alumnat de 3r de l&#8217;ESO va gaudir els passats 30 de novembre i 1 de desembre d&#8217;una sortida multidisciplinar, que va ser molt ben rebuda pels nois i noies que s&#8217;hi van sumar.<\/p>\n<p>Amb l&#8217;objectiu de con\u00e8ixer una mica millor el nostre entorn, la jornada va combinar tant la pr\u00e0ctica esportiva com l&#8217;apropament al ric teixit empresarial blanenc.<\/p>\n<p>La reconeguda empresa de Blanes Peixos Ros, especialitzada en comercialitzaci\u00f3, elaboraci\u00f3 i distribuci\u00f3 de productes del mar: peixos i maricos frescos i congelats, ens va oferir una interessant\u00edssima xerrada sobre el funcionament d&#8217;aquesta gran empresa de la Selva.<\/p>\n<p><a href=\"https:\/\/agora.xtec.cat\/ins-sagulla\/wp-content\/uploads\/usu2114\/2022\/12\/foto_.jpg\"><img loading=\"lazy\" decoding=\"async\" class=\"alignnone size-large wp-image-21992\" src=\"https:\/\/agora.xtec.cat\/ins-sagulla\/wp-content\/uploads\/usu2114\/2022\/12\/foto_-1024x605.jpg\" alt=\"\" width=\"1024\" height=\"605\" srcset=\"https:\/\/agora.xtec.cat\/ins-sagulla\/wp-content\/uploads\/usu2114\/2022\/12\/foto_-1024x605.jpg 1024w, https:\/\/agora.xtec.cat\/ins-sagulla\/wp-content\/uploads\/usu2114\/2022\/12\/foto_-300x177.jpg 300w, https:\/\/agora.xtec.cat\/ins-sagulla\/wp-content\/uploads\/usu2114\/2022\/12\/foto_-768x454.jpg 768w, https:\/\/agora.xtec.cat\/ins-sagulla\/wp-content\/uploads\/usu2114\/2022\/12\/foto_.jpg 1262w\" sizes=\"auto, (max-width: 1024px) 100vw, 1024px\" \/><\/a><\/p>\n<p>Despr\u00e9s d&#8217;aquest primer tastet, l&#8217;alumnat va poder veure de primera m\u00e0 com es treballa amb una visita pels principals espais de les seves instal\u00b7lacions.<\/p>\n<p><a href=\"https:\/\/agora.xtec.cat\/ins-sagulla\/wp-content\/uploads\/usu2114\/2022\/12\/IMG20221130120142.jpg\"><img loading=\"lazy\" decoding=\"async\" class=\"alignnone size-large wp-image-22023\" src=\"https:\/\/agora.xtec.cat\/ins-sagulla\/wp-content\/uploads\/usu2114\/2022\/12\/IMG20221130120142-1024x768.jpg\" alt=\"\" width=\"1024\" height=\"768\" srcset=\"https:\/\/agora.xtec.cat\/ins-sagulla\/wp-content\/uploads\/usu2114\/2022\/12\/IMG20221130120142-1024x768.jpg 1024w, https:\/\/agora.xtec.cat\/ins-sagulla\/wp-content\/uploads\/usu2114\/2022\/12\/IMG20221130120142-300x225.jpg 300w, https:\/\/agora.xtec.cat\/ins-sagulla\/wp-content\/uploads\/usu2114\/2022\/12\/IMG20221130120142-768x576.jpg 768w, https:\/\/agora.xtec.cat\/ins-sagulla\/wp-content\/uploads\/usu2114\/2022\/12\/IMG20221130120142-1536x1152.jpg 1536w, https:\/\/agora.xtec.cat\/ins-sagulla\/wp-content\/uploads\/usu2114\/2022\/12\/IMG20221130120142-200x150.jpg 200w, https:\/\/agora.xtec.cat\/ins-sagulla\/wp-content\/uploads\/usu2114\/2022\/12\/IMG20221130120142.jpg 2000w\" sizes=\"auto, (max-width: 1024px) 100vw, 1024px\" \/><\/a><\/p>\n<p>Paral\u00b7lelament, es van organitzar diferents partits de b\u00e0squet en format 3&#215;3 en qu\u00e8 els joves esportistes, a banda de passar una estona ben divertida, van demostrar les seves habilitats esportives.<\/p>\n<div><a href=\"https:\/\/agora.xtec.cat\/ins-sagulla\/wp-content\/uploads\/usu2114\/2022\/12\/IMG20221130124228.jpg\"><img loading=\"lazy\" decoding=\"async\" class=\"alignnone size-large wp-image-22021\" src=\"https:\/\/agora.xtec.cat\/ins-sagulla\/wp-content\/uploads\/usu2114\/2022\/12\/IMG20221130124228-1024x768.jpg\" alt=\"\" width=\"1024\" height=\"768\" srcset=\"https:\/\/agora.xtec.cat\/ins-sagulla\/wp-content\/uploads\/usu2114\/2022\/12\/IMG20221130124228-1024x768.jpg 1024w, https:\/\/agora.xtec.cat\/ins-sagulla\/wp-content\/uploads\/usu2114\/2022\/12\/IMG20221130124228-300x225.jpg 300w, https:\/\/agora.xtec.cat\/ins-sagulla\/wp-content\/uploads\/usu2114\/2022\/12\/IMG20221130124228-768x576.jpg 768w, https:\/\/agora.xtec.cat\/ins-sagulla\/wp-content\/uploads\/usu2114\/2022\/12\/IMG20221130124228-1536x1152.jpg 1536w, https:\/\/agora.xtec.cat\/ins-sagulla\/wp-content\/uploads\/usu2114\/2022\/12\/IMG20221130124228-200x150.jpg 200w, https:\/\/agora.xtec.cat\/ins-sagulla\/wp-content\/uploads\/usu2114\/2022\/12\/IMG20221130124228.jpg 2000w\" sizes=\"auto, (max-width: 1024px) 100vw, 1024px\" \/><\/a><\/div>\n","protected":false},"excerpt":{"rendered":"<p>L&#8217;alumnat de 3r de l&#8217;ESO va gaudir els passats 30 de novembre i 1 de desembre d&#8217;una sortida multidisciplinar, que va ser molt ben rebuda pels nois i noies que s&#8217;hi van sumar.<br \/>\nAmb l&#8217;objectiu de con\u00e8ixer una mica millor el nostre entorn, la jornada va&hellip;  <a href=\"https:\/\/agora.xtec.cat\/ins-sagulla\/general\/coneixem-el-nostre-entorn-sortida-a-peixos-ros\/\" title=\"Read Coneixem el nostre entorn: sortida a Peixos Ros\">Llegeix m\u00e9s\u00bb<\/a><\/p>\n","protected":false},"author":1,"featured_media":21992,"comment_status":"open","ping_status":"closed","sticky":false,"template":"","format":"standard","meta":{"_bbp_topic_count":0,"_bbp_reply_count":0,"_bbp_total_topic_count":0,"_bbp_total_reply_count":0,"_bbp_voice_count":0,"_bbp_anonymous_reply_count":0,"_bbp_topic_count_hidden":0,"_bbp_reply_count_hidden":0,"_bbp_forum_subforum_count":0,"footnotes":""},"categories":[6,322,1,29],"tags":[380,413,1136,1137,237,1138],"class_list":["post-21953","post","type-post","status-publish","format-standard","has-post-thumbnail","hentry","category-eso-3","category-fotos","category-general","category-portada","tag-basquet","tag-coneixement-de-lentorn","tag-peixos-ros","tag-practica-esportiva","tag-sortida","tag-teixit-empresarial"],"post_mailing_queue_ids":[],"_links":{"self":[{"href":"https:\/\/agora.xtec.cat\/ins-sagulla\/wp-json\/wp\/v2\/posts\/21953","targetHints":{"allow":["GET"]}}],"collection":[{"href":"https:\/\/agora.xtec.cat\/ins-sagulla\/wp-json\/wp\/v2\/posts"}],"about":[{"href":"https:\/\/agora.xtec.cat\/ins-sagulla\/wp-json\/wp\/v2\/types\/post"}],"author":[{"embeddable":true,"href":"https:\/\/agora.xtec.cat\/ins-sagulla\/wp-json\/wp\/v2\/users\/1"}],"replies":[{"embeddable":true,"href":"https:\/\/agora.xtec.cat\/ins-sagulla\/wp-json\/wp\/v2\/comments?post=21953"}],"version-history":[{"count":3,"href":"https:\/\/agora.xtec.cat\/ins-sagulla\/wp-json\/wp\/v2\/posts\/21953\/revisions"}],"predecessor-version":[{"id":22024,"href":"https:\/\/agora.xtec.cat\/ins-sagulla\/wp-json\/wp\/v2\/posts\/21953\/revisions\/22024"}],"wp:featuredmedia":[{"embeddable":true,"href":"https:\/\/agora.xtec.cat\/ins-sagulla\/wp-json\/wp\/v2\/media\/21992"}],"wp:attachment":[{"href":"https:\/\/agora.xtec.cat\/ins-sagulla\/wp-json\/wp\/v2\/media?parent=21953"}],"wp:term":[{"taxonomy":"category","embeddable":true,"href":"https:\/\/agora.xtec.cat\/ins-sagulla\/wp-json\/wp\/v2\/categories?post=21953"},{"taxonomy":"post_tag","embeddable":true,"href":"https:\/\/agora.xtec.cat\/ins-sagulla\/wp-json\/wp\/v2\/tags?post=21953"}],"curies":[{"name":"wp","href":"https:\/\/api.w.org\/{rel}","templated":true}]}}