{"id":2187,"date":"2021-02-19T10:39:15","date_gmt":"2021-02-19T09:39:15","guid":{"rendered":"https:\/\/agora.xtec.cat\/ins-sagulla\/?p=2187"},"modified":"2021-02-19T11:21:15","modified_gmt":"2021-02-19T10:21:15","slug":"xerrada-a-carrec-danna-grau-del-collegi-denginyers-tecnics","status":"publish","type":"post","link":"https:\/\/agora.xtec.cat\/ins-sagulla\/batxillerat\/xerrada-a-carrec-danna-grau-del-collegi-denginyers-tecnics\/","title":{"rendered":"Xerrada a c\u00e0rrec d&#8217;Anna Arnau, del Col\u00b7legi d&#8217;Enginyers T\u00e8cnics"},"content":{"rendered":"<p>Els alumnes de segon de Batxillerat de la modalitat cientificotecnol\u00f2gica han comen\u00e7at les <strong>tutories d&#8217;orientaci\u00f3<\/strong> amb una xerrada a c\u00e0rrec de l&#8217;Anna Arnau del <strong>Col\u00b7legi d&#8217;Enginyers T\u00e8cnics de Girona<\/strong>.<\/p>\n<p>D&#8217;aquesta manera, els nois i noies han pogut con\u00e8ixer de primera m\u00e0 els diversos graus relacionats amb l&#8217;<strong>\u00e0mbit\u00a0 tecnol\u00f2gic<\/strong> i el ventall de possibilitats que ofereixen aquests estudis.<\/p>\n<p><a href=\"https:\/\/agora.xtec.cat\/ins-sagulla\/wp-content\/uploads\/usu2114\/2021\/02\/Xerrada-tecnologia-1024x1024-1.jpg\"><img loading=\"lazy\" decoding=\"async\" class=\"alignnone size-full wp-image-2216\" src=\"https:\/\/agora.xtec.cat\/ins-sagulla\/wp-content\/uploads\/usu2114\/2021\/02\/Xerrada-tecnologia-1024x1024-1.jpg\" alt=\"\" width=\"1007\" height=\"576\" srcset=\"https:\/\/agora.xtec.cat\/ins-sagulla\/wp-content\/uploads\/usu2114\/2021\/02\/Xerrada-tecnologia-1024x1024-1.jpg 1007w, https:\/\/agora.xtec.cat\/ins-sagulla\/wp-content\/uploads\/usu2114\/2021\/02\/Xerrada-tecnologia-1024x1024-1-300x172.jpg 300w, https:\/\/agora.xtec.cat\/ins-sagulla\/wp-content\/uploads\/usu2114\/2021\/02\/Xerrada-tecnologia-1024x1024-1-768x439.jpg 768w\" sizes=\"auto, (max-width: 1007px) 100vw, 1007px\" \/><\/a><\/p>\n","protected":false},"excerpt":{"rendered":"<p>Els alumnes de segon de Batxillerat de la modalitat cientificotecnol\u00f2gica han comen\u00e7at les tutories d&#8217;orientaci\u00f3 amb una xerrada a c\u00e0rrec de l&#8217;Anna Arnau del Col\u00b7legi d&#8217;Enginyers T\u00e8cnics de Girona.<br \/>\nD&#8217;aquesta manera, els nois i noies han pogut con\u00e8ixer de primera m\u00e0 els diversos graus relacionats amb&hellip;  <a href=\"https:\/\/agora.xtec.cat\/ins-sagulla\/batxillerat\/xerrada-a-carrec-danna-grau-del-collegi-denginyers-tecnics\/\" title=\"Read Xerrada a c\u00e0rrec d&#8217;Anna Arnau, del Col\u00b7legi d&#8217;Enginyers T\u00e8cnics\">Llegeix m\u00e9s\u00bb<\/a><\/p>\n","protected":false},"author":71,"featured_media":2222,"comment_status":"open","ping_status":"closed","sticky":false,"template":"","format":"standard","meta":{"_bbp_topic_count":0,"_bbp_reply_count":0,"_bbp_total_topic_count":0,"_bbp_total_reply_count":0,"_bbp_voice_count":0,"_bbp_anonymous_reply_count":0,"_bbp_topic_count_hidden":0,"_bbp_reply_count_hidden":0,"_bbp_forum_subforum_count":0,"footnotes":""},"categories":[338,8,29],"tags":[410,409,402,411],"class_list":["post-2187","post","type-post","status-publish","format-standard","has-post-thumbnail","hentry","category-batx-2","category-batxillerat","category-portada","tag-ambit-tecnologic","tag-collegi-denginyers-tecnics","tag-orientacio-academica","tag-tutories-orientacio"],"post_mailing_queue_ids":[],"_links":{"self":[{"href":"https:\/\/agora.xtec.cat\/ins-sagulla\/wp-json\/wp\/v2\/posts\/2187","targetHints":{"allow":["GET"]}}],"collection":[{"href":"https:\/\/agora.xtec.cat\/ins-sagulla\/wp-json\/wp\/v2\/posts"}],"about":[{"href":"https:\/\/agora.xtec.cat\/ins-sagulla\/wp-json\/wp\/v2\/types\/post"}],"author":[{"embeddable":true,"href":"https:\/\/agora.xtec.cat\/ins-sagulla\/wp-json\/wp\/v2\/users\/71"}],"replies":[{"embeddable":true,"href":"https:\/\/agora.xtec.cat\/ins-sagulla\/wp-json\/wp\/v2\/comments?post=2187"}],"version-history":[{"count":3,"href":"https:\/\/agora.xtec.cat\/ins-sagulla\/wp-json\/wp\/v2\/posts\/2187\/revisions"}],"predecessor-version":[{"id":2217,"href":"https:\/\/agora.xtec.cat\/ins-sagulla\/wp-json\/wp\/v2\/posts\/2187\/revisions\/2217"}],"wp:featuredmedia":[{"embeddable":true,"href":"https:\/\/agora.xtec.cat\/ins-sagulla\/wp-json\/wp\/v2\/media\/2222"}],"wp:attachment":[{"href":"https:\/\/agora.xtec.cat\/ins-sagulla\/wp-json\/wp\/v2\/media?parent=2187"}],"wp:term":[{"taxonomy":"category","embeddable":true,"href":"https:\/\/agora.xtec.cat\/ins-sagulla\/wp-json\/wp\/v2\/categories?post=2187"},{"taxonomy":"post_tag","embeddable":true,"href":"https:\/\/agora.xtec.cat\/ins-sagulla\/wp-json\/wp\/v2\/tags?post=2187"}],"curies":[{"name":"wp","href":"https:\/\/api.w.org\/{rel}","templated":true}]}}