{"id":21860,"date":"2022-11-26T18:12:50","date_gmt":"2022-11-26T17:12:50","guid":{"rendered":"https:\/\/agora.xtec.cat\/ins-sagulla\/?p=21860"},"modified":"2022-11-27T13:30:38","modified_gmt":"2022-11-27T12:30:38","slug":"ens-informem-de-les-noves-propostes-de-joventut-blanes","status":"publish","type":"post","link":"https:\/\/agora.xtec.cat\/ins-sagulla\/eso\/ens-informem-de-les-noves-propostes-de-joventut-blanes\/","title":{"rendered":"Ens informem de les noves propostes de Joventut Blanes!"},"content":{"rendered":"<p>T\u00e8cnics juvenils de l&#8217;Ajuntament de Blanes van venir el 24 de novembre a presentar-nos el <strong>Projecte Connexions<\/strong>, tot aprofitant l&#8217;estona d&#8217;esbarjo.<\/p>\n<p><a href=\"https:\/\/agora.xtec.cat\/ins-sagulla\/wp-content\/uploads\/usu2114\/2022\/11\/tusiqueblanes_ajuntament_blanes1.png\"><img loading=\"lazy\" decoding=\"async\" class=\"alignnone wp-image-21861 size-full\" src=\"https:\/\/agora.xtec.cat\/ins-sagulla\/wp-content\/uploads\/usu2114\/2022\/11\/tusiqueblanes_ajuntament_blanes1-e1669552194721.png\" alt=\"\" width=\"894\" height=\"617\" srcset=\"https:\/\/agora.xtec.cat\/ins-sagulla\/wp-content\/uploads\/usu2114\/2022\/11\/tusiqueblanes_ajuntament_blanes1-e1669552194721.png 894w, https:\/\/agora.xtec.cat\/ins-sagulla\/wp-content\/uploads\/usu2114\/2022\/11\/tusiqueblanes_ajuntament_blanes1-e1669552194721-300x207.png 300w, https:\/\/agora.xtec.cat\/ins-sagulla\/wp-content\/uploads\/usu2114\/2022\/11\/tusiqueblanes_ajuntament_blanes1-e1669552194721-768x530.png 768w\" sizes=\"auto, (max-width: 894px) 100vw, 894px\" \/><\/a><\/p>\n<p>A banda, van donar-nos a con\u00e8ixer el <strong>Tu s\u00ed que Blanes<\/strong>, la tercera edici\u00f3 d&#8217;aquest celebrat concurs de talents juvenils, que tindr\u00e0 lloc el <strong>17 de desembre<\/strong>.<\/p>\n<p>La franja d&#8217;edat que hi pot participar \u00e9s dels <strong>14 als 25 anys<\/strong>.<\/p>\n<p><a href=\"https:\/\/agora.xtec.cat\/ins-sagulla\/wp-content\/uploads\/usu2114\/2022\/11\/tusiqueblanes_ajuntament_blanes.png\"><img loading=\"lazy\" decoding=\"async\" class=\"alignnone wp-image-21862 size-full\" src=\"https:\/\/agora.xtec.cat\/ins-sagulla\/wp-content\/uploads\/usu2114\/2022\/11\/tusiqueblanes_ajuntament_blanes-e1669552181657.png\" alt=\"\" width=\"884\" height=\"668\" srcset=\"https:\/\/agora.xtec.cat\/ins-sagulla\/wp-content\/uploads\/usu2114\/2022\/11\/tusiqueblanes_ajuntament_blanes-e1669552181657.png 884w, https:\/\/agora.xtec.cat\/ins-sagulla\/wp-content\/uploads\/usu2114\/2022\/11\/tusiqueblanes_ajuntament_blanes-e1669552181657-300x227.png 300w, https:\/\/agora.xtec.cat\/ins-sagulla\/wp-content\/uploads\/usu2114\/2022\/11\/tusiqueblanes_ajuntament_blanes-e1669552181657-768x580.png 768w, https:\/\/agora.xtec.cat\/ins-sagulla\/wp-content\/uploads\/usu2114\/2022\/11\/tusiqueblanes_ajuntament_blanes-e1669552181657-200x150.png 200w\" sizes=\"auto, (max-width: 884px) 100vw, 884px\" \/><\/a><\/p>\n<p>Ben aviat us explicarem tots els detalls, mentrestant&#8230;<\/p>\n<p>Estigueu al dia de les \u00faltimes informacions per a joves a l&#8217;Instagram <a href=\"https:\/\/www.instagram.com\/joventut.blanes\/\">@joventut.blanes<\/a><\/p>\n","protected":false},"excerpt":{"rendered":"<p>T\u00e8cnics juvenils de l&#8217;Ajuntament de Blanes van venir el 24 de novembre a presentar-nos el Projecte Connexions, tot aprofitant l&#8217;estona d&#8217;esbarjo.<br \/>\n<a href=\"https:\/\/agora.xtec.cat\/ins-sagulla\/wp-content\/uploads\/usu2114\/2022\/11\/tusiqueblanes_ajuntament_blanes1.png\"><\/a><br \/>\nA banda, van donar-nos a con\u00e8ixer el Tu s\u00ed que Blanes, la tercera edici\u00f3 d&#8217;aquest celebrat concurs de talents juvenils, que tindr\u00e0 lloc el&hellip;  <a href=\"https:\/\/agora.xtec.cat\/ins-sagulla\/eso\/ens-informem-de-les-noves-propostes-de-joventut-blanes\/\" title=\"Read Ens informem de les noves propostes de Joventut Blanes!\">Llegeix m\u00e9s\u00bb<\/a><\/p>\n","protected":false},"author":1,"featured_media":21861,"comment_status":"open","ping_status":"closed","sticky":false,"template":"","format":"standard","meta":{"_bbp_topic_count":0,"_bbp_reply_count":0,"_bbp_total_topic_count":0,"_bbp_total_reply_count":0,"_bbp_voice_count":0,"_bbp_anonymous_reply_count":0,"_bbp_topic_count_hidden":0,"_bbp_reply_count_hidden":0,"_bbp_forum_subforum_count":0,"footnotes":""},"categories":[8,3,30,29,431],"tags":[205,489,376,685,792,1108,40,1107],"class_list":["post-21860","post","type-post","status-publish","format-standard","has-post-thumbnail","hentry","category-batxillerat","category-eso","category-cicles-formatius","category-portada","category-reconeixements-i-concursos","tag-ajuntament-de-blanes","tag-area-de-joventut","tag-creativitat","tag-cultura","tag-musica","tag-projecte-connexions","tag-teatre","tag-tu-si-que-blanes"],"post_mailing_queue_ids":[],"_links":{"self":[{"href":"https:\/\/agora.xtec.cat\/ins-sagulla\/wp-json\/wp\/v2\/posts\/21860","targetHints":{"allow":["GET"]}}],"collection":[{"href":"https:\/\/agora.xtec.cat\/ins-sagulla\/wp-json\/wp\/v2\/posts"}],"about":[{"href":"https:\/\/agora.xtec.cat\/ins-sagulla\/wp-json\/wp\/v2\/types\/post"}],"author":[{"embeddable":true,"href":"https:\/\/agora.xtec.cat\/ins-sagulla\/wp-json\/wp\/v2\/users\/1"}],"replies":[{"embeddable":true,"href":"https:\/\/agora.xtec.cat\/ins-sagulla\/wp-json\/wp\/v2\/comments?post=21860"}],"version-history":[{"count":2,"href":"https:\/\/agora.xtec.cat\/ins-sagulla\/wp-json\/wp\/v2\/posts\/21860\/revisions"}],"predecessor-version":[{"id":21872,"href":"https:\/\/agora.xtec.cat\/ins-sagulla\/wp-json\/wp\/v2\/posts\/21860\/revisions\/21872"}],"wp:featuredmedia":[{"embeddable":true,"href":"https:\/\/agora.xtec.cat\/ins-sagulla\/wp-json\/wp\/v2\/media\/21861"}],"wp:attachment":[{"href":"https:\/\/agora.xtec.cat\/ins-sagulla\/wp-json\/wp\/v2\/media?parent=21860"}],"wp:term":[{"taxonomy":"category","embeddable":true,"href":"https:\/\/agora.xtec.cat\/ins-sagulla\/wp-json\/wp\/v2\/categories?post=21860"},{"taxonomy":"post_tag","embeddable":true,"href":"https:\/\/agora.xtec.cat\/ins-sagulla\/wp-json\/wp\/v2\/tags?post=21860"}],"curies":[{"name":"wp","href":"https:\/\/api.w.org\/{rel}","templated":true}]}}