{"id":21842,"date":"2022-11-25T12:43:37","date_gmt":"2022-11-25T11:43:37","guid":{"rendered":"https:\/\/agora.xtec.cat\/ins-sagulla\/?p=21842"},"modified":"2022-11-25T12:54:20","modified_gmt":"2022-11-25T11:54:20","slug":"manifest-25n-per-a-leliminacio-de-la-violencia-envers-les-dones","status":"publish","type":"post","link":"https:\/\/agora.xtec.cat\/ins-sagulla\/general\/manifest-25n-per-a-leliminacio-de-la-violencia-envers-les-dones\/","title":{"rendered":"25N, Dia Internacional per l\u2019Erradicaci\u00f3 de la Viol\u00e8ncia vers les Dones"},"content":{"rendered":"<p style=\"text-align: justify;\">Avui 25 de novembre, Dia internacional per l&#8217;Erradicaci\u00f3 de la Viol\u00e8ncia vers les Dones, els alumnes de <strong>1r A de Batxillerat<\/strong> han elaborat un <strong>manifest<\/strong> que es llegir\u00e0 entre avui i la setmana vinent a totes les tutories del centre. Per altra banda, els alumnes de <strong>4rt d&#8217;ESO <\/strong>han dissenyat p\u00f2sters reivindicatius i els han penjat pel centre. (Foto de portada)<\/p>\n<p><a href=\"https:\/\/agora.xtec.cat\/ins-sagulla\/wp-content\/uploads\/usu2114\/2022\/11\/PHOTO-2022-11-25-12-25-42-1.jpg\"><img loading=\"lazy\" decoding=\"async\" class=\"alignnone wp-image-21851 size-large\" src=\"https:\/\/agora.xtec.cat\/ins-sagulla\/wp-content\/uploads\/usu2114\/2022\/11\/PHOTO-2022-11-25-12-25-42-1-e1669377141921-1024x525.jpg\" alt=\"\" width=\"1024\" height=\"525\" srcset=\"https:\/\/agora.xtec.cat\/ins-sagulla\/wp-content\/uploads\/usu2114\/2022\/11\/PHOTO-2022-11-25-12-25-42-1-e1669377141921-1024x525.jpg 1024w, https:\/\/agora.xtec.cat\/ins-sagulla\/wp-content\/uploads\/usu2114\/2022\/11\/PHOTO-2022-11-25-12-25-42-1-e1669377141921-300x154.jpg 300w, https:\/\/agora.xtec.cat\/ins-sagulla\/wp-content\/uploads\/usu2114\/2022\/11\/PHOTO-2022-11-25-12-25-42-1-e1669377141921-768x393.jpg 768w, https:\/\/agora.xtec.cat\/ins-sagulla\/wp-content\/uploads\/usu2114\/2022\/11\/PHOTO-2022-11-25-12-25-42-1-e1669377141921-1536x787.jpg 1536w, https:\/\/agora.xtec.cat\/ins-sagulla\/wp-content\/uploads\/usu2114\/2022\/11\/PHOTO-2022-11-25-12-25-42-1-e1669377141921.jpg 2048w\" sizes=\"auto, (max-width: 1024px) 100vw, 1024px\" \/><\/a><\/p>\n<p><a href=\"https:\/\/agora.xtec.cat\/ins-sagulla\/wp-content\/uploads\/usu2114\/2022\/11\/PHOTO-2022-11-25-12-25-44.jpg\"><img loading=\"lazy\" decoding=\"async\" class=\"alignnone size-large wp-image-21852\" src=\"https:\/\/agora.xtec.cat\/ins-sagulla\/wp-content\/uploads\/usu2114\/2022\/11\/PHOTO-2022-11-25-12-25-44-768x1024.jpg\" alt=\"\" width=\"768\" height=\"1024\" srcset=\"https:\/\/agora.xtec.cat\/ins-sagulla\/wp-content\/uploads\/usu2114\/2022\/11\/PHOTO-2022-11-25-12-25-44-768x1024.jpg 768w, https:\/\/agora.xtec.cat\/ins-sagulla\/wp-content\/uploads\/usu2114\/2022\/11\/PHOTO-2022-11-25-12-25-44-225x300.jpg 225w, https:\/\/agora.xtec.cat\/ins-sagulla\/wp-content\/uploads\/usu2114\/2022\/11\/PHOTO-2022-11-25-12-25-44-1152x1536.jpg 1152w, https:\/\/agora.xtec.cat\/ins-sagulla\/wp-content\/uploads\/usu2114\/2022\/11\/PHOTO-2022-11-25-12-25-44.jpg 1536w\" sizes=\"auto, (max-width: 768px) 100vw, 768px\" \/><\/a><\/p>\n<p>&nbsp;<\/p>\n<p style=\"text-align: justify;\"><strong>Manifest 25N per a l&#8217;Eliminaci\u00f3 de la Viol\u00e8ncia envers les Dones<\/strong><\/p>\n<p style=\"text-align: justify;\">Avui, 25 de novembre de 2022, \u00e9s el Dia Internacional per a l&#8217;Eliminaci\u00f3 de la Viol\u00e8ncia envers les Dones. Des de l\u2019Institut S\u2019Agulla volem que totes les accions al voltant d\u2019aquesta data s\u2019estenguin a tots els dies de l\u2019any. La lluita per una vida lliure de viol\u00e8ncies ha de ser di\u00e0ria.<\/p>\n<p style=\"text-align: justify;\">Les viol\u00e8ncies envers les dones representen una greu vulneraci\u00f3 dels drets humans. Tot i que s\u2019avan\u00e7a amb les lleis, en la societat o les institucions, encara no hi ha prou perqu\u00e8 ens continuen assassinant, violant, maltractant, insultant i menyspreant.<\/p>\n<p style=\"text-align: justify;\">Aquestes viol\u00e8ncies tenen moltes formes, no nom\u00e9s la f\u00edsica, la psicol\u00f2gica i la sexual; hi ha d\u2019altres com la vic\u00e0ria (que \u00e9s la que s\u2019exerceix a fills o filles), la obst\u00e8trica (\u00e9s la que fa refer\u00e8ncia a les pr\u00e0ctiques irrespectuoses durant l\u2019embar\u00e0s, en el moment de parir o el puerperi), l\u2019econ\u00f2mica, la digital i la de segon ordre (aquesta s\u2019exerceix contra les persones que ajuden o defensen dones que s\u00f3n v\u00edctimes de viol\u00e8ncies masclistes).<\/p>\n<p style=\"text-align: justify;\">La viol\u00e8ncia que genera el sistema patriarcal no nom\u00e9s va dirigida contra les dones, sin\u00f3 que va m\u00e9s enll\u00e0, actua contra infants, fam\u00edlies, i contra tota persona que s\u2019aparti del rol binari d\u2019home i dona, o que tinguin identitats o expressions de g\u00e8nere diferents. \u00c9s una expressi\u00f3 d\u2019ab\u00fas contra qui s\u2019aparta dels postulats heteropatriarcals.<\/p>\n<p style=\"text-align: justify;\">No hi ha cap ra\u00f3 que justifiqui exercir la viol\u00e8ncia: no \u00e9s per la biologia, ni per la cultura, ni per la tradici\u00f3. La viol\u00e8ncia envers les dones no \u00e9s una broma! Per una vida lliure de viol\u00e8ncies masclistes!<\/p>\n<p>Paola Carvalho<br \/>\nFran G\u00f3mez<br \/>\nDami\u00e0 Pons<\/p>\n","protected":false},"excerpt":{"rendered":"<p>Avui 25 de novembre, Dia internacional per l&#8217;Erradicaci\u00f3 de la Viol\u00e8ncia vers les Dones, els alumnes de 1r A de Batxillerat han elaborat un manifest que es llegir\u00e0 entre avui i la setmana vinent a totes les tutories del centre. Per altra banda, els alumnes&hellip;  <a href=\"https:\/\/agora.xtec.cat\/ins-sagulla\/general\/manifest-25n-per-a-leliminacio-de-la-violencia-envers-les-dones\/\" title=\"Read 25N, Dia Internacional per l\u2019Erradicaci\u00f3 de la Viol\u00e8ncia vers les Dones\">Llegeix m\u00e9s\u00bb<\/a><\/p>\n","protected":false},"author":1,"featured_media":21846,"comment_status":"open","ping_status":"closed","sticky":false,"template":"","format":"standard","meta":{"_bbp_topic_count":0,"_bbp_reply_count":0,"_bbp_total_topic_count":0,"_bbp_total_reply_count":0,"_bbp_voice_count":0,"_bbp_anonymous_reply_count":0,"_bbp_topic_count_hidden":0,"_bbp_reply_count_hidden":0,"_bbp_forum_subforum_count":0,"footnotes":""},"categories":[337,8,7,1,29],"tags":[763,436,1110,849,876,905],"class_list":["post-21842","post","type-post","status-publish","format-standard","has-post-thumbnail","hentry","category-batx-1","category-batxillerat","category-eso-4","category-general","category-portada","tag-25n","tag-dia-internacional","tag-eliminacio-de-la-violencia-vers-les-dones","tag-manifest","tag-violencia","tag-violencia-masclista"],"post_mailing_queue_ids":[],"_links":{"self":[{"href":"https:\/\/agora.xtec.cat\/ins-sagulla\/wp-json\/wp\/v2\/posts\/21842","targetHints":{"allow":["GET"]}}],"collection":[{"href":"https:\/\/agora.xtec.cat\/ins-sagulla\/wp-json\/wp\/v2\/posts"}],"about":[{"href":"https:\/\/agora.xtec.cat\/ins-sagulla\/wp-json\/wp\/v2\/types\/post"}],"author":[{"embeddable":true,"href":"https:\/\/agora.xtec.cat\/ins-sagulla\/wp-json\/wp\/v2\/users\/1"}],"replies":[{"embeddable":true,"href":"https:\/\/agora.xtec.cat\/ins-sagulla\/wp-json\/wp\/v2\/comments?post=21842"}],"version-history":[{"count":3,"href":"https:\/\/agora.xtec.cat\/ins-sagulla\/wp-json\/wp\/v2\/posts\/21842\/revisions"}],"predecessor-version":[{"id":21854,"href":"https:\/\/agora.xtec.cat\/ins-sagulla\/wp-json\/wp\/v2\/posts\/21842\/revisions\/21854"}],"wp:featuredmedia":[{"embeddable":true,"href":"https:\/\/agora.xtec.cat\/ins-sagulla\/wp-json\/wp\/v2\/media\/21846"}],"wp:attachment":[{"href":"https:\/\/agora.xtec.cat\/ins-sagulla\/wp-json\/wp\/v2\/media?parent=21842"}],"wp:term":[{"taxonomy":"category","embeddable":true,"href":"https:\/\/agora.xtec.cat\/ins-sagulla\/wp-json\/wp\/v2\/categories?post=21842"},{"taxonomy":"post_tag","embeddable":true,"href":"https:\/\/agora.xtec.cat\/ins-sagulla\/wp-json\/wp\/v2\/tags?post=21842"}],"curies":[{"name":"wp","href":"https:\/\/api.w.org\/{rel}","templated":true}]}}