{"id":21778,"date":"2022-11-24T12:31:42","date_gmt":"2022-11-24T11:31:42","guid":{"rendered":"https:\/\/agora.xtec.cat\/ins-sagulla\/?p=21778"},"modified":"2022-11-24T12:32:35","modified_gmt":"2022-11-24T11:32:35","slug":"don-som-projecte-de-socials-1rb","status":"publish","type":"post","link":"https:\/\/agora.xtec.cat\/ins-sagulla\/eso\/eso-1\/don-som-projecte-de-socials-1rb\/","title":{"rendered":"D&#8217;on som? Projecte de socials 1rB"},"content":{"rendered":"<p><span style=\"font-weight: 400;\">Els alumnes de <strong>1r B d&#8217;ESO<\/strong>, hem fet un treball de <strong>socials<\/strong>, en el que investigavem d\u2019on venen els nostres avis, els nostres pares i nosaltres. <\/span><\/p>\n<p><span style=\"font-weight: 400;\">A continuaci\u00f3, us explicarem les dades i els resultats:<\/span><\/p>\n<p><span style=\"font-weight: 400;\">Per comen\u00e7ar, us explicarem d\u2019on s\u00f3n els avis. Hi ha un total de 78 avis: de <strong>Catalunya<\/strong>, hi ha 22 avis, d\u2019<strong>Espanya<\/strong> (Andalusia, Extremadura, Castilla la Mancha, Pa\u00eds Vasc) hi ha 19 avis i de l\u2019<strong>estranger<\/strong> (\u00c0frica, Am\u00e8rica, Europa, \u00c0sia) hi ha 37 avis.<\/span><\/p>\n<p><a href=\"https:\/\/agora.xtec.cat\/ins-sagulla\/wp-content\/uploads\/usu2114\/2022\/11\/grafic-1.png\"><img loading=\"lazy\" decoding=\"async\" class=\"alignnone size-full wp-image-21817\" src=\"https:\/\/agora.xtec.cat\/ins-sagulla\/wp-content\/uploads\/usu2114\/2022\/11\/grafic-1.png\" alt=\"\" width=\"674\" height=\"421\" srcset=\"https:\/\/agora.xtec.cat\/ins-sagulla\/wp-content\/uploads\/usu2114\/2022\/11\/grafic-1.png 674w, https:\/\/agora.xtec.cat\/ins-sagulla\/wp-content\/uploads\/usu2114\/2022\/11\/grafic-1-300x187.png 300w\" sizes=\"auto, (max-width: 674px) 100vw, 674px\" \/><\/a><\/p>\n<p><span style=\"font-weight: 400;\">Seguidament, de <strong>Catalunya<\/strong> hi han 18 pares, d&#8217;<strong>Espanya<\/strong> (Andalusia, Extremadura) hi han 2 pares i de l&#8217;<strong>estranger<\/strong> (\u00c0frica, Am\u00e8rica) 17 pares en total hi ha 36 pares.<\/span><\/p>\n<p><a href=\"https:\/\/agora.xtec.cat\/ins-sagulla\/wp-content\/uploads\/usu2114\/2022\/11\/grafic-2.png\"><img loading=\"lazy\" decoding=\"async\" class=\"alignnone size-full wp-image-21818\" src=\"https:\/\/agora.xtec.cat\/ins-sagulla\/wp-content\/uploads\/usu2114\/2022\/11\/grafic-2.png\" alt=\"\" width=\"761\" height=\"455\" srcset=\"https:\/\/agora.xtec.cat\/ins-sagulla\/wp-content\/uploads\/usu2114\/2022\/11\/grafic-2.png 761w, https:\/\/agora.xtec.cat\/ins-sagulla\/wp-content\/uploads\/usu2114\/2022\/11\/grafic-2-300x179.png 300w\" sizes=\"auto, (max-width: 761px) 100vw, 761px\" \/><\/a><\/p>\n<p><span style=\"font-weight: 400;\">En el cas dels alumnes, 19 de nosaltres som de <strong>Catalunya<\/strong>, 1 de nosaltres \u00e9s d\u2019<strong>Espanya<\/strong> i 1 de nosaltres \u00e9s de l\u2019<strong>estranger<\/strong>.<\/span><\/p>\n<p><a href=\"https:\/\/agora.xtec.cat\/ins-sagulla\/wp-content\/uploads\/usu2114\/2022\/11\/grafic-3.png\"><img loading=\"lazy\" decoding=\"async\" class=\"alignnone size-full wp-image-21819\" src=\"https:\/\/agora.xtec.cat\/ins-sagulla\/wp-content\/uploads\/usu2114\/2022\/11\/grafic-3.png\" alt=\"\" width=\"718\" height=\"411\" srcset=\"https:\/\/agora.xtec.cat\/ins-sagulla\/wp-content\/uploads\/usu2114\/2022\/11\/grafic-3.png 718w, https:\/\/agora.xtec.cat\/ins-sagulla\/wp-content\/uploads\/usu2114\/2022\/11\/grafic-3-300x172.png 300w\" sizes=\"auto, (max-width: 718px) 100vw, 718px\" \/><\/a><\/p>\n<p><span style=\"font-weight: 400;\">En conclusi\u00f3, les nostres estad\u00edstiques ens han donat aquests resultats: els nostres avis, la majoria venen de l&#8217;estranger, els pares majorit\u00e0riament venen de Catalunya i nosaltres quasi tots de Catalunya. <\/span><\/p>\n<p>Laia, Pau i Clara<\/p>\n<p>&nbsp;<\/p>\n","protected":false},"excerpt":{"rendered":"<p>Els alumnes de 1r B d&#8217;ESO, hem fet un treball de socials, en el que investigavem d\u2019on venen els nostres avis, els nostres pares i nosaltres.<br \/>\nA continuaci\u00f3, us explicarem les dades i els resultats:<br \/>\nPer comen\u00e7ar, us explicarem d\u2019on s\u00f3n els avis. Hi ha un&hellip;  <a href=\"https:\/\/agora.xtec.cat\/ins-sagulla\/eso\/eso-1\/don-som-projecte-de-socials-1rb\/\" title=\"Read D&#8217;on som? Projecte de socials 1rB\">Llegeix m\u00e9s\u00bb<\/a><\/p>\n","protected":false},"author":164,"featured_media":21819,"comment_status":"open","ping_status":"closed","sticky":false,"template":"","format":"standard","meta":{"_bbp_topic_count":0,"_bbp_reply_count":0,"_bbp_total_topic_count":0,"_bbp_total_reply_count":0,"_bbp_voice_count":0,"_bbp_anonymous_reply_count":0,"_bbp_topic_count_hidden":0,"_bbp_reply_count_hidden":0,"_bbp_forum_subforum_count":0,"footnotes":""},"categories":[313,4,29],"tags":[1095,253,1092,1097,1096],"class_list":["post-21778","post","type-post","status-publish","format-standard","has-post-thumbnail","hentry","category-ciencies-socials","category-eso-1","category-portada","tag-avis","tag-blanes","tag-els-nostres-avis","tag-nosaltres","tag-pares"],"post_mailing_queue_ids":[],"_links":{"self":[{"href":"https:\/\/agora.xtec.cat\/ins-sagulla\/wp-json\/wp\/v2\/posts\/21778","targetHints":{"allow":["GET"]}}],"collection":[{"href":"https:\/\/agora.xtec.cat\/ins-sagulla\/wp-json\/wp\/v2\/posts"}],"about":[{"href":"https:\/\/agora.xtec.cat\/ins-sagulla\/wp-json\/wp\/v2\/types\/post"}],"author":[{"embeddable":true,"href":"https:\/\/agora.xtec.cat\/ins-sagulla\/wp-json\/wp\/v2\/users\/164"}],"replies":[{"embeddable":true,"href":"https:\/\/agora.xtec.cat\/ins-sagulla\/wp-json\/wp\/v2\/comments?post=21778"}],"version-history":[{"count":3,"href":"https:\/\/agora.xtec.cat\/ins-sagulla\/wp-json\/wp\/v2\/posts\/21778\/revisions"}],"predecessor-version":[{"id":21821,"href":"https:\/\/agora.xtec.cat\/ins-sagulla\/wp-json\/wp\/v2\/posts\/21778\/revisions\/21821"}],"wp:featuredmedia":[{"embeddable":true,"href":"https:\/\/agora.xtec.cat\/ins-sagulla\/wp-json\/wp\/v2\/media\/21819"}],"wp:attachment":[{"href":"https:\/\/agora.xtec.cat\/ins-sagulla\/wp-json\/wp\/v2\/media?parent=21778"}],"wp:term":[{"taxonomy":"category","embeddable":true,"href":"https:\/\/agora.xtec.cat\/ins-sagulla\/wp-json\/wp\/v2\/categories?post=21778"},{"taxonomy":"post_tag","embeddable":true,"href":"https:\/\/agora.xtec.cat\/ins-sagulla\/wp-json\/wp\/v2\/tags?post=21778"}],"curies":[{"name":"wp","href":"https:\/\/api.w.org\/{rel}","templated":true}]}}