{"id":21677,"date":"2022-11-07T12:32:19","date_gmt":"2022-11-07T11:32:19","guid":{"rendered":"https:\/\/agora.xtec.cat\/ins-sagulla\/?p=21677"},"modified":"2022-11-07T12:43:25","modified_gmt":"2022-11-07T11:43:25","slug":"fpchallenge-una-oportunitat-per-deixar-volar-la-teva-imaginacio","status":"publish","type":"post","link":"https:\/\/agora.xtec.cat\/ins-sagulla\/general\/fpchallenge-una-oportunitat-per-deixar-volar-la-teva-imaginacio\/","title":{"rendered":"FPChallenge, una oportunitat per deixar volar la teva imaginaci\u00f3"},"content":{"rendered":"<p>Dem\u00e0 <strong>8 de novembre <\/strong>l&#8217;institut\u00a0ser\u00e0 la seu de la segona edici\u00f3 de la <strong>hackat\u00f3 Centrinno<\/strong>, un esdeveniment impulsat pel projecte europeu de recerca <strong>Centrinno<\/strong>.<\/p>\n<p>Els <a href=\"https:\/\/sites.google.com\/xtec.cat\/fpchallenge\/inici\"><strong>FP challenge<\/strong><\/a> s\u00f3n <em>hackatons<\/em> on equips d&#8217;estudiants desenvoluparan solucions als diferents reptes proposats per empreses i organitzacions vinculades per <strong>Fab Lab Barcelona<\/strong>,<strong> ImpulsFP<\/strong> (Departament d&#8217;Educaci\u00f3 de la Generalitat de Catalunya) i <strong>Poblenou Urban District<\/strong>. Aquests reptes estan connectats amb economia circular, el patrimoni, la producci\u00f3 local, la inclusi\u00f3 social i la innovaci\u00f3 des de la formaci\u00f3 professional.<\/p>\n<p>L\u00b4alumnat del<strong> CFGS de\u00a02n de TIS<\/strong> participar\u00e0 en el <em>hackat\u00f3<\/em> <strong>\u201cPatis i teulades verds: Producci\u00f3 d\u2019aliments a AKASHA Hub Barcelona \u201c<\/strong>. Aquest repte consisteix en dissenyar iniciatives d&#8217;economia social i mediambiental, apropant la producci\u00f3 i el consum d\u2019aliments, i reduir-ne la petjada ecol\u00f2gica.<\/p>\n<p>I l&#8217;alumnat de <strong>CFGM de 2n de TAPSD<\/strong> realitzar\u00e0 un segon repte: <strong>\u201cAgents de canvi sostenible: Persones vulnerables com agents de canvi per a la naturalitzaci\u00f3 de la societat\u201d<\/strong> . Aquest repte consisteix a dur a terme una proposta de metodologia de treball amb persones en risc d\u2019exclusi\u00f3 social per al desenvolupament i l\u2019\u00fas de biomaterials i altres activitats de l&#8217;empresa Naifactory Lab.<\/p>\n<p>El prop\u00f2sit final d\u2019aquesta metodologia \u00e9s formar, informar i empoderar a les persones com agents de canvi cap a una societat m\u00e9s sostenible i equilibrada.<\/p>\n<p><a href=\"https:\/\/agora.xtec.cat\/ins-sagulla\/wp-content\/uploads\/usu2114\/2022\/11\/pasted-image-0-1.png\"><img loading=\"lazy\" decoding=\"async\" class=\"alignnone size-full wp-image-21679\" src=\"https:\/\/agora.xtec.cat\/ins-sagulla\/wp-content\/uploads\/usu2114\/2022\/11\/pasted-image-0-1.png\" alt=\"\" width=\"532\" height=\"723\" srcset=\"https:\/\/agora.xtec.cat\/ins-sagulla\/wp-content\/uploads\/usu2114\/2022\/11\/pasted-image-0-1.png 532w, https:\/\/agora.xtec.cat\/ins-sagulla\/wp-content\/uploads\/usu2114\/2022\/11\/pasted-image-0-1-221x300.png 221w\" sizes=\"auto, (max-width: 532px) 100vw, 532px\" \/><\/a><\/p>\n<p><a href=\"https:\/\/agora.xtec.cat\/ins-sagulla\/wp-content\/uploads\/usu2114\/2022\/11\/Cartell-S\u00b4AGULLA-FP-Challenge-Centinno_PLANTILLA.docx-2.pdf\">Cartell S\u00b4AGULLA FP Challenge Centinno_PLANTILLA.docx (2)<\/a><\/p>\n","protected":false},"excerpt":{"rendered":"<p>Dem\u00e0 8 de novembre l&#8217;institut\u00a0ser\u00e0 la seu de la segona edici\u00f3 de la hackat\u00f3 Centrinno, un esdeveniment impulsat pel projecte europeu de recerca Centrinno.<br \/>\nEls <a href=\"https:\/\/sites.google.com\/xtec.cat\/fpchallenge\/inici\">FP challenge<\/a> s\u00f3n hackatons on equips d&#8217;estudiants desenvoluparan solucions als diferents reptes proposats per empreses i organitzacions vinculades per Fab&hellip;  <a href=\"https:\/\/agora.xtec.cat\/ins-sagulla\/general\/fpchallenge-una-oportunitat-per-deixar-volar-la-teva-imaginacio\/\" title=\"Read FPChallenge, una oportunitat per deixar volar la teva imaginaci\u00f3\">Llegeix m\u00e9s\u00bb<\/a><\/p>\n","protected":false},"author":1,"featured_media":21678,"comment_status":"open","ping_status":"closed","sticky":false,"template":"","format":"standard","meta":{"_bbp_topic_count":0,"_bbp_reply_count":0,"_bbp_total_topic_count":0,"_bbp_total_reply_count":0,"_bbp_voice_count":0,"_bbp_anonymous_reply_count":0,"_bbp_topic_count_hidden":0,"_bbp_reply_count_hidden":0,"_bbp_forum_subforum_count":0,"footnotes":""},"categories":[297,301,150,1,153,29,336],"tags":[1057,1060,1055,1059,1056,1058],"class_list":["post-21677","post","type-post","status-publish","format-standard","has-post-thumbnail","hentry","category-2n-tapsd","category-2n-tis","category-cfgm-atencio-persones-situacio-dependencia","category-general","category-cfgs-integracio-social","category-portada","category-serveis-a-la-comunitat","tag-fab-lab-barcelona","tag-fp-challenge","tag-fpchallenge","tag-hackato-centrinno","tag-impulsfp","tag-poblenou-urban-district"],"post_mailing_queue_ids":[],"_links":{"self":[{"href":"https:\/\/agora.xtec.cat\/ins-sagulla\/wp-json\/wp\/v2\/posts\/21677","targetHints":{"allow":["GET"]}}],"collection":[{"href":"https:\/\/agora.xtec.cat\/ins-sagulla\/wp-json\/wp\/v2\/posts"}],"about":[{"href":"https:\/\/agora.xtec.cat\/ins-sagulla\/wp-json\/wp\/v2\/types\/post"}],"author":[{"embeddable":true,"href":"https:\/\/agora.xtec.cat\/ins-sagulla\/wp-json\/wp\/v2\/users\/1"}],"replies":[{"embeddable":true,"href":"https:\/\/agora.xtec.cat\/ins-sagulla\/wp-json\/wp\/v2\/comments?post=21677"}],"version-history":[{"count":3,"href":"https:\/\/agora.xtec.cat\/ins-sagulla\/wp-json\/wp\/v2\/posts\/21677\/revisions"}],"predecessor-version":[{"id":21703,"href":"https:\/\/agora.xtec.cat\/ins-sagulla\/wp-json\/wp\/v2\/posts\/21677\/revisions\/21703"}],"wp:featuredmedia":[{"embeddable":true,"href":"https:\/\/agora.xtec.cat\/ins-sagulla\/wp-json\/wp\/v2\/media\/21678"}],"wp:attachment":[{"href":"https:\/\/agora.xtec.cat\/ins-sagulla\/wp-json\/wp\/v2\/media?parent=21677"}],"wp:term":[{"taxonomy":"category","embeddable":true,"href":"https:\/\/agora.xtec.cat\/ins-sagulla\/wp-json\/wp\/v2\/categories?post=21677"},{"taxonomy":"post_tag","embeddable":true,"href":"https:\/\/agora.xtec.cat\/ins-sagulla\/wp-json\/wp\/v2\/tags?post=21677"}],"curies":[{"name":"wp","href":"https:\/\/api.w.org\/{rel}","templated":true}]}}