{"id":21660,"date":"2022-11-02T16:27:58","date_gmt":"2022-11-02T15:27:58","guid":{"rendered":"https:\/\/agora.xtec.cat\/ins-sagulla\/?p=21660"},"modified":"2022-11-02T16:29:07","modified_gmt":"2022-11-02T15:29:07","slug":"no-solo-duelen-los-golpes","status":"publish","type":"post","link":"https:\/\/agora.xtec.cat\/ins-sagulla\/portada\/no-solo-duelen-los-golpes\/","title":{"rendered":"No solo duelen los golpes"},"content":{"rendered":"<p>El passat <strong>dijous 27 d&#8217;octubre<\/strong>, l&#8217;alumnat i professorat de Serveis Socioculturals i a la Comunitat va assistir al Teatre de Blanes. All\u00e0 va gaudir, de manera gratu\u00efta, de l&#8217;obra de teatre &#8211; mon\u00f2leg &#8220;No solo duelen los golpes&#8221; de <em>Pamela Palenciano<\/em>, actriu de teatre i activista feminista andalusa.<\/p>\n<p>Aquesta obra t\u00e9 l&#8217;objectiu de conscienciar a la poblaci\u00f3 sobre els diferents tipus de viol\u00e8ncia a trav\u00e9s del relat de la seva experi\u00e8ncia personal. Aix\u00f2 ha estat possible gr\u00e0cies al <strong>Projecte Elles<\/strong> que varen desenvolupar un grup d&#8217;alumnes del CFGS d&#8217;Integraci\u00f3 Social del centre, el curs passat curs.<\/p>\n<p>A continuaci\u00f3 podeu veure algunes imatges de la jornada.<\/p>\n<p><a href=\"https:\/\/agora.xtec.cat\/ins-sagulla\/wp-content\/uploads\/usu2114\/2022\/10\/e9bb79d2-0bf9-4ee7-a4fc-81455cea089b.jpg\"><img loading=\"lazy\" decoding=\"async\" class=\"alignnone size-large wp-image-21663\" src=\"https:\/\/agora.xtec.cat\/ins-sagulla\/wp-content\/uploads\/usu2114\/2022\/10\/e9bb79d2-0bf9-4ee7-a4fc-81455cea089b-1024x472.jpg\" alt=\"\" width=\"1024\" height=\"472\" srcset=\"https:\/\/agora.xtec.cat\/ins-sagulla\/wp-content\/uploads\/usu2114\/2022\/10\/e9bb79d2-0bf9-4ee7-a4fc-81455cea089b-1024x472.jpg 1024w, https:\/\/agora.xtec.cat\/ins-sagulla\/wp-content\/uploads\/usu2114\/2022\/10\/e9bb79d2-0bf9-4ee7-a4fc-81455cea089b-300x138.jpg 300w, https:\/\/agora.xtec.cat\/ins-sagulla\/wp-content\/uploads\/usu2114\/2022\/10\/e9bb79d2-0bf9-4ee7-a4fc-81455cea089b-768x354.jpg 768w, https:\/\/agora.xtec.cat\/ins-sagulla\/wp-content\/uploads\/usu2114\/2022\/10\/e9bb79d2-0bf9-4ee7-a4fc-81455cea089b-1536x708.jpg 1536w, https:\/\/agora.xtec.cat\/ins-sagulla\/wp-content\/uploads\/usu2114\/2022\/10\/e9bb79d2-0bf9-4ee7-a4fc-81455cea089b.jpg 1600w\" sizes=\"auto, (max-width: 1024px) 100vw, 1024px\" \/><\/a><\/p>\n<p><a href=\"https:\/\/agora.xtec.cat\/ins-sagulla\/wp-content\/uploads\/usu2114\/2022\/10\/5dfb529a-1534-4fe2-8dde-58654506f5be.jpg\"><img loading=\"lazy\" decoding=\"async\" class=\"alignnone size-large wp-image-21661\" src=\"https:\/\/agora.xtec.cat\/ins-sagulla\/wp-content\/uploads\/usu2114\/2022\/10\/5dfb529a-1534-4fe2-8dde-58654506f5be-1024x768.jpg\" alt=\"\" width=\"1024\" height=\"768\" \/><\/a><\/p>\n<p><a href=\"https:\/\/agora.xtec.cat\/ins-sagulla\/wp-content\/uploads\/usu2114\/2022\/10\/IMG_2856.jpg\"><img loading=\"lazy\" decoding=\"async\" class=\"alignnone size-large wp-image-21667\" src=\"https:\/\/agora.xtec.cat\/ins-sagulla\/wp-content\/uploads\/usu2114\/2022\/10\/IMG_2856-1024x763.jpg\" alt=\"\" width=\"1024\" height=\"763\" srcset=\"https:\/\/agora.xtec.cat\/ins-sagulla\/wp-content\/uploads\/usu2114\/2022\/10\/IMG_2856-1024x763.jpg 1024w, https:\/\/agora.xtec.cat\/ins-sagulla\/wp-content\/uploads\/usu2114\/2022\/10\/IMG_2856-300x224.jpg 300w, https:\/\/agora.xtec.cat\/ins-sagulla\/wp-content\/uploads\/usu2114\/2022\/10\/IMG_2856-768x572.jpg 768w, https:\/\/agora.xtec.cat\/ins-sagulla\/wp-content\/uploads\/usu2114\/2022\/10\/IMG_2856-200x150.jpg 200w, https:\/\/agora.xtec.cat\/ins-sagulla\/wp-content\/uploads\/usu2114\/2022\/10\/IMG_2856.jpg 1284w\" sizes=\"auto, (max-width: 1024px) 100vw, 1024px\" \/><\/a><\/p>\n","protected":false},"excerpt":{"rendered":"<p>El passat dijous 27 d&#8217;octubre, l&#8217;alumnat i professorat de Serveis Socioculturals i a la Comunitat va assistir al Teatre de Blanes. All\u00e0 va gaudir, de manera gratu\u00efta, de l&#8217;obra de teatre &#8211; mon\u00f2leg &#8220;No solo duelen los golpes&#8221; de Pamela Palenciano, actriu de teatre i&hellip;  <a href=\"https:\/\/agora.xtec.cat\/ins-sagulla\/portada\/no-solo-duelen-los-golpes\/\" title=\"Read No solo duelen los golpes\">Llegeix m\u00e9s\u00bb<\/a><\/p>\n","protected":false},"author":79,"featured_media":21661,"comment_status":"open","ping_status":"closed","sticky":false,"template":"","format":"standard","meta":{"_bbp_topic_count":0,"_bbp_reply_count":0,"_bbp_total_topic_count":0,"_bbp_total_reply_count":0,"_bbp_voice_count":0,"_bbp_anonymous_reply_count":0,"_bbp_topic_count_hidden":0,"_bbp_reply_count_hidden":0,"_bbp_forum_subforum_count":0,"footnotes":""},"categories":[695,150,30,152,213,214,153,29,336],"tags":[553,931,880,876],"class_list":["post-21660","post","type-post","status-publish","format-standard","has-post-thumbnail","hentry","category-alumnat","category-cfgm-atencio-persones-situacio-dependencia","category-cicles-formatius","category-cfgs-educacio-infantil","category-grau-mitja","category-grau-superior","category-cfgs-integracio-social","category-portada","category-serveis-a-la-comunitat","tag-micro-violencia","tag-projecte-elles","tag-teatre-de-blanes","tag-violencia"],"post_mailing_queue_ids":[],"_links":{"self":[{"href":"https:\/\/agora.xtec.cat\/ins-sagulla\/wp-json\/wp\/v2\/posts\/21660","targetHints":{"allow":["GET"]}}],"collection":[{"href":"https:\/\/agora.xtec.cat\/ins-sagulla\/wp-json\/wp\/v2\/posts"}],"about":[{"href":"https:\/\/agora.xtec.cat\/ins-sagulla\/wp-json\/wp\/v2\/types\/post"}],"author":[{"embeddable":true,"href":"https:\/\/agora.xtec.cat\/ins-sagulla\/wp-json\/wp\/v2\/users\/79"}],"replies":[{"embeddable":true,"href":"https:\/\/agora.xtec.cat\/ins-sagulla\/wp-json\/wp\/v2\/comments?post=21660"}],"version-history":[{"count":3,"href":"https:\/\/agora.xtec.cat\/ins-sagulla\/wp-json\/wp\/v2\/posts\/21660\/revisions"}],"predecessor-version":[{"id":21673,"href":"https:\/\/agora.xtec.cat\/ins-sagulla\/wp-json\/wp\/v2\/posts\/21660\/revisions\/21673"}],"wp:featuredmedia":[{"embeddable":true,"href":"https:\/\/agora.xtec.cat\/ins-sagulla\/wp-json\/wp\/v2\/media\/21661"}],"wp:attachment":[{"href":"https:\/\/agora.xtec.cat\/ins-sagulla\/wp-json\/wp\/v2\/media?parent=21660"}],"wp:term":[{"taxonomy":"category","embeddable":true,"href":"https:\/\/agora.xtec.cat\/ins-sagulla\/wp-json\/wp\/v2\/categories?post=21660"},{"taxonomy":"post_tag","embeddable":true,"href":"https:\/\/agora.xtec.cat\/ins-sagulla\/wp-json\/wp\/v2\/tags?post=21660"}],"curies":[{"name":"wp","href":"https:\/\/api.w.org\/{rel}","templated":true}]}}