{"id":21618,"date":"2022-10-26T13:31:59","date_gmt":"2022-10-26T11:31:59","guid":{"rendered":"https:\/\/agora.xtec.cat\/ins-sagulla\/?p=21618"},"modified":"2022-10-26T13:32:25","modified_gmt":"2022-10-26T11:32:25","slug":"congres-sobre-les-energies-renovables-i-no-renovables","status":"publish","type":"post","link":"https:\/\/agora.xtec.cat\/ins-sagulla\/general\/congres-sobre-les-energies-renovables-i-no-renovables\/","title":{"rendered":"Congr\u00e9s sobre les energies renovables i no renovables"},"content":{"rendered":"<p>L&#8217;alumnat de 2n d&#8217;ESO ha fet un congr\u00e9s sobre els diferents energies. L&#8217;objectiu plantejat era que els alumnes, organitzats en grups, aprofundissin sobre un tipus d&#8217;energia i despr\u00e9s l&#8217;expliquessin als companys, mitjan\u00e7ant una exposici\u00f3 oral.<\/p>\n<p>S&#8217;han treballat les energies seg\u00fcents:<\/p>\n<ul>\n<li>No renovables: t\u00e8rmica i nuclear.<\/li>\n<li>Renovables: hidr\u00e0ulica, solar, e\u00f2lica, biomassa, geot\u00e8rmica i mareomotriu.<\/li>\n<\/ul>\n<p>De manera individual i amb l&#8217;ajut d&#8217;un petit dossier, els alumnes han dut a terme diverses activitats, entre elles, elaborar un tr\u00edptic.<\/p>\n<p>En grup, han fet un mural, una proposta d&#8217;examen tipus test, una presentaci\u00f3 i el gui\u00f3 per a l&#8217;exposici\u00f3 oral.<\/p>\n<p><a href=\"https:\/\/agora.xtec.cat\/ins-sagulla\/wp-content\/uploads\/usu2114\/2022\/10\/1-1.jpg\"><img loading=\"lazy\" decoding=\"async\" class=\"alignnone size-large wp-image-21619\" src=\"https:\/\/agora.xtec.cat\/ins-sagulla\/wp-content\/uploads\/usu2114\/2022\/10\/1-1-1024x768.jpg\" alt=\"\" width=\"1024\" height=\"768\" srcset=\"https:\/\/agora.xtec.cat\/ins-sagulla\/wp-content\/uploads\/usu2114\/2022\/10\/1-1-1024x768.jpg 1024w, https:\/\/agora.xtec.cat\/ins-sagulla\/wp-content\/uploads\/usu2114\/2022\/10\/1-1-300x225.jpg 300w, https:\/\/agora.xtec.cat\/ins-sagulla\/wp-content\/uploads\/usu2114\/2022\/10\/1-1-768x576.jpg 768w, https:\/\/agora.xtec.cat\/ins-sagulla\/wp-content\/uploads\/usu2114\/2022\/10\/1-1-200x150.jpg 200w, https:\/\/agora.xtec.cat\/ins-sagulla\/wp-content\/uploads\/usu2114\/2022\/10\/1-1.jpg 1217w\" sizes=\"auto, (max-width: 1024px) 100vw, 1024px\" \/><\/a><\/p>\n<p><a href=\"https:\/\/agora.xtec.cat\/ins-sagulla\/wp-content\/uploads\/usu2114\/2022\/10\/2-1.jpg\"><img loading=\"lazy\" decoding=\"async\" class=\"alignnone size-large wp-image-21620\" src=\"https:\/\/agora.xtec.cat\/ins-sagulla\/wp-content\/uploads\/usu2114\/2022\/10\/2-1-1024x768.jpg\" alt=\"\" width=\"1024\" height=\"768\" srcset=\"https:\/\/agora.xtec.cat\/ins-sagulla\/wp-content\/uploads\/usu2114\/2022\/10\/2-1-1024x768.jpg 1024w, https:\/\/agora.xtec.cat\/ins-sagulla\/wp-content\/uploads\/usu2114\/2022\/10\/2-1-300x225.jpg 300w, https:\/\/agora.xtec.cat\/ins-sagulla\/wp-content\/uploads\/usu2114\/2022\/10\/2-1-768x576.jpg 768w, https:\/\/agora.xtec.cat\/ins-sagulla\/wp-content\/uploads\/usu2114\/2022\/10\/2-1-200x150.jpg 200w, https:\/\/agora.xtec.cat\/ins-sagulla\/wp-content\/uploads\/usu2114\/2022\/10\/2-1.jpg 1217w\" sizes=\"auto, (max-width: 1024px) 100vw, 1024px\" \/><\/a><\/p>\n<p>&nbsp;<\/p>\n<p>&nbsp;<\/p>\n","protected":false},"excerpt":{"rendered":"<p>L&#8217;alumnat de 2n d&#8217;ESO ha fet un congr\u00e9s sobre els diferents energies. L&#8217;objectiu plantejat era que els alumnes, organitzats en grups, aprofundissin sobre un tipus d&#8217;energia i despr\u00e9s l&#8217;expliquessin als companys, mitjan\u00e7ant una exposici\u00f3 oral.<br \/>\nS&#8217;han treballat les energies seg\u00fcents:<\/p>\n<ul>\n<li>No renovables: t\u00e8rmica i nuclear.<\/li>\n<li>Renovables: hidr\u00e0ulica, solar,&hellip;  <a href=\"https:\/\/agora.xtec.cat\/ins-sagulla\/general\/congres-sobre-les-energies-renovables-i-no-renovables\/\" title=\"Read Congr\u00e9s sobre les energies renovables i no renovables\">Llegeix m\u00e9s\u00bb<\/a><br \/>\n","protected":false},"author":70,"featured_media":21620,"comment_status":"open","ping_status":"closed","sticky":false,"template":"","format":"standard","meta":{"_bbp_topic_count":0,"_bbp_reply_count":0,"_bbp_total_topic_count":0,"_bbp_total_reply_count":0,"_bbp_voice_count":0,"_bbp_anonymous_reply_count":0,"_bbp_topic_count_hidden":0,"_bbp_reply_count_hidden":0,"_bbp_forum_subforum_count":0,"footnotes":""},"categories":[5,1,29,308],"tags":[370,131,117],"class_list":["post-21618","post","type-post","status-publish","format-standard","has-post-thumbnail","hentry","category-eso-2","category-general","category-portada","category-tecnologia","tag-energia-renovable","tag-eso","tag-tecnologia"],"post_mailing_queue_ids":[],"_links":{"self":[{"href":"https:\/\/agora.xtec.cat\/ins-sagulla\/wp-json\/wp\/v2\/posts\/21618","targetHints":{"allow":["GET"]}}],"collection":[{"href":"https:\/\/agora.xtec.cat\/ins-sagulla\/wp-json\/wp\/v2\/posts"}],"about":[{"href":"https:\/\/agora.xtec.cat\/ins-sagulla\/wp-json\/wp\/v2\/types\/post"}],"author":[{"embeddable":true,"href":"https:\/\/agora.xtec.cat\/ins-sagulla\/wp-json\/wp\/v2\/users\/70"}],"replies":[{"embeddable":true,"href":"https:\/\/agora.xtec.cat\/ins-sagulla\/wp-json\/wp\/v2\/comments?post=21618"}],"version-history":[{"count":3,"href":"https:\/\/agora.xtec.cat\/ins-sagulla\/wp-json\/wp\/v2\/posts\/21618\/revisions"}],"predecessor-version":[{"id":21648,"href":"https:\/\/agora.xtec.cat\/ins-sagulla\/wp-json\/wp\/v2\/posts\/21618\/revisions\/21648"}],"wp:featuredmedia":[{"embeddable":true,"href":"https:\/\/agora.xtec.cat\/ins-sagulla\/wp-json\/wp\/v2\/media\/21620"}],"wp:attachment":[{"href":"https:\/\/agora.xtec.cat\/ins-sagulla\/wp-json\/wp\/v2\/media?parent=21618"}],"wp:term":[{"taxonomy":"category","embeddable":true,"href":"https:\/\/agora.xtec.cat\/ins-sagulla\/wp-json\/wp\/v2\/categories?post=21618"},{"taxonomy":"post_tag","embeddable":true,"href":"https:\/\/agora.xtec.cat\/ins-sagulla\/wp-json\/wp\/v2\/tags?post=21618"}],"curies":[{"name":"wp","href":"https:\/\/api.w.org\/{rel}","templated":true}]}}