{"id":21503,"date":"2022-10-05T13:44:45","date_gmt":"2022-10-05T11:44:45","guid":{"rendered":"https:\/\/agora.xtec.cat\/ins-sagulla\/?p=21503"},"modified":"2022-10-05T17:06:20","modified_gmt":"2022-10-05T15:06:20","slug":"wanted-bibliosagulla-necessita-un-logo","status":"publish","type":"post","link":"https:\/\/agora.xtec.cat\/ins-sagulla\/portada\/wanted-bibliosagulla-necessita-un-logo\/","title":{"rendered":"BiblioSagulla necessita un logo"},"content":{"rendered":"<p>La biblioteca de l&#8217;institut, BiblioSagulla, busca logotip i us anima a dissenyar-ne un!<\/p>\n<p>BiblioSagulla escollir\u00e0 un logotip, a partir de totes les propostes que rebi, i l&#8217;elecci\u00f3 es far\u00e0 el <strong>24 d&#8217;octubre<\/strong>, coincidint amb el <strong>Dia Internacional de les Biblioteques<\/strong>.<\/p>\n<p>Tothom que vulgui participar, pot entregar el seu disseny a la biblioteca durant l&#8217;hora del pati o enviar-lo en format digital a l&#8217;adre\u00e7a de correu <a href=\"mailto:bibliosagulla@institutsagulla.cat\">bibliosagulla@institutsagulla.cat<\/a><\/p>\n<p>Som-hi!<\/p>\n<p><a href=\"https:\/\/agora.xtec.cat\/ins-sagulla\/wp-content\/uploads\/usu2114\/2022\/10\/Es-busca-logo-per-a-BiblioSagulla.pdf\">Es busca logo per a BiblioSagulla<\/a><\/p>\n<p><a href=\"https:\/\/agora.xtec.cat\/ins-sagulla\/wp-content\/uploads\/usu2114\/2022\/10\/Wanted-Student-Recognition-Poster_page-0001.jpg\"><img loading=\"lazy\" decoding=\"async\" class=\"alignnone size-large wp-image-21507\" src=\"https:\/\/agora.xtec.cat\/ins-sagulla\/wp-content\/uploads\/usu2114\/2022\/10\/Wanted-Student-Recognition-Poster_page-0001-724x1024.jpg\" alt=\"\" width=\"724\" height=\"1024\" \/><\/a><\/p>\n<p><a href=\"https:\/\/agora.xtec.cat\/ins-sagulla\/wp-content\/uploads\/usu2114\/2022\/10\/Wanted-Student-Recognition-Poster_page-0002.jpg\"><img loading=\"lazy\" decoding=\"async\" class=\"alignnone size-large wp-image-21512\" src=\"https:\/\/agora.xtec.cat\/ins-sagulla\/wp-content\/uploads\/usu2114\/2022\/10\/Wanted-Student-Recognition-Poster_page-0002-724x1024.jpg\" alt=\"\" width=\"724\" height=\"1024\" srcset=\"https:\/\/agora.xtec.cat\/ins-sagulla\/wp-content\/uploads\/usu2114\/2022\/10\/Wanted-Student-Recognition-Poster_page-0002-724x1024.jpg 724w, https:\/\/agora.xtec.cat\/ins-sagulla\/wp-content\/uploads\/usu2114\/2022\/10\/Wanted-Student-Recognition-Poster_page-0002-212x300.jpg 212w, https:\/\/agora.xtec.cat\/ins-sagulla\/wp-content\/uploads\/usu2114\/2022\/10\/Wanted-Student-Recognition-Poster_page-0002-768x1086.jpg 768w, https:\/\/agora.xtec.cat\/ins-sagulla\/wp-content\/uploads\/usu2114\/2022\/10\/Wanted-Student-Recognition-Poster_page-0002.jpg 1024w\" sizes=\"auto, (max-width: 724px) 100vw, 724px\" \/><\/a><\/p>\n<p>&nbsp;<\/p>\n","protected":false},"excerpt":{"rendered":"<p>La biblioteca de l&#8217;institut, BiblioSagulla, busca logotip i us anima a dissenyar-ne un!<br \/>\nBiblioSagulla escollir\u00e0 un logotip, a partir de totes les propostes que rebi, i l&#8217;elecci\u00f3 es far\u00e0 el 24 d&#8217;octubre, coincidint amb el Dia Internacional de les Biblioteques.<br \/>\nTothom que vulgui participar, pot entregar el&hellip;  <a href=\"https:\/\/agora.xtec.cat\/ins-sagulla\/portada\/wanted-bibliosagulla-necessita-un-logo\/\" title=\"Read BiblioSagulla necessita un logo\">Llegeix m\u00e9s\u00bb<\/a><\/p>\n","protected":false},"author":1,"featured_media":21507,"comment_status":"closed","ping_status":"closed","sticky":false,"template":"","format":"standard","meta":{"_bbp_topic_count":0,"_bbp_reply_count":0,"_bbp_total_topic_count":0,"_bbp_total_reply_count":0,"_bbp_voice_count":0,"_bbp_anonymous_reply_count":0,"_bbp_topic_count_hidden":0,"_bbp_reply_count_hidden":0,"_bbp_forum_subforum_count":0,"footnotes":""},"categories":[695,1039,363,29],"tags":[1036,1035,329,1040],"class_list":["post-21503","post","type-post","status-publish","format-standard","has-post-thumbnail","hentry","category-alumnat","category-biblio-sagulla","category-biblioteca","category-portada","tag-bibliosagulla","tag-biblioteca","tag-concurs","tag-logotip"],"post_mailing_queue_ids":[],"_links":{"self":[{"href":"https:\/\/agora.xtec.cat\/ins-sagulla\/wp-json\/wp\/v2\/posts\/21503","targetHints":{"allow":["GET"]}}],"collection":[{"href":"https:\/\/agora.xtec.cat\/ins-sagulla\/wp-json\/wp\/v2\/posts"}],"about":[{"href":"https:\/\/agora.xtec.cat\/ins-sagulla\/wp-json\/wp\/v2\/types\/post"}],"author":[{"embeddable":true,"href":"https:\/\/agora.xtec.cat\/ins-sagulla\/wp-json\/wp\/v2\/users\/1"}],"replies":[{"embeddable":true,"href":"https:\/\/agora.xtec.cat\/ins-sagulla\/wp-json\/wp\/v2\/comments?post=21503"}],"version-history":[{"count":3,"href":"https:\/\/agora.xtec.cat\/ins-sagulla\/wp-json\/wp\/v2\/posts\/21503\/revisions"}],"predecessor-version":[{"id":21543,"href":"https:\/\/agora.xtec.cat\/ins-sagulla\/wp-json\/wp\/v2\/posts\/21503\/revisions\/21543"}],"wp:featuredmedia":[{"embeddable":true,"href":"https:\/\/agora.xtec.cat\/ins-sagulla\/wp-json\/wp\/v2\/media\/21507"}],"wp:attachment":[{"href":"https:\/\/agora.xtec.cat\/ins-sagulla\/wp-json\/wp\/v2\/media?parent=21503"}],"wp:term":[{"taxonomy":"category","embeddable":true,"href":"https:\/\/agora.xtec.cat\/ins-sagulla\/wp-json\/wp\/v2\/categories?post=21503"},{"taxonomy":"post_tag","embeddable":true,"href":"https:\/\/agora.xtec.cat\/ins-sagulla\/wp-json\/wp\/v2\/tags?post=21503"}],"curies":[{"name":"wp","href":"https:\/\/api.w.org\/{rel}","templated":true}]}}