{"id":2135,"date":"2021-02-13T11:02:53","date_gmt":"2021-02-13T10:02:53","guid":{"rendered":"https:\/\/agora.xtec.cat\/ins-sagulla\/?p=2135"},"modified":"2021-02-16T12:43:35","modified_gmt":"2021-02-16T11:43:35","slug":"comenca-lorientacio-a-4t","status":"publish","type":"post","link":"https:\/\/agora.xtec.cat\/ins-sagulla\/general\/comenca-lorientacio-a-4t\/","title":{"rendered":"Comen\u00e7a l&#8217;orientaci\u00f3 a 4rt ESO!"},"content":{"rendered":"<p align=\"justify\">Des del Departament d\u2019Orientaci\u00f3 s\u2019han iniciat les <strong>sessions d\u2019orientaci\u00f3 acad\u00e8mica<\/strong> per a l&#8217;alumnat de 4rt d\u2019ESO.<\/p>\n<p align=\"justify\">Aquesta iniciativa pret\u00e9n <strong>informar i ajudar a la presa de decisi\u00f3<\/strong> de tots aquests alumnes, valorant les seves motivacions, interessos, habilitats i destreses.<\/p>\n<p align=\"justify\">En aquest sentit, coneixerem com funciona el Sistema Educatiu i els <strong>diferents itineraris formatius<\/strong> post obligatoris que podran escollir. Els alumnes aprofundiran tamb\u00e9 en els seus punts forts i d\u00e8bils a trav\u00e9s de diferents din\u00e0miques d\u2019autoconeixement.<\/p>\n<p align=\"justify\">Aquestes sessions es portaran a terme al llarg de tot el segon i tercer trimestre en un <strong>acompanyament grupal i individual<\/strong> que es perllongar\u00e0 fins a les <strong>preinscripcions de Batxillerat i Cicles<\/strong>,\u00a0en el mes de maig.<\/p>\n<p align=\"justify\"><a href=\"https:\/\/agora.xtec.cat\/ins-sagulla\/wp-content\/uploads\/usu2114\/2021\/02\/Orientaci\u00f3-4t-ESO-Institut-SAgulla-Blanes-1024x760-1.jpg\"><img loading=\"lazy\" decoding=\"async\" class=\"alignnone size-full wp-image-2169\" src=\"https:\/\/agora.xtec.cat\/ins-sagulla\/wp-content\/uploads\/usu2114\/2021\/02\/Orientaci\u00f3-4t-ESO-Institut-SAgulla-Blanes-1024x760-1.jpg\" alt=\"\" width=\"926\" height=\"504\" srcset=\"https:\/\/agora.xtec.cat\/ins-sagulla\/wp-content\/uploads\/usu2114\/2021\/02\/Orientaci\u00f3-4t-ESO-Institut-SAgulla-Blanes-1024x760-1.jpg 926w, https:\/\/agora.xtec.cat\/ins-sagulla\/wp-content\/uploads\/usu2114\/2021\/02\/Orientaci\u00f3-4t-ESO-Institut-SAgulla-Blanes-1024x760-1-300x163.jpg 300w, https:\/\/agora.xtec.cat\/ins-sagulla\/wp-content\/uploads\/usu2114\/2021\/02\/Orientaci\u00f3-4t-ESO-Institut-SAgulla-Blanes-1024x760-1-768x418.jpg 768w\" sizes=\"auto, (max-width: 926px) 100vw, 926px\" \/><\/a><\/p>\n<p align=\"justify\">\n","protected":false},"excerpt":{"rendered":"<p>Des del Departament d\u2019Orientaci\u00f3 s\u2019han iniciat les sessions d\u2019orientaci\u00f3 acad\u00e8mica per a l&#8217;alumnat de 4rt d\u2019ESO.<br \/>\nAquesta iniciativa pret\u00e9n informar i ajudar a la presa de decisi\u00f3 de tots aquests alumnes, valorant les seves motivacions, interessos, habilitats i destreses.<br \/>\nEn aquest sentit, coneixerem com funciona el Sistema&hellip;  <a href=\"https:\/\/agora.xtec.cat\/ins-sagulla\/general\/comenca-lorientacio-a-4t\/\" title=\"Read Comen\u00e7a l&#8217;orientaci\u00f3 a 4rt ESO!\">Llegeix m\u00e9s\u00bb<\/a><\/p>\n","protected":false},"author":76,"featured_media":2169,"comment_status":"open","ping_status":"closed","sticky":false,"template":"","format":"standard","meta":{"_bbp_topic_count":0,"_bbp_reply_count":0,"_bbp_total_topic_count":0,"_bbp_total_reply_count":0,"_bbp_voice_count":0,"_bbp_anonymous_reply_count":0,"_bbp_topic_count_hidden":0,"_bbp_reply_count_hidden":0,"_bbp_forum_subforum_count":0,"footnotes":""},"categories":[3,7,1,321,29],"tags":[408,135,402,106,407],"class_list":["post-2135","post","type-post","status-publish","format-standard","has-post-thumbnail","hentry","category-eso","category-eso-4","category-general","category-orientacio","category-portada","tag-acompanyament","tag-estudis","tag-orientacio-academica","tag-preinscripcio","tag-preinscripcions"],"post_mailing_queue_ids":[],"_links":{"self":[{"href":"https:\/\/agora.xtec.cat\/ins-sagulla\/wp-json\/wp\/v2\/posts\/2135","targetHints":{"allow":["GET"]}}],"collection":[{"href":"https:\/\/agora.xtec.cat\/ins-sagulla\/wp-json\/wp\/v2\/posts"}],"about":[{"href":"https:\/\/agora.xtec.cat\/ins-sagulla\/wp-json\/wp\/v2\/types\/post"}],"author":[{"embeddable":true,"href":"https:\/\/agora.xtec.cat\/ins-sagulla\/wp-json\/wp\/v2\/users\/76"}],"replies":[{"embeddable":true,"href":"https:\/\/agora.xtec.cat\/ins-sagulla\/wp-json\/wp\/v2\/comments?post=2135"}],"version-history":[{"count":4,"href":"https:\/\/agora.xtec.cat\/ins-sagulla\/wp-json\/wp\/v2\/posts\/2135\/revisions"}],"predecessor-version":[{"id":2175,"href":"https:\/\/agora.xtec.cat\/ins-sagulla\/wp-json\/wp\/v2\/posts\/2135\/revisions\/2175"}],"wp:featuredmedia":[{"embeddable":true,"href":"https:\/\/agora.xtec.cat\/ins-sagulla\/wp-json\/wp\/v2\/media\/2169"}],"wp:attachment":[{"href":"https:\/\/agora.xtec.cat\/ins-sagulla\/wp-json\/wp\/v2\/media?parent=2135"}],"wp:term":[{"taxonomy":"category","embeddable":true,"href":"https:\/\/agora.xtec.cat\/ins-sagulla\/wp-json\/wp\/v2\/categories?post=2135"},{"taxonomy":"post_tag","embeddable":true,"href":"https:\/\/agora.xtec.cat\/ins-sagulla\/wp-json\/wp\/v2\/tags?post=2135"}],"curies":[{"name":"wp","href":"https:\/\/api.w.org\/{rel}","templated":true}]}}