{"id":21341,"date":"2022-09-14T13:59:58","date_gmt":"2022-09-14T11:59:58","guid":{"rendered":"https:\/\/agora.xtec.cat\/ins-sagulla\/?p=21341"},"modified":"2022-09-29T18:14:21","modified_gmt":"2022-09-29T16:14:21","slug":"tornem-a-posar-en-marxa-lhort-de-linstitut","status":"publish","type":"post","link":"https:\/\/agora.xtec.cat\/ins-sagulla\/general\/tornem-a-posar-en-marxa-lhort-de-linstitut\/","title":{"rendered":"Tornem a posar en marxa l&#8217;hort de l&#8217;institut"},"content":{"rendered":"<p>Despr\u00e9s de l&#8217;estiu, l&#8217;hort estava ple de plantes i herbes seques. Els alumnes de 3r i 4t del PDC se n&#8217;ocuparan aquest curs, una hora a la setmana, dins l&#8217;\u00e0mbit pr\u00e0ctic de la mat\u00e8ria de Tecnologia.<\/p>\n<p>A la primera sessi\u00f3, han tallat els cards secs amb la podadora i han retirat les herbes amb un rastell. Despr\u00e9s, amb guants, han emplenat dues bosses d&#8217;escombraries i les han llen\u00e7ades.<\/p>\n<p>Esperem que plogui aviat per poder llaurar la terra i plantar faves, p\u00e8sols, espinacs, enciams, cebes&#8230;<\/p>\n<p><a href=\"https:\/\/agora.xtec.cat\/ins-sagulla\/wp-content\/uploads\/usu2114\/2022\/09\/a.jpg\"><img loading=\"lazy\" decoding=\"async\" class=\"alignnone wp-image-21342 size-full\" src=\"https:\/\/agora.xtec.cat\/ins-sagulla\/wp-content\/uploads\/usu2114\/2022\/09\/a.jpg\" alt=\"\" width=\"556\" height=\"417\" srcset=\"https:\/\/agora.xtec.cat\/ins-sagulla\/wp-content\/uploads\/usu2114\/2022\/09\/a.jpg 556w, https:\/\/agora.xtec.cat\/ins-sagulla\/wp-content\/uploads\/usu2114\/2022\/09\/a-300x225.jpg 300w, https:\/\/agora.xtec.cat\/ins-sagulla\/wp-content\/uploads\/usu2114\/2022\/09\/a-200x150.jpg 200w\" sizes=\"auto, (max-width: 556px) 100vw, 556px\" \/><\/a><\/p>\n<p>Aqu\u00ed podeu veure l&#8217;estat de l&#8217;hort abans de treure les plantes i les herbes seques.<\/p>\n<p><a href=\"https:\/\/agora.xtec.cat\/ins-sagulla\/wp-content\/uploads\/usu2114\/2022\/09\/c.jpg\"><img loading=\"lazy\" decoding=\"async\" class=\"alignnone wp-image-21344\" src=\"https:\/\/agora.xtec.cat\/ins-sagulla\/wp-content\/uploads\/usu2114\/2022\/09\/c-1024x768.jpg\" alt=\"\" width=\"556\" height=\"417\" srcset=\"https:\/\/agora.xtec.cat\/ins-sagulla\/wp-content\/uploads\/usu2114\/2022\/09\/c-1024x768.jpg 1024w, https:\/\/agora.xtec.cat\/ins-sagulla\/wp-content\/uploads\/usu2114\/2022\/09\/c-300x225.jpg 300w, https:\/\/agora.xtec.cat\/ins-sagulla\/wp-content\/uploads\/usu2114\/2022\/09\/c-768x576.jpg 768w, https:\/\/agora.xtec.cat\/ins-sagulla\/wp-content\/uploads\/usu2114\/2022\/09\/c-200x150.jpg 200w, https:\/\/agora.xtec.cat\/ins-sagulla\/wp-content\/uploads\/usu2114\/2022\/09\/c.jpg 1052w\" sizes=\"auto, (max-width: 556px) 100vw, 556px\" \/><\/a><\/p>\n<p>L&#8217;espai un cop acabada la feina, mireu quin goig!<\/p>\n","protected":false},"excerpt":{"rendered":"<p>Despr\u00e9s de l&#8217;estiu, l&#8217;hort estava ple de plantes i herbes seques. Els alumnes de 3r i 4t del PDC se n&#8217;ocuparan aquest curs, una hora a la setmana, dins l&#8217;\u00e0mbit pr\u00e0ctic de la mat\u00e8ria de Tecnologia.<br \/>\nA la primera sessi\u00f3, han tallat els cards secs amb&hellip;  <a href=\"https:\/\/agora.xtec.cat\/ins-sagulla\/general\/tornem-a-posar-en-marxa-lhort-de-linstitut\/\" title=\"Read Tornem a posar en marxa l&#8217;hort de l&#8217;institut\">Llegeix m\u00e9s\u00bb<\/a><\/p>\n","protected":false},"author":70,"featured_media":21343,"comment_status":"closed","ping_status":"closed","sticky":false,"template":"","format":"standard","meta":{"_bbp_topic_count":0,"_bbp_reply_count":0,"_bbp_total_topic_count":0,"_bbp_total_reply_count":0,"_bbp_voice_count":0,"_bbp_anonymous_reply_count":0,"_bbp_topic_count_hidden":0,"_bbp_reply_count_hidden":0,"_bbp_forum_subforum_count":0,"footnotes":""},"categories":[6,7,1,317,29,159,308],"tags":[240,238,117],"class_list":["post-21341","post","type-post","status-publish","format-standard","has-post-thumbnail","hentry","category-eso-3","category-eso-4","category-general","category-lhort","category-portada","category-pdc","category-tecnologia","tag-hort","tag-pdc","tag-tecnologia"],"post_mailing_queue_ids":[],"_links":{"self":[{"href":"https:\/\/agora.xtec.cat\/ins-sagulla\/wp-json\/wp\/v2\/posts\/21341","targetHints":{"allow":["GET"]}}],"collection":[{"href":"https:\/\/agora.xtec.cat\/ins-sagulla\/wp-json\/wp\/v2\/posts"}],"about":[{"href":"https:\/\/agora.xtec.cat\/ins-sagulla\/wp-json\/wp\/v2\/types\/post"}],"author":[{"embeddable":true,"href":"https:\/\/agora.xtec.cat\/ins-sagulla\/wp-json\/wp\/v2\/users\/70"}],"replies":[{"embeddable":true,"href":"https:\/\/agora.xtec.cat\/ins-sagulla\/wp-json\/wp\/v2\/comments?post=21341"}],"version-history":[{"count":4,"href":"https:\/\/agora.xtec.cat\/ins-sagulla\/wp-json\/wp\/v2\/posts\/21341\/revisions"}],"predecessor-version":[{"id":21360,"href":"https:\/\/agora.xtec.cat\/ins-sagulla\/wp-json\/wp\/v2\/posts\/21341\/revisions\/21360"}],"wp:featuredmedia":[{"embeddable":true,"href":"https:\/\/agora.xtec.cat\/ins-sagulla\/wp-json\/wp\/v2\/media\/21343"}],"wp:attachment":[{"href":"https:\/\/agora.xtec.cat\/ins-sagulla\/wp-json\/wp\/v2\/media?parent=21341"}],"wp:term":[{"taxonomy":"category","embeddable":true,"href":"https:\/\/agora.xtec.cat\/ins-sagulla\/wp-json\/wp\/v2\/categories?post=21341"},{"taxonomy":"post_tag","embeddable":true,"href":"https:\/\/agora.xtec.cat\/ins-sagulla\/wp-json\/wp\/v2\/tags?post=21341"}],"curies":[{"name":"wp","href":"https:\/\/api.w.org\/{rel}","templated":true}]}}