{"id":2129,"date":"2021-02-12T10:32:34","date_gmt":"2021-02-12T09:32:34","guid":{"rendered":"https:\/\/agora.xtec.cat\/ins-sagulla\/?p=2129"},"modified":"2021-03-26T16:15:22","modified_gmt":"2021-03-26T15:15:22","slug":"preinscripcio-eso-curs-2021-2022","status":"publish","type":"post","link":"https:\/\/agora.xtec.cat\/ins-sagulla\/general\/preinscripcio-eso-curs-2021-2022\/","title":{"rendered":"Dates i procediment preinscripci\u00f3 ESO"},"content":{"rendered":"<p>Les dates per a la preinscripci\u00f3 d&#8217;<strong>educaci\u00f3 secund\u00e0ria obligat\u00f2ria<\/strong> (ESO) pel curs escolar 2021-2022 s\u00f3n:<\/p>\n<p><strong>Del 17 al 24 de mar\u00e7 de 2021<\/strong><\/p>\n<p>Aquest \u00e9s l&#8217;enlla\u00e7 de la Generalitat per <strong>formalitzar la sol\u00b7licitud de la preinscripci\u00f3<\/strong>: <a href=\"https:\/\/preinscripcio.gencat.cat\/ca\/estudis\/eso\/inici\">https:\/\/preinscripcio.gencat.cat\/ca\/estudis\/eso\/inici<\/a><\/p>\n<p>La preinscripci\u00f3 d&#8217;aquest any ser\u00e0 <strong>telem\u00e0tica. <\/strong><\/p>\n<p>Des del centre hem habilitat aquest tel\u00e8fon de contacte (627 48 17 96) on, de 9 h a 13 hores resoldrem tots els vostres dubtes.<\/p>\n<p><a href=\"https:\/\/agora.xtec.cat\/ins-sagulla\/wp-content\/uploads\/usu2114\/2021\/02\/cel-institut-sagulla.jpg\"><img loading=\"lazy\" decoding=\"async\" class=\" wp-image-2210\" src=\"https:\/\/agora.xtec.cat\/ins-sagulla\/wp-content\/uploads\/usu2114\/2021\/02\/cel-institut-sagulla-1024x768.jpg\" alt=\"\" width=\"459\" height=\"344\" srcset=\"https:\/\/agora.xtec.cat\/ins-sagulla\/wp-content\/uploads\/usu2114\/2021\/02\/cel-institut-sagulla.jpg 1024w, https:\/\/agora.xtec.cat\/ins-sagulla\/wp-content\/uploads\/usu2114\/2021\/02\/cel-institut-sagulla-300x225.jpg 300w, https:\/\/agora.xtec.cat\/ins-sagulla\/wp-content\/uploads\/usu2114\/2021\/02\/cel-institut-sagulla-768x576.jpg 768w, https:\/\/agora.xtec.cat\/ins-sagulla\/wp-content\/uploads\/usu2114\/2021\/02\/cel-institut-sagulla-200x150.jpg 200w\" sizes=\"auto, (max-width: 459px) 100vw, 459px\" \/><\/a><\/p>\n<p><strong>Jornada de Portes obertes en l\u00ednia<\/strong><\/p>\n<p>El dia <strong>9 de mar\u00e7 h<\/strong>a tingut lloc\u00a0la <strong>jornada de portes obertes<\/strong> al S&#8217;Agulla.<\/p>\n<p>Aquesta<strong> sessi\u00f3 informativa<\/strong>, que serveix per <strong>donar a con\u00e8ixer el centre a les fam\u00edlies<\/strong>, s&#8217;ha fet enguany de manera <strong>telem\u00e0tica<\/strong>.<\/p>\n<p>A trav\u00e9s d&#8217;una <strong>videotrucada<\/strong> amb el Google Meet, el <strong>director del centre<\/strong>, Josep Hern\u00e0ndez, ha ofert dues xerrades informatives sobre l&#8217;institut i els estudis que s&#8217;hi poden realitzar.<\/p>\n<p>Podeu consultar la presentaci\u00f3 en pdf fent clic en aquest enlla\u00e7: <a href=\"https:\/\/agora.xtec.cat\/ins-sagulla\/wp-content\/uploads\/usu2114\/2021\/02\/presentaci\u00f3-ESO-2021-1-1.pdf\" target=\"_blank\" rel=\"noopener noreferrer\">Presentaci\u00f3 ESO 2021<\/a><\/p>\n<p>Si us ha quedat algun dubte, aqu\u00ed teniu el document <a href=\"https:\/\/agora.xtec.cat\/ins-sagulla\/wp-content\/uploads\/usu2114\/2021\/02\/preguntes_freq_compr.pdf\">Preguntes freq\u00fcents<\/a>.<\/p>\n<p>Podeu donar una ullada al v\u00eddeo promocional que han fet els alumnes de 2n d&#8217;ESO&#8230;.\u00a0Esperem que us agradi!<\/p>\n<p><iframe loading=\"lazy\" src=\"https:\/\/www.youtube.com\/embed\/BubNTWt4fIA\" width=\"560\" height=\"315\" frameborder=\"0\"><\/iframe><\/p>\n","protected":false},"excerpt":{"rendered":"<p>Les dates per a la preinscripci\u00f3 d&#8217;educaci\u00f3 secund\u00e0ria obligat\u00f2ria (ESO) pel curs escolar 2021-2022 s\u00f3n:<br \/>\nDel 17 al 24 de mar\u00e7 de 2021<br \/>\nAquest \u00e9s l&#8217;enlla\u00e7 de la Generalitat per formalitzar la sol\u00b7licitud de la preinscripci\u00f3: <a href=\"https:\/\/preinscripcio.gencat.cat\/ca\/estudis\/eso\/inici\">https:\/\/preinscripcio.gencat.cat\/ca\/estudis\/eso\/inici<\/a><br \/>\nLa preinscripci\u00f3 d&#8217;aquest any ser\u00e0 telem\u00e0tica.<br \/>\nDes del centre hem&hellip;  <a href=\"https:\/\/agora.xtec.cat\/ins-sagulla\/general\/preinscripcio-eso-curs-2021-2022\/\" title=\"Read Dates i procediment preinscripci\u00f3 ESO\">Llegeix m\u00e9s\u00bb<\/a><\/p>\n","protected":false},"author":113,"featured_media":2208,"comment_status":"open","ping_status":"closed","sticky":false,"template":"","format":"standard","meta":{"_bbp_topic_count":0,"_bbp_reply_count":0,"_bbp_total_topic_count":0,"_bbp_total_reply_count":0,"_bbp_voice_count":0,"_bbp_anonymous_reply_count":0,"_bbp_topic_count_hidden":0,"_bbp_reply_count_hidden":0,"_bbp_forum_subforum_count":0,"footnotes":""},"categories":[3,5,1,29,167],"tags":[406,405,131,132,106],"class_list":["post-2129","post","type-post","status-publish","format-standard","has-post-thumbnail","hentry","category-eso","category-eso-2","category-general","category-portada","category-secretaria","tag-curs-2021-2022","tag-educacio-secundaria-obligatoria","tag-eso","tag-portes-obertes","tag-preinscripcio"],"post_mailing_queue_ids":[],"_links":{"self":[{"href":"https:\/\/agora.xtec.cat\/ins-sagulla\/wp-json\/wp\/v2\/posts\/2129","targetHints":{"allow":["GET"]}}],"collection":[{"href":"https:\/\/agora.xtec.cat\/ins-sagulla\/wp-json\/wp\/v2\/posts"}],"about":[{"href":"https:\/\/agora.xtec.cat\/ins-sagulla\/wp-json\/wp\/v2\/types\/post"}],"author":[{"embeddable":true,"href":"https:\/\/agora.xtec.cat\/ins-sagulla\/wp-json\/wp\/v2\/users\/113"}],"replies":[{"embeddable":true,"href":"https:\/\/agora.xtec.cat\/ins-sagulla\/wp-json\/wp\/v2\/comments?post=2129"}],"version-history":[{"count":3,"href":"https:\/\/agora.xtec.cat\/ins-sagulla\/wp-json\/wp\/v2\/posts\/2129\/revisions"}],"predecessor-version":[{"id":2432,"href":"https:\/\/agora.xtec.cat\/ins-sagulla\/wp-json\/wp\/v2\/posts\/2129\/revisions\/2432"}],"wp:featuredmedia":[{"embeddable":true,"href":"https:\/\/agora.xtec.cat\/ins-sagulla\/wp-json\/wp\/v2\/media\/2208"}],"wp:attachment":[{"href":"https:\/\/agora.xtec.cat\/ins-sagulla\/wp-json\/wp\/v2\/media?parent=2129"}],"wp:term":[{"taxonomy":"category","embeddable":true,"href":"https:\/\/agora.xtec.cat\/ins-sagulla\/wp-json\/wp\/v2\/categories?post=2129"},{"taxonomy":"post_tag","embeddable":true,"href":"https:\/\/agora.xtec.cat\/ins-sagulla\/wp-json\/wp\/v2\/tags?post=2129"}],"curies":[{"name":"wp","href":"https:\/\/api.w.org\/{rel}","templated":true}]}}