{"id":21152,"date":"2022-06-22T12:42:49","date_gmt":"2022-06-22T10:42:49","guid":{"rendered":"https:\/\/agora.xtec.cat\/ins-sagulla\/?p=21152"},"modified":"2022-07-07T09:37:34","modified_gmt":"2022-07-07T07:37:34","slug":"exposem-conscienciacio-i-sensibilitzacio-al-punt-dinformacio-juvenil","status":"publish","type":"post","link":"https:\/\/agora.xtec.cat\/ins-sagulla\/general\/exposem-conscienciacio-i-sensibilitzacio-al-punt-dinformacio-juvenil\/","title":{"rendered":"Exposem les campanyes dels alumnes al Punt d&#8217;Informaci\u00f3 Juvenil (PIJ) de Blanes"},"content":{"rendered":"<p>El Punt d&#8217;Informaci\u00f3 Juvenil (PIJ) de Blanes, situat al Carrer Ample, 11, exposa les <strong>campanyes de conscienciaci\u00f3 i sensibilitzaci\u00f3<\/strong> vers el col\u00b7lectiu LGTBI i persones en situaci\u00f3 de discriminaci\u00f3 \u00e8tnica i\/o cultural creades per l&#8217;alumnat de 1r d&#8217;Integraci\u00f3 Social.<\/p>\n<p><strong>L&#8217;horari de l&#8217;exposici\u00f3 \u00e9s:<\/strong><\/p>\n<ul>\n<li>Dilluns (De 17 h a 20 h)<\/li>\n<li>De dimarts a dijous (De 9 h a 14 h)<\/li>\n<li>Divendres (De 10 h a 13 h)<\/li>\n<\/ul>\n<p><a href=\"https:\/\/agora.xtec.cat\/ins-sagulla\/wp-content\/uploads\/usu2114\/2022\/06\/b1ecae49-7804-43a5-a6c0-147312c9cc8a.jpg\"><img loading=\"lazy\" decoding=\"async\" class=\"alignnone size-large wp-image-21153\" src=\"https:\/\/agora.xtec.cat\/ins-sagulla\/wp-content\/uploads\/usu2114\/2022\/06\/b1ecae49-7804-43a5-a6c0-147312c9cc8a-1024x682.jpg\" alt=\"\" width=\"1024\" height=\"682\" srcset=\"https:\/\/agora.xtec.cat\/ins-sagulla\/wp-content\/uploads\/usu2114\/2022\/06\/b1ecae49-7804-43a5-a6c0-147312c9cc8a-1024x682.jpg 1024w, https:\/\/agora.xtec.cat\/ins-sagulla\/wp-content\/uploads\/usu2114\/2022\/06\/b1ecae49-7804-43a5-a6c0-147312c9cc8a-300x200.jpg 300w, https:\/\/agora.xtec.cat\/ins-sagulla\/wp-content\/uploads\/usu2114\/2022\/06\/b1ecae49-7804-43a5-a6c0-147312c9cc8a-768x512.jpg 768w, https:\/\/agora.xtec.cat\/ins-sagulla\/wp-content\/uploads\/usu2114\/2022\/06\/b1ecae49-7804-43a5-a6c0-147312c9cc8a-1536x1023.jpg 1536w, https:\/\/agora.xtec.cat\/ins-sagulla\/wp-content\/uploads\/usu2114\/2022\/06\/b1ecae49-7804-43a5-a6c0-147312c9cc8a.jpg 1600w\" sizes=\"auto, (max-width: 1024px) 100vw, 1024px\" \/><\/a><\/p>\n","protected":false},"excerpt":{"rendered":"<p>El Punt d&#8217;Informaci\u00f3 Juvenil (PIJ) de Blanes, situat al Carrer Ample, 11, exposa les campanyes de conscienciaci\u00f3 i sensibilitzaci\u00f3 vers el col\u00b7lectiu LGTBI i persones en situaci\u00f3 de discriminaci\u00f3 \u00e8tnica i\/o cultural creades per l&#8217;alumnat de 1r d&#8217;Integraci\u00f3 Social.<br \/>\nL&#8217;horari de l&#8217;exposici\u00f3 \u00e9s:<\/p>\n<ul>\n<li>Dilluns (De 17 h&hellip;  <a href=\"https:\/\/agora.xtec.cat\/ins-sagulla\/general\/exposem-conscienciacio-i-sensibilitzacio-al-punt-dinformacio-juvenil\/\" title=\"Read Exposem les campanyes dels alumnes al Punt d&#8217;Informaci\u00f3 Juvenil (PIJ) de Blanes\">Llegeix m\u00e9s\u00bb<\/a><br \/>\n","protected":false},"author":79,"featured_media":21158,"comment_status":"open","ping_status":"closed","sticky":false,"template":"","format":"standard","meta":{"_bbp_topic_count":0,"_bbp_reply_count":0,"_bbp_total_topic_count":0,"_bbp_total_reply_count":0,"_bbp_voice_count":0,"_bbp_anonymous_reply_count":0,"_bbp_topic_count_hidden":0,"_bbp_reply_count_hidden":0,"_bbp_forum_subforum_count":0,"footnotes":""},"categories":[30,1,153,29],"tags":[1009,511,1025],"class_list":["post-21152","post","type-post","status-publish","format-standard","has-post-thumbnail","hentry","category-cicles-formatius","category-general","category-cfgs-integracio-social","category-portada","tag-conscienciacio","tag-exposicio","tag-punt-dinformacio-juvenil"],"post_mailing_queue_ids":[],"_links":{"self":[{"href":"https:\/\/agora.xtec.cat\/ins-sagulla\/wp-json\/wp\/v2\/posts\/21152","targetHints":{"allow":["GET"]}}],"collection":[{"href":"https:\/\/agora.xtec.cat\/ins-sagulla\/wp-json\/wp\/v2\/posts"}],"about":[{"href":"https:\/\/agora.xtec.cat\/ins-sagulla\/wp-json\/wp\/v2\/types\/post"}],"author":[{"embeddable":true,"href":"https:\/\/agora.xtec.cat\/ins-sagulla\/wp-json\/wp\/v2\/users\/79"}],"replies":[{"embeddable":true,"href":"https:\/\/agora.xtec.cat\/ins-sagulla\/wp-json\/wp\/v2\/comments?post=21152"}],"version-history":[{"count":5,"href":"https:\/\/agora.xtec.cat\/ins-sagulla\/wp-json\/wp\/v2\/posts\/21152\/revisions"}],"predecessor-version":[{"id":21192,"href":"https:\/\/agora.xtec.cat\/ins-sagulla\/wp-json\/wp\/v2\/posts\/21152\/revisions\/21192"}],"wp:featuredmedia":[{"embeddable":true,"href":"https:\/\/agora.xtec.cat\/ins-sagulla\/wp-json\/wp\/v2\/media\/21158"}],"wp:attachment":[{"href":"https:\/\/agora.xtec.cat\/ins-sagulla\/wp-json\/wp\/v2\/media?parent=21152"}],"wp:term":[{"taxonomy":"category","embeddable":true,"href":"https:\/\/agora.xtec.cat\/ins-sagulla\/wp-json\/wp\/v2\/categories?post=21152"},{"taxonomy":"post_tag","embeddable":true,"href":"https:\/\/agora.xtec.cat\/ins-sagulla\/wp-json\/wp\/v2\/tags?post=21152"}],"curies":[{"name":"wp","href":"https:\/\/api.w.org\/{rel}","templated":true}]}}