{"id":21128,"date":"2022-06-17T08:29:13","date_gmt":"2022-06-17T06:29:13","guid":{"rendered":"https:\/\/agora.xtec.cat\/ins-sagulla\/?p=21128"},"modified":"2022-06-17T09:16:23","modified_gmt":"2022-06-17T07:16:23","slug":"parc-natural-dels-aiguamolls-de-lemporda","status":"publish","type":"post","link":"https:\/\/agora.xtec.cat\/ins-sagulla\/eso\/parc-natural-dels-aiguamolls-de-lemporda\/","title":{"rendered":"Visitem el Parc Natural dels Aiguamolls de l&#8217;Empord\u00e0"},"content":{"rendered":"<p>Dijous 9 de juny els alumnes de 2n d&#8217;ESO van anar d&#8217;excursi\u00f3 a<strong> Parc Natural dels Aiguamolls de l&#8217;Empord\u00e0<\/strong>.<\/p>\n<p>En Davide B. de 2n D ens explica qu\u00e8 van fer:<\/p>\n<p><em>Quan vam arribar al parc ens van explicar una com era, vam pujar a unes torres d&#8217;observaci\u00f3 on ens van explicar la hist\u00f2ria del parc. <\/em><\/p>\n<p><em>Despr\u00e9s vam anar caminant fins a la platja que dona als Aiguamolls, la platja de Can Comes, i mentre camin\u00e0vem an\u00e0vem parant per veure els ocells i els animals que hi havia als Aiguamolls. Quan vam arribar a la platja, vam estar all\u00e0 una estona, ens vam banyar i vam tornar cap a Blanes.\u00a0<\/em><\/p>\n<p><a href=\"https:\/\/agora.xtec.cat\/ins-sagulla\/wp-content\/uploads\/usu2114\/2022\/06\/20220608_111338-scaled.jpg\"><img loading=\"lazy\" decoding=\"async\" class=\"alignnone wp-image-21130 size-large\" src=\"https:\/\/agora.xtec.cat\/ins-sagulla\/wp-content\/uploads\/usu2114\/2022\/06\/20220608_111338-scaled-e1655450169208-1024x599.jpg\" alt=\"\" width=\"1024\" height=\"599\" srcset=\"https:\/\/agora.xtec.cat\/ins-sagulla\/wp-content\/uploads\/usu2114\/2022\/06\/20220608_111338-scaled-e1655450169208-1024x599.jpg 1024w, https:\/\/agora.xtec.cat\/ins-sagulla\/wp-content\/uploads\/usu2114\/2022\/06\/20220608_111338-scaled-e1655450169208-300x175.jpg 300w, https:\/\/agora.xtec.cat\/ins-sagulla\/wp-content\/uploads\/usu2114\/2022\/06\/20220608_111338-scaled-e1655450169208-768x449.jpg 768w, https:\/\/agora.xtec.cat\/ins-sagulla\/wp-content\/uploads\/usu2114\/2022\/06\/20220608_111338-scaled-e1655450169208-1536x898.jpg 1536w, https:\/\/agora.xtec.cat\/ins-sagulla\/wp-content\/uploads\/usu2114\/2022\/06\/20220608_111338-scaled-e1655450169208-2048x1198.jpg 2048w\" sizes=\"auto, (max-width: 1024px) 100vw, 1024px\" \/><\/a><\/p>\n<p><a href=\"https:\/\/agora.xtec.cat\/ins-sagulla\/wp-content\/uploads\/usu2114\/2022\/06\/IMG_20220608_111314.jpg\"><img loading=\"lazy\" decoding=\"async\" class=\"alignnone size-large wp-image-21134\" src=\"https:\/\/agora.xtec.cat\/ins-sagulla\/wp-content\/uploads\/usu2114\/2022\/06\/IMG_20220608_111314-768x1024.jpg\" alt=\"\" width=\"768\" height=\"1024\" srcset=\"https:\/\/agora.xtec.cat\/ins-sagulla\/wp-content\/uploads\/usu2114\/2022\/06\/IMG_20220608_111314-768x1024.jpg 768w, https:\/\/agora.xtec.cat\/ins-sagulla\/wp-content\/uploads\/usu2114\/2022\/06\/IMG_20220608_111314-225x300.jpg 225w, https:\/\/agora.xtec.cat\/ins-sagulla\/wp-content\/uploads\/usu2114\/2022\/06\/IMG_20220608_111314.jpg 1024w\" sizes=\"auto, (max-width: 768px) 100vw, 768px\" \/><\/a><\/p>\n<p><a href=\"https:\/\/agora.xtec.cat\/ins-sagulla\/wp-content\/uploads\/usu2114\/2022\/06\/IMG_20220608_113704-scaled.jpg\"><img loading=\"lazy\" decoding=\"async\" class=\"alignnone size-large wp-image-21133\" src=\"https:\/\/agora.xtec.cat\/ins-sagulla\/wp-content\/uploads\/usu2114\/2022\/06\/IMG_20220608_113704-768x1024.jpg\" alt=\"\" width=\"768\" height=\"1024\" srcset=\"https:\/\/agora.xtec.cat\/ins-sagulla\/wp-content\/uploads\/usu2114\/2022\/06\/IMG_20220608_113704-768x1024.jpg 768w, https:\/\/agora.xtec.cat\/ins-sagulla\/wp-content\/uploads\/usu2114\/2022\/06\/IMG_20220608_113704-225x300.jpg 225w, https:\/\/agora.xtec.cat\/ins-sagulla\/wp-content\/uploads\/usu2114\/2022\/06\/IMG_20220608_113704-1152x1536.jpg 1152w, https:\/\/agora.xtec.cat\/ins-sagulla\/wp-content\/uploads\/usu2114\/2022\/06\/IMG_20220608_113704-1536x2048.jpg 1536w, https:\/\/agora.xtec.cat\/ins-sagulla\/wp-content\/uploads\/usu2114\/2022\/06\/IMG_20220608_113704-scaled.jpg 1920w\" sizes=\"auto, (max-width: 768px) 100vw, 768px\" \/><\/a><\/p>\n<p><a href=\"https:\/\/agora.xtec.cat\/ins-sagulla\/wp-content\/uploads\/usu2114\/2022\/06\/IMG_20220608_115315.jpg\"><img loading=\"lazy\" decoding=\"async\" class=\"alignnone size-large wp-image-21131\" src=\"https:\/\/agora.xtec.cat\/ins-sagulla\/wp-content\/uploads\/usu2114\/2022\/06\/IMG_20220608_115315-768x1024.jpg\" alt=\"\" width=\"768\" height=\"1024\" srcset=\"https:\/\/agora.xtec.cat\/ins-sagulla\/wp-content\/uploads\/usu2114\/2022\/06\/IMG_20220608_115315-768x1024.jpg 768w, https:\/\/agora.xtec.cat\/ins-sagulla\/wp-content\/uploads\/usu2114\/2022\/06\/IMG_20220608_115315-225x300.jpg 225w, https:\/\/agora.xtec.cat\/ins-sagulla\/wp-content\/uploads\/usu2114\/2022\/06\/IMG_20220608_115315.jpg 1028w\" sizes=\"auto, (max-width: 768px) 100vw, 768px\" \/><\/a><\/p>\n<p><a href=\"https:\/\/agora.xtec.cat\/ins-sagulla\/wp-content\/uploads\/usu2114\/2022\/06\/IMG_20220608_124546.jpg\"><img loading=\"lazy\" decoding=\"async\" class=\"alignnone size-full wp-image-21132\" src=\"https:\/\/agora.xtec.cat\/ins-sagulla\/wp-content\/uploads\/usu2114\/2022\/06\/IMG_20220608_124546.jpg\" alt=\"\" width=\"1024\" height=\"768\" srcset=\"https:\/\/agora.xtec.cat\/ins-sagulla\/wp-content\/uploads\/usu2114\/2022\/06\/IMG_20220608_124546.jpg 1024w, https:\/\/agora.xtec.cat\/ins-sagulla\/wp-content\/uploads\/usu2114\/2022\/06\/IMG_20220608_124546-300x225.jpg 300w, https:\/\/agora.xtec.cat\/ins-sagulla\/wp-content\/uploads\/usu2114\/2022\/06\/IMG_20220608_124546-768x576.jpg 768w, https:\/\/agora.xtec.cat\/ins-sagulla\/wp-content\/uploads\/usu2114\/2022\/06\/IMG_20220608_124546-200x150.jpg 200w\" sizes=\"auto, (max-width: 1024px) 100vw, 1024px\" \/><\/a><\/p>\n<p>Aqu\u00ed podeu veure m\u00e9s fotos de la sortida: <a href=\"https:\/\/photos.app.goo.gl\/f7G9XCjT6BxWvRdMA\">https:\/\/photos.app.goo.gl\/f7G9XCjT6BxWvRdMA\u00a0<\/a><\/p>\n","protected":false},"excerpt":{"rendered":"<p>Dijous 9 de juny els alumnes de 2n d&#8217;ESO van anar d&#8217;excursi\u00f3 a Parc Natural dels Aiguamolls de l&#8217;Empord\u00e0.<br \/>\nEn Davide B. de 2n D ens explica qu\u00e8 van fer:<br \/>\nQuan vam arribar al parc ens van explicar una com era, vam pujar a unes torres d&#8217;observaci\u00f3&hellip;  <a href=\"https:\/\/agora.xtec.cat\/ins-sagulla\/eso\/parc-natural-dels-aiguamolls-de-lemporda\/\" title=\"Read Visitem el Parc Natural dels Aiguamolls de l&#8217;Empord\u00e0\">Llegeix m\u00e9s\u00bb<\/a><\/p>\n","protected":false},"author":1,"featured_media":21129,"comment_status":"open","ping_status":"closed","sticky":false,"template":"","format":"standard","meta":{"_bbp_topic_count":0,"_bbp_reply_count":0,"_bbp_total_topic_count":0,"_bbp_total_reply_count":0,"_bbp_voice_count":0,"_bbp_anonymous_reply_count":0,"_bbp_topic_count_hidden":0,"_bbp_reply_count_hidden":0,"_bbp_forum_subforum_count":0,"footnotes":""},"categories":[3,312,5,29],"tags":[1023,1022,1024,501],"class_list":["post-21128","post","type-post","status-publish","format-standard","has-post-thumbnail","hentry","category-eso","category-ciencies-naturals","category-eso-2","category-portada","tag-emporda","tag-parc-natural-dels-aiguamolls-de-lemporda","tag-platja","tag-treball-de-sintesi"],"post_mailing_queue_ids":[],"_links":{"self":[{"href":"https:\/\/agora.xtec.cat\/ins-sagulla\/wp-json\/wp\/v2\/posts\/21128","targetHints":{"allow":["GET"]}}],"collection":[{"href":"https:\/\/agora.xtec.cat\/ins-sagulla\/wp-json\/wp\/v2\/posts"}],"about":[{"href":"https:\/\/agora.xtec.cat\/ins-sagulla\/wp-json\/wp\/v2\/types\/post"}],"author":[{"embeddable":true,"href":"https:\/\/agora.xtec.cat\/ins-sagulla\/wp-json\/wp\/v2\/users\/1"}],"replies":[{"embeddable":true,"href":"https:\/\/agora.xtec.cat\/ins-sagulla\/wp-json\/wp\/v2\/comments?post=21128"}],"version-history":[{"count":3,"href":"https:\/\/agora.xtec.cat\/ins-sagulla\/wp-json\/wp\/v2\/posts\/21128\/revisions"}],"predecessor-version":[{"id":21139,"href":"https:\/\/agora.xtec.cat\/ins-sagulla\/wp-json\/wp\/v2\/posts\/21128\/revisions\/21139"}],"wp:featuredmedia":[{"embeddable":true,"href":"https:\/\/agora.xtec.cat\/ins-sagulla\/wp-json\/wp\/v2\/media\/21129"}],"wp:attachment":[{"href":"https:\/\/agora.xtec.cat\/ins-sagulla\/wp-json\/wp\/v2\/media?parent=21128"}],"wp:term":[{"taxonomy":"category","embeddable":true,"href":"https:\/\/agora.xtec.cat\/ins-sagulla\/wp-json\/wp\/v2\/categories?post=21128"},{"taxonomy":"post_tag","embeddable":true,"href":"https:\/\/agora.xtec.cat\/ins-sagulla\/wp-json\/wp\/v2\/tags?post=21128"}],"curies":[{"name":"wp","href":"https:\/\/api.w.org\/{rel}","templated":true}]}}