{"id":21122,"date":"2022-06-17T12:40:58","date_gmt":"2022-06-17T10:40:58","guid":{"rendered":"https:\/\/agora.xtec.cat\/ins-sagulla\/?p=21122"},"modified":"2022-06-20T13:57:43","modified_gmt":"2022-06-20T11:57:43","slug":"cloenda-de-la-nau4-no-tho-perdis","status":"publish","type":"post","link":"https:\/\/agora.xtec.cat\/ins-sagulla\/portada\/cloenda-de-la-nau4-no-tho-perdis\/","title":{"rendered":"Cloenda de la NAU4, no t&#8217;ho perdis!"},"content":{"rendered":"<p>Per concloure el curs a la NAU5 avui i dem\u00e0 es fan diferents espectacles:<\/p>\n<ul>\n<li><strong>Divendres 17 de juny a les 17 h<\/strong>\u00a0hi haur\u00e0 exhibici\u00f3 de <em>freestyle<\/em> i micr\u00f2fon obert. Tamb\u00e9 una exposici\u00f3 de cer\u00e0mica i fotografia, i un mural conjunt de manga.<\/li>\n<li><strong>Dissabte 18 de juny a les 19 h<\/strong> hi haur\u00e0 la representaci\u00f3 teatral de Cel\u00b7la N.7.<\/li>\n<\/ul>\n<p>Animeu-vos a anar-hi!<\/p>\n<p>Eva Planas<\/p>\n<p><a href=\"https:\/\/agora.xtec.cat\/ins-sagulla\/wp-content\/uploads\/usu2114\/2022\/06\/CLOENDA-NAU4-jpg-1.png\"><img loading=\"lazy\" decoding=\"async\" class=\"alignnone size-large wp-image-21123\" src=\"https:\/\/agora.xtec.cat\/ins-sagulla\/wp-content\/uploads\/usu2114\/2022\/06\/CLOENDA-NAU4-jpg-1-724x1024.png\" alt=\"\" width=\"724\" height=\"1024\" srcset=\"https:\/\/agora.xtec.cat\/ins-sagulla\/wp-content\/uploads\/usu2114\/2022\/06\/CLOENDA-NAU4-jpg-1-724x1024.png 724w, https:\/\/agora.xtec.cat\/ins-sagulla\/wp-content\/uploads\/usu2114\/2022\/06\/CLOENDA-NAU4-jpg-1-212x300.png 212w, https:\/\/agora.xtec.cat\/ins-sagulla\/wp-content\/uploads\/usu2114\/2022\/06\/CLOENDA-NAU4-jpg-1-768x1086.png 768w, https:\/\/agora.xtec.cat\/ins-sagulla\/wp-content\/uploads\/usu2114\/2022\/06\/CLOENDA-NAU4-jpg-1-1086x1536.png 1086w, https:\/\/agora.xtec.cat\/ins-sagulla\/wp-content\/uploads\/usu2114\/2022\/06\/CLOENDA-NAU4-jpg-1-1448x2048.png 1448w, https:\/\/agora.xtec.cat\/ins-sagulla\/wp-content\/uploads\/usu2114\/2022\/06\/CLOENDA-NAU4-jpg-1.png 1587w\" sizes=\"auto, (max-width: 724px) 100vw, 724px\" \/><\/a><\/p>\n","protected":false},"excerpt":{"rendered":"<p>Per concloure el curs a la NAU5 avui i dem\u00e0 es fan diferents espectacles:<\/p>\n<ul>\n<li>Divendres 17 de juny a les 17 h\u00a0hi haur\u00e0 exhibici\u00f3 de freestyle i micr\u00f2fon obert. Tamb\u00e9 una exposici\u00f3 de cer\u00e0mica i fotografia, i un mural conjunt de manga.<\/li>\n<li>Dissabte 18 de juny a&hellip;  <a href=\"https:\/\/agora.xtec.cat\/ins-sagulla\/portada\/cloenda-de-la-nau4-no-tho-perdis\/\" title=\"Read Cloenda de la NAU4, no t&#8217;ho perdis!\">Llegeix m\u00e9s\u00bb<\/a><br \/>\n","protected":false},"author":1,"featured_media":21123,"comment_status":"open","ping_status":"closed","sticky":false,"template":"","format":"standard","meta":{"_bbp_topic_count":0,"_bbp_reply_count":0,"_bbp_total_topic_count":0,"_bbp_total_reply_count":0,"_bbp_voice_count":0,"_bbp_anonymous_reply_count":0,"_bbp_topic_count_hidden":0,"_bbp_reply_count_hidden":0,"_bbp_forum_subforum_count":0,"footnotes":""},"categories":[29,856],"tags":[1018,433,1016,1017,640,40],"class_list":["post-21122","post","type-post","status-publish","format-standard","has-post-thumbnail","hentry","category-portada","category-tis","tag-ceramica","tag-fotografia","tag-freestyle","tag-microfon-obert","tag-nau4-espai-jove","tag-teatre"],"post_mailing_queue_ids":[],"_links":{"self":[{"href":"https:\/\/agora.xtec.cat\/ins-sagulla\/wp-json\/wp\/v2\/posts\/21122","targetHints":{"allow":["GET"]}}],"collection":[{"href":"https:\/\/agora.xtec.cat\/ins-sagulla\/wp-json\/wp\/v2\/posts"}],"about":[{"href":"https:\/\/agora.xtec.cat\/ins-sagulla\/wp-json\/wp\/v2\/types\/post"}],"author":[{"embeddable":true,"href":"https:\/\/agora.xtec.cat\/ins-sagulla\/wp-json\/wp\/v2\/users\/1"}],"replies":[{"embeddable":true,"href":"https:\/\/agora.xtec.cat\/ins-sagulla\/wp-json\/wp\/v2\/comments?post=21122"}],"version-history":[{"count":2,"href":"https:\/\/agora.xtec.cat\/ins-sagulla\/wp-json\/wp\/v2\/posts\/21122\/revisions"}],"predecessor-version":[{"id":21136,"href":"https:\/\/agora.xtec.cat\/ins-sagulla\/wp-json\/wp\/v2\/posts\/21122\/revisions\/21136"}],"wp:featuredmedia":[{"embeddable":true,"href":"https:\/\/agora.xtec.cat\/ins-sagulla\/wp-json\/wp\/v2\/media\/21123"}],"wp:attachment":[{"href":"https:\/\/agora.xtec.cat\/ins-sagulla\/wp-json\/wp\/v2\/media?parent=21122"}],"wp:term":[{"taxonomy":"category","embeddable":true,"href":"https:\/\/agora.xtec.cat\/ins-sagulla\/wp-json\/wp\/v2\/categories?post=21122"},{"taxonomy":"post_tag","embeddable":true,"href":"https:\/\/agora.xtec.cat\/ins-sagulla\/wp-json\/wp\/v2\/tags?post=21122"}],"curies":[{"name":"wp","href":"https:\/\/api.w.org\/{rel}","templated":true}]}}