{"id":20936,"date":"2022-06-01T10:08:34","date_gmt":"2022-06-01T08:08:34","guid":{"rendered":"https:\/\/agora.xtec.cat\/ins-sagulla\/?p=20936"},"modified":"2022-06-09T09:41:40","modified_gmt":"2022-06-09T07:41:40","slug":"actuacio-de-les-alumnes-de-grec-al-teatre-de-blanes","status":"publish","type":"post","link":"https:\/\/agora.xtec.cat\/ins-sagulla\/batxillerat\/actuacio-de-les-alumnes-de-grec-al-teatre-de-blanes\/","title":{"rendered":"Les alumnes de Grec brillen al Teatre de Blanes"},"content":{"rendered":"<p>El divendres 27 de maig, un grup d&#8217;alumnes de grec de 1r de batxillerat va actuar al <strong>Teatre de Blanes<\/strong> amb una adaptaci\u00f3 de l&#8217;obra d&#8217;Arist\u00f2fanes, <em>Las asamble\u00edstas<\/em>, realitzada per en Pep Torres.<\/p>\n<p><strong>Argument<\/strong>: Un grup de dones ateneses es preparen per anar a l\u2019assemblea en comptes dels seus marits per tal de solucionar els problemes que t\u00e9 la ciutat; hi fan noves lleis que canvien la manera d\u2019actuar dels seus ciutadans i ciutadanes.<\/p>\n<p><strong>Int\u00e8rprets<\/strong>: Cl\u00e0udia Berzal, M\u00edriam Garc\u00eda, Maria Jim\u00e9nez, Carla Mu\u00f1oz, Ingrid Torres i Martina Valls, del grup <strong>Aristai<\/strong>.<\/p>\n<p><strong>Direcci\u00f3<\/strong>: M\u00aa Jos\u00e9 L\u00f3pez i Pep Torres.<\/p>\n<p>Amb la col\u00b7laboraci\u00f3 dels cantants No\u00e8lia Mora i Marc Anglarill.<\/p>\n<p>Aqu\u00ed podreu veure <a href=\"https:\/\/photos.app.goo.gl\/rRZHKDXK5Ga54rDR7\">les millors imatges<\/a> d&#8217;aquest especial dia.<\/p>\n<p>&nbsp;<\/p>\n","protected":false},"excerpt":{"rendered":"<p>El divendres 27 de maig, un grup d&#8217;alumnes de grec de 1r de batxillerat va actuar al Teatre de Blanes amb una adaptaci\u00f3 de l&#8217;obra d&#8217;Arist\u00f2fanes, Las asamble\u00edstas, realitzada per en Pep Torres.<br \/>\nArgument: Un grup de dones ateneses es preparen per anar a l\u2019assemblea en&hellip;  <a href=\"https:\/\/agora.xtec.cat\/ins-sagulla\/batxillerat\/actuacio-de-les-alumnes-de-grec-al-teatre-de-blanes\/\" title=\"Read Les alumnes de Grec brillen al Teatre de Blanes\">Llegeix m\u00e9s\u00bb<\/a><\/p>\n","protected":false},"author":88,"featured_media":20957,"comment_status":"open","ping_status":"closed","sticky":false,"template":"","format":"standard","meta":{"_bbp_topic_count":0,"_bbp_reply_count":0,"_bbp_total_topic_count":0,"_bbp_total_reply_count":0,"_bbp_voice_count":0,"_bbp_anonymous_reply_count":0,"_bbp_topic_count_hidden":0,"_bbp_reply_count_hidden":0,"_bbp_forum_subforum_count":0,"footnotes":""},"categories":[337,8,29],"tags":[253,376,1005,40,880],"class_list":["post-20936","post","type-post","status-publish","format-standard","has-post-thumbnail","hentry","category-batx-1","category-batxillerat","category-portada","tag-blanes","tag-creativitat","tag-grec","tag-teatre","tag-teatre-de-blanes"],"post_mailing_queue_ids":[],"_links":{"self":[{"href":"https:\/\/agora.xtec.cat\/ins-sagulla\/wp-json\/wp\/v2\/posts\/20936","targetHints":{"allow":["GET"]}}],"collection":[{"href":"https:\/\/agora.xtec.cat\/ins-sagulla\/wp-json\/wp\/v2\/posts"}],"about":[{"href":"https:\/\/agora.xtec.cat\/ins-sagulla\/wp-json\/wp\/v2\/types\/post"}],"author":[{"embeddable":true,"href":"https:\/\/agora.xtec.cat\/ins-sagulla\/wp-json\/wp\/v2\/users\/88"}],"replies":[{"embeddable":true,"href":"https:\/\/agora.xtec.cat\/ins-sagulla\/wp-json\/wp\/v2\/comments?post=20936"}],"version-history":[{"count":3,"href":"https:\/\/agora.xtec.cat\/ins-sagulla\/wp-json\/wp\/v2\/posts\/20936\/revisions"}],"predecessor-version":[{"id":21039,"href":"https:\/\/agora.xtec.cat\/ins-sagulla\/wp-json\/wp\/v2\/posts\/20936\/revisions\/21039"}],"wp:featuredmedia":[{"embeddable":true,"href":"https:\/\/agora.xtec.cat\/ins-sagulla\/wp-json\/wp\/v2\/media\/20957"}],"wp:attachment":[{"href":"https:\/\/agora.xtec.cat\/ins-sagulla\/wp-json\/wp\/v2\/media?parent=20936"}],"wp:term":[{"taxonomy":"category","embeddable":true,"href":"https:\/\/agora.xtec.cat\/ins-sagulla\/wp-json\/wp\/v2\/categories?post=20936"},{"taxonomy":"post_tag","embeddable":true,"href":"https:\/\/agora.xtec.cat\/ins-sagulla\/wp-json\/wp\/v2\/tags?post=20936"}],"curies":[{"name":"wp","href":"https:\/\/api.w.org\/{rel}","templated":true}]}}