{"id":20904,"date":"2022-06-07T15:26:26","date_gmt":"2022-06-07T13:26:26","guid":{"rendered":"https:\/\/agora.xtec.cat\/ins-sagulla\/?p=20904"},"modified":"2022-06-07T15:27:47","modified_gmt":"2022-06-07T13:27:47","slug":"tecnologia-no-toblidis-dells-per-michele-hinojosa","status":"publish","type":"post","link":"https:\/\/agora.xtec.cat\/ins-sagulla\/general\/tecnologia-no-toblidis-dells-per-michele-hinojosa\/","title":{"rendered":"\u00abTecnologia, no t&#8217;oblidis d&#8217;ells\u00bb, per Michele Hinojosa"},"content":{"rendered":"<p><span style=\"font-weight: 400;\">\u00c9s curi\u00f3s com cada individu com a \u00e9sser \u00fanic i diferent pot arribar a sentir-se tan sol en aquest cam\u00ed que\u00a0 anomenem vida. Avui dia la societat canvia cada cop m\u00e9s, es torna m\u00e9s l\u00edquida (com un gran fil\u00f2sof va dir un cop) i el que \u00e9s pitjor, garanteix aquest descontrol, aquesta solitud, aquest sentiment de p\u00e8rdua que no cessa. Imaginem ara sabent aix\u00f2, com hi ha vides amb un llarg recorregut que s&#8217;han d&#8217;adaptar a la incessant crescuda social i tecnol\u00f2gica. Aquestes vides m\u00e9s grans, m\u00e9s llargues, m\u00e9s viscudes que qualsevol altra, s\u00f3n els nostres avis, els nostres pares i mares que es troben immersos en centenars de canvis proposats per aquesta inaturable metamorfosi tecnol\u00f2gica i social.<\/span><\/p>\n<p><span style=\"font-weight: 400;\">Perqu\u00e8 tinguem present que aquest problema est\u00e0 afectant una part important de la poblaci\u00f3, permeteu-me que us n&#8217;exposi un cas.<\/span><\/p>\n<p><span style=\"font-weight: 400;\"><a href=\"https:\/\/agora.xtec.cat\/ins-sagulla\/wp-content\/uploads\/usu2114\/2022\/06\/image.png\"><img loading=\"lazy\" decoding=\"async\" class=\" wp-image-21009 alignright\" src=\"https:\/\/agora.xtec.cat\/ins-sagulla\/wp-content\/uploads\/usu2114\/2022\/06\/image.png\" alt=\"\" width=\"435\" height=\"269\" srcset=\"https:\/\/agora.xtec.cat\/ins-sagulla\/wp-content\/uploads\/usu2114\/2022\/06\/image.png 565w, https:\/\/agora.xtec.cat\/ins-sagulla\/wp-content\/uploads\/usu2114\/2022\/06\/image-300x185.png 300w\" sizes=\"auto, (max-width: 435px) 100vw, 435px\" \/><\/a><\/span><\/p>\n<p><span style=\"font-weight: 400;\">No fa molt, mentre passejava tranquil\u00b7lament pel carrer d&#8217;un diumenge assolellat, vaig veure&#8217;m interpel\u00b7lada per una silueta baixeta perduda dins un tel\u00e8fon m\u00f2bil que no es deixava entendre. Aquesta amo\u00efnada silueta teclejava amb el dit \u00edndex qualsevol bot\u00f3 virtual sense cap mena d&#8217;ordre ni sentit. Finalment, aquella persona de cam\u00ed avall va apropar-se t\u00edmidament a mi i va adre\u00e7ar-me unes paraules que ara recordo amb molta tristesa &#8220;Hola, noia&#8230; escolta&#8230; he de trucar al metge i no puc veure les tecles del tel\u00e8fon, tu saps com funciona aix\u00f2?, em podries ajudar?&#8230; ja tinc una edat i no m&#8217;hi veig massa b\u00e9&#8221;. No s\u00e9 si fou la seva simpatia i el somriure que llu\u00efren els seus ulls, (tot i haver plantejat un problema diari, que afecta socialment a un grup important del nostre m\u00f3n), la que em va portar a sentir m\u00e9s ll\u00e0stima, m\u00e9s ganes per manifestar un afer que \u00e9s injust.<\/span><\/p>\n<p><span style=\"font-weight: 400;\">Estem molt acostumats a escoltar all\u00f2 m\u00e9s positiu que la tecnologia ens propicia, i no ser\u00e9 jo qui avui tracti de dir el contrari, per\u00f2 hem de saber que la gent m\u00e9s gran, que conviu amb nosaltres, s&#8217;ha d&#8217;adaptar constantment a tot all\u00f2 que una tecnologia comporta, a tot all\u00f2 que implica actualitzar un dispositiu: afegir n\u00fameros a l&#8217;agenda del tel\u00e8fon, la demanda de cites en l\u00ednia perqu\u00e8 puguin anar al metge en els temps que corren, el banc que ara \u00e9s al virtual com tamb\u00e9 ho \u00e9s la m\u00fasica, el calendari i fins i tot les botigues! Com volem demanar que s&#8217;adaptin a tot aix\u00f2 si amb prou feines en sabem nosaltres?! Per qu\u00e8 el sistema permet aquesta jugada bruta a una generaci\u00f3 que ha hagut d&#8217;adaptar-se incre\u00efblement a diversos esdeveniments hist\u00f2rics, a les crisis, a les injust\u00edcies? Encara hem de demanar-los que s&#8217;adaptin en aquest m\u00f3n boig que permet que el nostre tel\u00e8fon m\u00f2bil sigui ja igual de valu\u00f3s que la nostra llar? Per qu\u00e8 ens oblidem d&#8217;ells?, per qu\u00e8 no tenen m\u00e9s ajut amb la tecnologia?, per qu\u00e8 han d&#8217;anar amb por que un dia el banc (on acostumen a anar presencialment) es passi al costat virtual? Per qu\u00e8, partint de la tal adaptaci\u00f3 a la qual els estem sometent, hi ha qui aprofita per enganyar-los i vendre&#8217;ls estafes?<\/span><\/p>\n<p><span style=\"font-weight: 400;\">Ja n&#8217;hi ha prou, la tecnologia no pot fer cas om\u00eds de les persones que han sigut els maons de la nostra societat, que han fet precisament que aquest aven\u00e7 tecnol\u00f2gic prosperi, millori, canvi\u00ef constantment deixant pas a noves generacions. Els hem oblidat, els estem deixant de banda, els perdem, els confonem&#8230;\u00a0<\/span><\/p>\n<p><span style=\"font-weight: 400;\">Tecnologia, apropa&#8217;t a aquestes vides m\u00e9s s\u00e0vies, m\u00e9s viscudes, acosta-les a tu. Ajuda-les, no les confonguis m\u00e9s, no les descuidis, tingues-les presents&#8230;<\/span><\/p>\n<p style=\"text-align: right;\"><strong><a href=\"https:\/\/agora.xtec.cat\/ins-sagulla\/wp-content\/uploads\/usu2114\/2022\/06\/Hinojosa-Michele.jpg\"><img loading=\"lazy\" decoding=\"async\" class=\"wp-image-20968 alignleft\" src=\"https:\/\/agora.xtec.cat\/ins-sagulla\/wp-content\/uploads\/usu2114\/2022\/06\/Hinojosa-Michele.jpg\" alt=\"\" width=\"219\" height=\"241\" srcset=\"https:\/\/agora.xtec.cat\/ins-sagulla\/wp-content\/uploads\/usu2114\/2022\/06\/Hinojosa-Michele.jpg 2080w, https:\/\/agora.xtec.cat\/ins-sagulla\/wp-content\/uploads\/usu2114\/2022\/06\/Hinojosa-Michele-272x300.jpg 272w, https:\/\/agora.xtec.cat\/ins-sagulla\/wp-content\/uploads\/usu2114\/2022\/06\/Hinojosa-Michele-928x1024.jpg 928w, https:\/\/agora.xtec.cat\/ins-sagulla\/wp-content\/uploads\/usu2114\/2022\/06\/Hinojosa-Michele-768x847.jpg 768w, https:\/\/agora.xtec.cat\/ins-sagulla\/wp-content\/uploads\/usu2114\/2022\/06\/Hinojosa-Michele-1392x1536.jpg 1392w, https:\/\/agora.xtec.cat\/ins-sagulla\/wp-content\/uploads\/usu2114\/2022\/06\/Hinojosa-Michele-1856x2048.jpg 1856w\" sizes=\"auto, (max-width: 219px) 100vw, 219px\" \/><\/a>La Michele Hinojosa \u00e9s una alumna de 2n de batxillerat cient\u00edfic amb una gran sensibilitat social i esperit cr\u00edtic. Aquestes qualitats la porten a interessar-se per q\u00fcestions quotidianes i plasmar les seves inquietuds <\/strong><strong>per escrit, tal com ha fet en aquest article..<\/strong><strong>\u00a0<\/strong><\/p>\n<p style=\"text-align: right;\">\n<p>&nbsp;<\/p>\n<p>&nbsp;<\/p>\n<p>&nbsp;<\/p>\n<p>&nbsp;<\/p>\n","protected":false},"excerpt":{"rendered":"<p>\u00c9s curi\u00f3s com cada individu com a \u00e9sser \u00fanic i diferent pot arribar a sentir-se tan sol en aquest cam\u00ed que\u00a0 anomenem vida. Avui dia la societat canvia cada cop m\u00e9s, es torna m\u00e9s l\u00edquida (com un gran fil\u00f2sof va dir un cop) i el&hellip;  <a href=\"https:\/\/agora.xtec.cat\/ins-sagulla\/general\/tecnologia-no-toblidis-dells-per-michele-hinojosa\/\" title=\"Read \u00abTecnologia, no t&#8217;oblidis d&#8217;ells\u00bb, per Michele Hinojosa\">Llegeix m\u00e9s\u00bb<\/a><\/p>\n","protected":false},"author":107,"featured_media":21009,"comment_status":"open","ping_status":"closed","sticky":false,"template":"","format":"standard","meta":{"_bbp_topic_count":0,"_bbp_reply_count":0,"_bbp_total_topic_count":0,"_bbp_total_reply_count":0,"_bbp_voice_count":0,"_bbp_anonymous_reply_count":0,"_bbp_topic_count_hidden":0,"_bbp_reply_count_hidden":0,"_bbp_forum_subforum_count":0,"footnotes":""},"categories":[338,8,1,309,29],"tags":[120,968,117],"class_list":["post-20904","post","type-post","status-publish","format-standard","has-post-thumbnail","hentry","category-batx-2","category-batxillerat","category-general","category-llengua-catalana","category-portada","tag-catala","tag-llengua-catalana","tag-tecnologia"],"post_mailing_queue_ids":[],"_links":{"self":[{"href":"https:\/\/agora.xtec.cat\/ins-sagulla\/wp-json\/wp\/v2\/posts\/20904","targetHints":{"allow":["GET"]}}],"collection":[{"href":"https:\/\/agora.xtec.cat\/ins-sagulla\/wp-json\/wp\/v2\/posts"}],"about":[{"href":"https:\/\/agora.xtec.cat\/ins-sagulla\/wp-json\/wp\/v2\/types\/post"}],"author":[{"embeddable":true,"href":"https:\/\/agora.xtec.cat\/ins-sagulla\/wp-json\/wp\/v2\/users\/107"}],"replies":[{"embeddable":true,"href":"https:\/\/agora.xtec.cat\/ins-sagulla\/wp-json\/wp\/v2\/comments?post=20904"}],"version-history":[{"count":3,"href":"https:\/\/agora.xtec.cat\/ins-sagulla\/wp-json\/wp\/v2\/posts\/20904\/revisions"}],"predecessor-version":[{"id":21013,"href":"https:\/\/agora.xtec.cat\/ins-sagulla\/wp-json\/wp\/v2\/posts\/20904\/revisions\/21013"}],"wp:featuredmedia":[{"embeddable":true,"href":"https:\/\/agora.xtec.cat\/ins-sagulla\/wp-json\/wp\/v2\/media\/21009"}],"wp:attachment":[{"href":"https:\/\/agora.xtec.cat\/ins-sagulla\/wp-json\/wp\/v2\/media?parent=20904"}],"wp:term":[{"taxonomy":"category","embeddable":true,"href":"https:\/\/agora.xtec.cat\/ins-sagulla\/wp-json\/wp\/v2\/categories?post=20904"},{"taxonomy":"post_tag","embeddable":true,"href":"https:\/\/agora.xtec.cat\/ins-sagulla\/wp-json\/wp\/v2\/tags?post=20904"}],"curies":[{"name":"wp","href":"https:\/\/api.w.org\/{rel}","templated":true}]}}