{"id":20840,"date":"2022-05-18T09:36:33","date_gmt":"2022-05-18T07:36:33","guid":{"rendered":"https:\/\/agora.xtec.cat\/ins-sagulla\/?p=20840"},"modified":"2022-05-18T14:40:22","modified_gmt":"2022-05-18T12:40:22","slug":"taller-de-figures-geometriques","status":"publish","type":"post","link":"https:\/\/agora.xtec.cat\/ins-sagulla\/general\/taller-de-figures-geometriques\/","title":{"rendered":"Taller de figures geom\u00e8triques"},"content":{"rendered":"<p>A la <strong>SIEI<\/strong> hem estat treballant els <strong>pol\u00edgons!<\/strong><\/p>\n<p>Les explicacions te\u00f2riques les hem combinat amb sessions pr\u00e0ctiques, aqu\u00ed les teniu:<\/p>\n<ul>\n<li>La cerca d&#8217;elements i espais de l&#8217;institut que tenen les <strong>formes treballades<\/strong><\/li>\n<li>El c\u00e0lcul de les <strong>\u00e0rees<\/strong>, els <strong>per\u00edmetres<\/strong> d&#8217;objectes d&#8217;\u00fas habitual<\/li>\n<li>La creaci\u00f3 de <strong>figures geom\u00e8triques<\/strong><\/li>\n<\/ul>\n<p>Ens ho hem passat molt b\u00e9 escollint els colors dels papers i les formes, retallant i creant figures amb les gomes el\u00e0stiques. A m\u00e9s, creiem que aquesta darrera tasca manipulativa, i ben creativa, ens ha quedat molt b\u00e9. Bona feina!<\/p>\n<p>A continuaci\u00f3 podeu veure els resultats:<\/p>\n<p>&nbsp;<\/p>\n<p><a href=\"https:\/\/agora.xtec.cat\/ins-sagulla\/wp-content\/uploads\/usu2114\/2022\/05\/IMG-20220513-WA0007.jpg\"><img loading=\"lazy\" decoding=\"async\" class=\"alignnone wp-image-20844 size-large\" src=\"https:\/\/agora.xtec.cat\/ins-sagulla\/wp-content\/uploads\/usu2114\/2022\/05\/IMG-20220513-WA0007-e1652859289456-1024x911.jpg\" alt=\"\" width=\"1024\" height=\"911\" srcset=\"https:\/\/agora.xtec.cat\/ins-sagulla\/wp-content\/uploads\/usu2114\/2022\/05\/IMG-20220513-WA0007-e1652859289456-1024x911.jpg 1024w, https:\/\/agora.xtec.cat\/ins-sagulla\/wp-content\/uploads\/usu2114\/2022\/05\/IMG-20220513-WA0007-e1652859289456-300x267.jpg 300w, https:\/\/agora.xtec.cat\/ins-sagulla\/wp-content\/uploads\/usu2114\/2022\/05\/IMG-20220513-WA0007-e1652859289456-768x683.jpg 768w, https:\/\/agora.xtec.cat\/ins-sagulla\/wp-content\/uploads\/usu2114\/2022\/05\/IMG-20220513-WA0007-e1652859289456.jpg 1495w\" sizes=\"auto, (max-width: 1024px) 100vw, 1024px\" \/><\/a><\/p>\n<p><a href=\"https:\/\/agora.xtec.cat\/ins-sagulla\/wp-content\/uploads\/usu2114\/2022\/05\/IMG-20220513-WA0006.jpg\"><img loading=\"lazy\" decoding=\"async\" class=\"alignnone size-large wp-image-20842\" src=\"https:\/\/agora.xtec.cat\/ins-sagulla\/wp-content\/uploads\/usu2114\/2022\/05\/IMG-20220513-WA0006-1024x766.jpg\" alt=\"\" width=\"1024\" height=\"766\" srcset=\"https:\/\/agora.xtec.cat\/ins-sagulla\/wp-content\/uploads\/usu2114\/2022\/05\/IMG-20220513-WA0006-1024x766.jpg 1024w, https:\/\/agora.xtec.cat\/ins-sagulla\/wp-content\/uploads\/usu2114\/2022\/05\/IMG-20220513-WA0006-300x224.jpg 300w, https:\/\/agora.xtec.cat\/ins-sagulla\/wp-content\/uploads\/usu2114\/2022\/05\/IMG-20220513-WA0006-768x574.jpg 768w, https:\/\/agora.xtec.cat\/ins-sagulla\/wp-content\/uploads\/usu2114\/2022\/05\/IMG-20220513-WA0006-1536x1149.jpg 1536w, https:\/\/agora.xtec.cat\/ins-sagulla\/wp-content\/uploads\/usu2114\/2022\/05\/IMG-20220513-WA0006-200x150.jpg 200w, https:\/\/agora.xtec.cat\/ins-sagulla\/wp-content\/uploads\/usu2114\/2022\/05\/IMG-20220513-WA0006.jpg 2000w\" sizes=\"auto, (max-width: 1024px) 100vw, 1024px\" \/><\/a><\/p>\n<p><a href=\"https:\/\/agora.xtec.cat\/ins-sagulla\/wp-content\/uploads\/usu2114\/2022\/05\/IMG-20220513-WA0008-e1652859360388.jpg\"><img loading=\"lazy\" decoding=\"async\" class=\"alignnone size-large wp-image-20841\" src=\"https:\/\/agora.xtec.cat\/ins-sagulla\/wp-content\/uploads\/usu2114\/2022\/05\/IMG-20220513-WA0008-765x1024.jpg\" alt=\"\" width=\"765\" height=\"1024\" \/><\/a><\/p>\n","protected":false},"excerpt":{"rendered":"<p>A la SIEI hem estat treballant els pol\u00edgons!<br \/>\nLes explicacions te\u00f2riques les hem combinat amb sessions pr\u00e0ctiques, aqu\u00ed les teniu:<\/p>\n<ul>\n<li>La cerca d&#8217;elements i espais de l&#8217;institut que tenen les formes treballades<\/li>\n<li>El c\u00e0lcul de les \u00e0rees, els per\u00edmetres d&#8217;objectes d&#8217;\u00fas habitual<\/li>\n<li>La creaci\u00f3 de figures geom\u00e8triques<\/li>\n<\/ul>\n<p>Ens ho hem&hellip;  <a href=\"https:\/\/agora.xtec.cat\/ins-sagulla\/general\/taller-de-figures-geometriques\/\" title=\"Read Taller de figures geom\u00e8triques\">Llegeix m\u00e9s\u00bb<\/a><\/p>\n","protected":false},"author":46,"featured_media":20843,"comment_status":"open","ping_status":"closed","sticky":false,"template":"","format":"standard","meta":{"_bbp_topic_count":0,"_bbp_reply_count":0,"_bbp_total_topic_count":0,"_bbp_total_reply_count":0,"_bbp_voice_count":0,"_bbp_anonymous_reply_count":0,"_bbp_topic_count_hidden":0,"_bbp_reply_count_hidden":0,"_bbp_forum_subforum_count":0,"footnotes":""},"categories":[5,1,307,29,129],"tags":[996,239,997],"class_list":["post-20840","post","type-post","status-publish","format-standard","has-post-thumbnail","hentry","category-eso-2","category-general","category-matematiques","category-portada","category-siei","tag-poligons","tag-siei","tag-suport-intensiu-escolaritzacio-inclusiva"],"post_mailing_queue_ids":[],"_links":{"self":[{"href":"https:\/\/agora.xtec.cat\/ins-sagulla\/wp-json\/wp\/v2\/posts\/20840","targetHints":{"allow":["GET"]}}],"collection":[{"href":"https:\/\/agora.xtec.cat\/ins-sagulla\/wp-json\/wp\/v2\/posts"}],"about":[{"href":"https:\/\/agora.xtec.cat\/ins-sagulla\/wp-json\/wp\/v2\/types\/post"}],"author":[{"embeddable":true,"href":"https:\/\/agora.xtec.cat\/ins-sagulla\/wp-json\/wp\/v2\/users\/46"}],"replies":[{"embeddable":true,"href":"https:\/\/agora.xtec.cat\/ins-sagulla\/wp-json\/wp\/v2\/comments?post=20840"}],"version-history":[{"count":4,"href":"https:\/\/agora.xtec.cat\/ins-sagulla\/wp-json\/wp\/v2\/posts\/20840\/revisions"}],"predecessor-version":[{"id":20855,"href":"https:\/\/agora.xtec.cat\/ins-sagulla\/wp-json\/wp\/v2\/posts\/20840\/revisions\/20855"}],"wp:featuredmedia":[{"embeddable":true,"href":"https:\/\/agora.xtec.cat\/ins-sagulla\/wp-json\/wp\/v2\/media\/20843"}],"wp:attachment":[{"href":"https:\/\/agora.xtec.cat\/ins-sagulla\/wp-json\/wp\/v2\/media?parent=20840"}],"wp:term":[{"taxonomy":"category","embeddable":true,"href":"https:\/\/agora.xtec.cat\/ins-sagulla\/wp-json\/wp\/v2\/categories?post=20840"},{"taxonomy":"post_tag","embeddable":true,"href":"https:\/\/agora.xtec.cat\/ins-sagulla\/wp-json\/wp\/v2\/tags?post=20840"}],"curies":[{"name":"wp","href":"https:\/\/api.w.org\/{rel}","templated":true}]}}