{"id":20660,"date":"2022-05-10T21:57:17","date_gmt":"2022-05-10T19:57:17","guid":{"rendered":"https:\/\/agora.xtec.cat\/ins-sagulla\/?p=20660"},"modified":"2022-05-11T13:31:16","modified_gmt":"2022-05-11T11:31:16","slug":"1r-eso-visita-el-turo-rodo","status":"publish","type":"post","link":"https:\/\/agora.xtec.cat\/ins-sagulla\/general\/1r-eso-visita-el-turo-rodo\/","title":{"rendered":"Visitem el Tur\u00f3 rod\u00f3 de Lloret de Mar!"},"content":{"rendered":"<p>Nova sortida dels nois i noies de <strong>1r ESO<\/strong>! En aquesta ocasi\u00f3 van visitar el <a href=\"https:\/\/patrimoni.lloret.cat\/ca\/moll-museu-obert-de-lloret\/poblat-iberic-turo-rodo\">poblat ib\u00e8ric <strong>Tur\u00f3 rod\u00f3<\/strong> de <strong>Lloret de Mar<\/strong><\/a>.<\/p>\n<p>Aix\u00ed, a primera hora del mat\u00ed, van sortir a peu de l&#8217;institut i, resseguint el cam\u00ed de ronda, van arribar fins al poble ve\u00ed.<\/p>\n<p>Un cop all\u00e0, un grup classe va anar a fer la visita guiada mentre els altres s&#8217;esperaven a la platja que hi ha a prop del castell.<\/p>\n<p>Una guia, caracteritzada de dona ibera i que s&#8217;ha presentat amb el nom d&#8217;<strong>Edereta<\/strong>, els ha mostrat els l\u00edmits del poblat, l&#8217;alfabet, els sistemes d&#8217;emmagatzematge, els materials de construcci\u00f3 i el tipus d&#8217;habitatge.<\/p>\n<p>Els<strong> indiketes<\/strong>, tal com se&#8217;ls anomenava, eren un poble recol\u00b7lector de gra, ca\u00e7ador i amb una curiosa estrat\u00e8gia de defensa basada en l&#8217;atac sorpresa per la rereguarda.<\/p>\n<p><a href=\"https:\/\/agora.xtec.cat\/ins-sagulla\/wp-content\/uploads\/usu2114\/2022\/05\/IMG-20220502-WA0002-1.jpg\"><img loading=\"lazy\" decoding=\"async\" class=\"alignnone size-large wp-image-20715\" src=\"https:\/\/agora.xtec.cat\/ins-sagulla\/wp-content\/uploads\/usu2114\/2022\/05\/IMG-20220502-WA0002-1-1024x768.jpg\" alt=\"\" width=\"1024\" height=\"768\" srcset=\"https:\/\/agora.xtec.cat\/ins-sagulla\/wp-content\/uploads\/usu2114\/2022\/05\/IMG-20220502-WA0002-1-1024x768.jpg 1024w, https:\/\/agora.xtec.cat\/ins-sagulla\/wp-content\/uploads\/usu2114\/2022\/05\/IMG-20220502-WA0002-1-300x225.jpg 300w, https:\/\/agora.xtec.cat\/ins-sagulla\/wp-content\/uploads\/usu2114\/2022\/05\/IMG-20220502-WA0002-1-768x576.jpg 768w, https:\/\/agora.xtec.cat\/ins-sagulla\/wp-content\/uploads\/usu2114\/2022\/05\/IMG-20220502-WA0002-1-1536x1152.jpg 1536w, https:\/\/agora.xtec.cat\/ins-sagulla\/wp-content\/uploads\/usu2114\/2022\/05\/IMG-20220502-WA0002-1-200x150.jpg 200w, https:\/\/agora.xtec.cat\/ins-sagulla\/wp-content\/uploads\/usu2114\/2022\/05\/IMG-20220502-WA0002-1.jpg 2048w\" sizes=\"auto, (max-width: 1024px) 100vw, 1024px\" \/><\/a><\/p>\n<p>&nbsp;<\/p>\n","protected":false},"excerpt":{"rendered":"<p>Nova sortida dels nois i noies de 1r ESO! En aquesta ocasi\u00f3 van visitar el <a href=\"https:\/\/patrimoni.lloret.cat\/ca\/moll-museu-obert-de-lloret\/poblat-iberic-turo-rodo\">poblat ib\u00e8ric Tur\u00f3 rod\u00f3 de Lloret de Mar<\/a>.<br \/>\nAix\u00ed, a primera hora del mat\u00ed, van sortir a peu de l&#8217;institut i, resseguint el cam\u00ed de ronda, van arribar fins al&hellip;  <a href=\"https:\/\/agora.xtec.cat\/ins-sagulla\/general\/1r-eso-visita-el-turo-rodo\/\" title=\"Read Visitem el Tur\u00f3 rod\u00f3 de Lloret de Mar!\">Llegeix m\u00e9s\u00bb<\/a><\/p>\n","protected":false},"author":86,"featured_media":20714,"comment_status":"open","ping_status":"closed","sticky":false,"template":"","format":"standard","meta":{"_bbp_topic_count":0,"_bbp_reply_count":0,"_bbp_total_topic_count":0,"_bbp_total_reply_count":0,"_bbp_voice_count":0,"_bbp_anonymous_reply_count":0,"_bbp_topic_count_hidden":0,"_bbp_reply_count_hidden":0,"_bbp_forum_subforum_count":0,"footnotes":""},"categories":[4,1,29],"tags":[982,980,237,981],"class_list":["post-20660","post","type-post","status-publish","format-standard","has-post-thumbnail","hentry","category-eso-1","category-general","category-portada","tag-indiketes","tag-lloret-de-mar","tag-sortida","tag-turo-rodo"],"post_mailing_queue_ids":[],"_links":{"self":[{"href":"https:\/\/agora.xtec.cat\/ins-sagulla\/wp-json\/wp\/v2\/posts\/20660","targetHints":{"allow":["GET"]}}],"collection":[{"href":"https:\/\/agora.xtec.cat\/ins-sagulla\/wp-json\/wp\/v2\/posts"}],"about":[{"href":"https:\/\/agora.xtec.cat\/ins-sagulla\/wp-json\/wp\/v2\/types\/post"}],"author":[{"embeddable":true,"href":"https:\/\/agora.xtec.cat\/ins-sagulla\/wp-json\/wp\/v2\/users\/86"}],"replies":[{"embeddable":true,"href":"https:\/\/agora.xtec.cat\/ins-sagulla\/wp-json\/wp\/v2\/comments?post=20660"}],"version-history":[{"count":3,"href":"https:\/\/agora.xtec.cat\/ins-sagulla\/wp-json\/wp\/v2\/posts\/20660\/revisions"}],"predecessor-version":[{"id":20804,"href":"https:\/\/agora.xtec.cat\/ins-sagulla\/wp-json\/wp\/v2\/posts\/20660\/revisions\/20804"}],"wp:featuredmedia":[{"embeddable":true,"href":"https:\/\/agora.xtec.cat\/ins-sagulla\/wp-json\/wp\/v2\/media\/20714"}],"wp:attachment":[{"href":"https:\/\/agora.xtec.cat\/ins-sagulla\/wp-json\/wp\/v2\/media?parent=20660"}],"wp:term":[{"taxonomy":"category","embeddable":true,"href":"https:\/\/agora.xtec.cat\/ins-sagulla\/wp-json\/wp\/v2\/categories?post=20660"},{"taxonomy":"post_tag","embeddable":true,"href":"https:\/\/agora.xtec.cat\/ins-sagulla\/wp-json\/wp\/v2\/tags?post=20660"}],"curies":[{"name":"wp","href":"https:\/\/api.w.org\/{rel}","templated":true}]}}