{"id":2066,"date":"2021-02-04T11:42:10","date_gmt":"2021-02-04T10:42:10","guid":{"rendered":"https:\/\/agora.xtec.cat\/ins-sagulla\/?p=2066"},"modified":"2021-02-04T15:44:08","modified_gmt":"2021-02-04T14:44:08","slug":"premiats-al-projecte-de-ciencia-ciutadana","status":"publish","type":"post","link":"https:\/\/agora.xtec.cat\/ins-sagulla\/eso\/premiats-al-projecte-de-ciencia-ciutadana\/","title":{"rendered":"Premiats en un projecte de ci\u00e8ncia ciutadana!"},"content":{"rendered":"<p>Ja es coneixen els guanyadors del projecte educatiu de ci\u00e8ncia ciutadana &#8216;<strong>Mosquito Alert per a joves: fomentant vocacions cient\u00edfiques a partir de la ci\u00e8ncia ciutadana&#8217;<\/strong>, iniciativa del <strong>Ministerio de Ciencia e Innovaci\u00f3n<\/strong> on, per primer cop, hem participat com a institut.<\/p>\n<p>Des del departament de Ci\u00e8ncies Naturals estem orgullosos de tot l&#8217;alumnat de 3r d&#8217;ESO, a qui volem agrair la implicaci\u00f3 en el projecte i les ganes d&#8217;aprendre fent ci\u00e8ncia ciutadana. Per a tots i totes vosaltres, el nostre reconeixement i aquest diploma.<\/p>\n<p><a href=\"https:\/\/agora.xtec.cat\/ins-sagulla\/wp-content\/uploads\/usu2114\/2021\/02\/diploma.jpg\"><img loading=\"lazy\" decoding=\"async\" class=\"alignnone size-full wp-image-2078\" src=\"https:\/\/agora.xtec.cat\/ins-sagulla\/wp-content\/uploads\/usu2114\/2021\/02\/diploma.jpg\" alt=\"\" width=\"757\" height=\"533\" srcset=\"https:\/\/agora.xtec.cat\/ins-sagulla\/wp-content\/uploads\/usu2114\/2021\/02\/diploma.jpg 757w, https:\/\/agora.xtec.cat\/ins-sagulla\/wp-content\/uploads\/usu2114\/2021\/02\/diploma-300x211.jpg 300w\" sizes=\"auto, (max-width: 757px) 100vw, 757px\" \/><\/a><\/p>\n<p>Pel que fa al concurs nacional de productes finals, amb el que es dona per finalitzada l&#8217;edici\u00f3 d&#8217;enguany, destacar dos treballs del nostres alumnes, en la categoria juvenil:<\/p>\n<p><strong>Millor p\u00f2ster cient\u00edfic<\/strong> pel grup <strong>Metallica<\/strong> de Ra\u00fal G., Arnau B. i Eric A., de 3r E.<\/p>\n<p><a href=\"https:\/\/agora.xtec.cat\/ins-sagulla\/wp-content\/uploads\/usu2114\/2021\/02\/moskito_premiats.jpg\"><img loading=\"lazy\" decoding=\"async\" class=\"alignnone size-full wp-image-2075\" src=\"https:\/\/agora.xtec.cat\/ins-sagulla\/wp-content\/uploads\/usu2114\/2021\/02\/moskito_premiats.jpg\" alt=\"\" width=\"506\" height=\"424\" srcset=\"https:\/\/agora.xtec.cat\/ins-sagulla\/wp-content\/uploads\/usu2114\/2021\/02\/moskito_premiats.jpg 506w, https:\/\/agora.xtec.cat\/ins-sagulla\/wp-content\/uploads\/usu2114\/2021\/02\/moskito_premiats-300x250.jpg 300w\" sizes=\"auto, (max-width: 506px) 100vw, 506px\" \/><\/a><\/p>\n<p><strong>Millor v\u00eddeo<\/strong> pel grup <strong>Caza Mosquits<\/strong> de l&#8217;Eric M., Hugo H. i Hugo G., de 3r B.<\/p>\n<p><a href=\"https:\/\/agora.xtec.cat\/ins-sagulla\/wp-content\/uploads\/usu2114\/2021\/02\/mosquito_2.jpg\"><img loading=\"lazy\" decoding=\"async\" class=\"alignnone size-full wp-image-2077\" src=\"https:\/\/agora.xtec.cat\/ins-sagulla\/wp-content\/uploads\/usu2114\/2021\/02\/mosquito_2.jpg\" alt=\"\" width=\"498\" height=\"426\" srcset=\"https:\/\/agora.xtec.cat\/ins-sagulla\/wp-content\/uploads\/usu2114\/2021\/02\/mosquito_2.jpg 498w, https:\/\/agora.xtec.cat\/ins-sagulla\/wp-content\/uploads\/usu2114\/2021\/02\/mosquito_2-300x257.jpg 300w\" sizes=\"auto, (max-width: 498px) 100vw, 498px\" \/><\/a><\/p>\n<p>Enhorabona a tots i a totes!<\/p>\n<p>&nbsp;<\/p>\n<div class=\"yj6qo\"><\/div>\n","protected":false},"excerpt":{"rendered":"<p>Ja es coneixen els guanyadors del projecte educatiu de ci\u00e8ncia ciutadana &#8216;Mosquito Alert per a joves: fomentant vocacions cient\u00edfiques a partir de la ci\u00e8ncia ciutadana&#8217;, iniciativa del Ministerio de Ciencia e Innovaci\u00f3n on, per primer cop, hem participat com a institut.<br \/>\nDes del departament de Ci\u00e8ncies&hellip;  <a href=\"https:\/\/agora.xtec.cat\/ins-sagulla\/eso\/premiats-al-projecte-de-ciencia-ciutadana\/\" title=\"Read Premiats en un projecte de ci\u00e8ncia ciutadana!\">Llegeix m\u00e9s\u00bb<\/a><\/p>\n","protected":false},"author":53,"featured_media":2075,"comment_status":"open","ping_status":"closed","sticky":false,"template":"","format":"standard","meta":{"_bbp_topic_count":0,"_bbp_reply_count":0,"_bbp_total_topic_count":0,"_bbp_total_reply_count":0,"_bbp_voice_count":0,"_bbp_anonymous_reply_count":0,"_bbp_topic_count_hidden":0,"_bbp_reply_count_hidden":0,"_bbp_forum_subforum_count":0,"footnotes":""},"categories":[3,312,305,6,29],"tags":[383,348,382,384,252,119],"class_list":["post-2066","post","type-post","status-publish","format-standard","has-post-thumbnail","hentry","category-eso","category-ciencies-naturals","category-departaments","category-eso-3","category-portada","tag-caza-mosquits","tag-ciencia","tag-ciencia-ciutadana","tag-metallica","tag-mosquito-alert","tag-premis"],"post_mailing_queue_ids":[],"_links":{"self":[{"href":"https:\/\/agora.xtec.cat\/ins-sagulla\/wp-json\/wp\/v2\/posts\/2066","targetHints":{"allow":["GET"]}}],"collection":[{"href":"https:\/\/agora.xtec.cat\/ins-sagulla\/wp-json\/wp\/v2\/posts"}],"about":[{"href":"https:\/\/agora.xtec.cat\/ins-sagulla\/wp-json\/wp\/v2\/types\/post"}],"author":[{"embeddable":true,"href":"https:\/\/agora.xtec.cat\/ins-sagulla\/wp-json\/wp\/v2\/users\/53"}],"replies":[{"embeddable":true,"href":"https:\/\/agora.xtec.cat\/ins-sagulla\/wp-json\/wp\/v2\/comments?post=2066"}],"version-history":[{"count":4,"href":"https:\/\/agora.xtec.cat\/ins-sagulla\/wp-json\/wp\/v2\/posts\/2066\/revisions"}],"predecessor-version":[{"id":2084,"href":"https:\/\/agora.xtec.cat\/ins-sagulla\/wp-json\/wp\/v2\/posts\/2066\/revisions\/2084"}],"wp:featuredmedia":[{"embeddable":true,"href":"https:\/\/agora.xtec.cat\/ins-sagulla\/wp-json\/wp\/v2\/media\/2075"}],"wp:attachment":[{"href":"https:\/\/agora.xtec.cat\/ins-sagulla\/wp-json\/wp\/v2\/media?parent=2066"}],"wp:term":[{"taxonomy":"category","embeddable":true,"href":"https:\/\/agora.xtec.cat\/ins-sagulla\/wp-json\/wp\/v2\/categories?post=2066"},{"taxonomy":"post_tag","embeddable":true,"href":"https:\/\/agora.xtec.cat\/ins-sagulla\/wp-json\/wp\/v2\/tags?post=2066"}],"curies":[{"name":"wp","href":"https:\/\/api.w.org\/{rel}","templated":true}]}}