{"id":20581,"date":"2022-04-27T14:49:19","date_gmt":"2022-04-27T12:49:19","guid":{"rendered":"https:\/\/agora.xtec.cat\/ins-sagulla\/?p=20581"},"modified":"2022-04-27T14:49:19","modified_gmt":"2022-04-27T12:49:19","slug":"la-ruta-de-les-estatues-a-radio-blanes","status":"publish","type":"post","link":"https:\/\/agora.xtec.cat\/ins-sagulla\/general\/la-ruta-de-les-estatues-a-radio-blanes\/","title":{"rendered":"La ruta de les est\u00e0tues a R\u00e0dio Blanes"},"content":{"rendered":"<p>Aquest mat\u00ed la Niurka B., la Flor R. i l&#8217;Ekaitz Y. de 2n d&#8217;ESO, acompanyats per les professores M\u00f2nica S. i N\u00faria R. han anat a <strong>R\u00e0dio Blanes<\/strong> per explicar el projecte multidisciplinari &#8220;La ruta de les est\u00e0tues de Blanes&#8221;.<\/p>\n<p>Si els voleu escoltar, sincronitzeu aquesta tarda a les 15:30 h la freq\u00fc\u00e8ncia 97,7 o b\u00e9, aneu al web <a href=\"https:\/\/www.radioblanes.cat\/\">https:\/\/www.radioblanes.cat\/<\/a><\/p>\n<p><a href=\"https:\/\/agora.xtec.cat\/ins-sagulla\/wp-content\/uploads\/usu2114\/2022\/04\/PHOTO-2022-04-27-10-50-44-1.jpg\"><img loading=\"lazy\" decoding=\"async\" class=\"alignnone size-large wp-image-20598\" src=\"https:\/\/agora.xtec.cat\/ins-sagulla\/wp-content\/uploads\/usu2114\/2022\/04\/PHOTO-2022-04-27-10-50-44-1.jpg\" alt=\"\" width=\"768\" height=\"1024\" srcset=\"https:\/\/agora.xtec.cat\/ins-sagulla\/wp-content\/uploads\/usu2114\/2022\/04\/PHOTO-2022-04-27-10-50-44-1.jpg 768w, https:\/\/agora.xtec.cat\/ins-sagulla\/wp-content\/uploads\/usu2114\/2022\/04\/PHOTO-2022-04-27-10-50-44-1-225x300.jpg 225w\" sizes=\"auto, (max-width: 768px) 100vw, 768px\" \/><\/a><\/p>\n<p><a href=\"https:\/\/agora.xtec.cat\/ins-sagulla\/wp-content\/uploads\/usu2114\/2022\/04\/PHOTO-2022-04-27-10-50-44.jpg\"><img loading=\"lazy\" decoding=\"async\" class=\"alignnone size-large wp-image-20599\" src=\"https:\/\/agora.xtec.cat\/ins-sagulla\/wp-content\/uploads\/usu2114\/2022\/04\/PHOTO-2022-04-27-10-50-44.jpg\" alt=\"\" width=\"768\" height=\"1024\" srcset=\"https:\/\/agora.xtec.cat\/ins-sagulla\/wp-content\/uploads\/usu2114\/2022\/04\/PHOTO-2022-04-27-10-50-44.jpg 768w, https:\/\/agora.xtec.cat\/ins-sagulla\/wp-content\/uploads\/usu2114\/2022\/04\/PHOTO-2022-04-27-10-50-44-225x300.jpg 225w\" sizes=\"auto, (max-width: 768px) 100vw, 768px\" \/><\/a><\/p>\n<p><a href=\"https:\/\/agora.xtec.cat\/ins-sagulla\/wp-content\/uploads\/usu2114\/2022\/04\/PHOTO-2022-04-27-10-50-44-2.jpg\"><img loading=\"lazy\" decoding=\"async\" class=\"alignnone size-large wp-image-20597\" src=\"https:\/\/agora.xtec.cat\/ins-sagulla\/wp-content\/uploads\/usu2114\/2022\/04\/PHOTO-2022-04-27-10-50-44-2.jpg\" alt=\"\" width=\"768\" height=\"1024\" srcset=\"https:\/\/agora.xtec.cat\/ins-sagulla\/wp-content\/uploads\/usu2114\/2022\/04\/PHOTO-2022-04-27-10-50-44-2.jpg 768w, https:\/\/agora.xtec.cat\/ins-sagulla\/wp-content\/uploads\/usu2114\/2022\/04\/PHOTO-2022-04-27-10-50-44-2-225x300.jpg 225w\" sizes=\"auto, (max-width: 768px) 100vw, 768px\" \/><\/a><\/p>\n<p>&nbsp;<\/p>\n","protected":false},"excerpt":{"rendered":"<p>Aquest mat\u00ed la Niurka B., la Flor R. i l&#8217;Ekaitz Y. de 2n d&#8217;ESO, acompanyats per les professores M\u00f2nica S. i N\u00faria R. han anat a R\u00e0dio Blanes per explicar el projecte multidisciplinari &#8220;La ruta de les est\u00e0tues de Blanes&#8221;.<br \/>\nSi els voleu escoltar, sincronitzeu aquesta&hellip;  <a href=\"https:\/\/agora.xtec.cat\/ins-sagulla\/general\/la-ruta-de-les-estatues-a-radio-blanes\/\" title=\"Read La ruta de les est\u00e0tues a R\u00e0dio Blanes\">Llegeix m\u00e9s\u00bb<\/a><\/p>\n","protected":false},"author":1,"featured_media":20595,"comment_status":"open","ping_status":"closed","sticky":false,"template":"","format":"standard","meta":{"_bbp_topic_count":0,"_bbp_reply_count":0,"_bbp_total_topic_count":0,"_bbp_total_reply_count":0,"_bbp_voice_count":0,"_bbp_anonymous_reply_count":0,"_bbp_topic_count_hidden":0,"_bbp_reply_count_hidden":0,"_bbp_forum_subforum_count":0,"footnotes":""},"categories":[3,5,1,29],"tags":[253,969,708],"class_list":["post-20581","post","type-post","status-publish","format-standard","has-post-thumbnail","hentry","category-eso","category-eso-2","category-general","category-portada","tag-blanes","tag-radio-blanes","tag-ruta-de-les-estatues"],"post_mailing_queue_ids":[],"_links":{"self":[{"href":"https:\/\/agora.xtec.cat\/ins-sagulla\/wp-json\/wp\/v2\/posts\/20581","targetHints":{"allow":["GET"]}}],"collection":[{"href":"https:\/\/agora.xtec.cat\/ins-sagulla\/wp-json\/wp\/v2\/posts"}],"about":[{"href":"https:\/\/agora.xtec.cat\/ins-sagulla\/wp-json\/wp\/v2\/types\/post"}],"author":[{"embeddable":true,"href":"https:\/\/agora.xtec.cat\/ins-sagulla\/wp-json\/wp\/v2\/users\/1"}],"replies":[{"embeddable":true,"href":"https:\/\/agora.xtec.cat\/ins-sagulla\/wp-json\/wp\/v2\/comments?post=20581"}],"version-history":[{"count":3,"href":"https:\/\/agora.xtec.cat\/ins-sagulla\/wp-json\/wp\/v2\/posts\/20581\/revisions"}],"predecessor-version":[{"id":20600,"href":"https:\/\/agora.xtec.cat\/ins-sagulla\/wp-json\/wp\/v2\/posts\/20581\/revisions\/20600"}],"wp:featuredmedia":[{"embeddable":true,"href":"https:\/\/agora.xtec.cat\/ins-sagulla\/wp-json\/wp\/v2\/media\/20595"}],"wp:attachment":[{"href":"https:\/\/agora.xtec.cat\/ins-sagulla\/wp-json\/wp\/v2\/media?parent=20581"}],"wp:term":[{"taxonomy":"category","embeddable":true,"href":"https:\/\/agora.xtec.cat\/ins-sagulla\/wp-json\/wp\/v2\/categories?post=20581"},{"taxonomy":"post_tag","embeddable":true,"href":"https:\/\/agora.xtec.cat\/ins-sagulla\/wp-json\/wp\/v2\/tags?post=20581"}],"curies":[{"name":"wp","href":"https:\/\/api.w.org\/{rel}","templated":true}]}}