{"id":20378,"date":"2022-04-07T10:32:10","date_gmt":"2022-04-07T08:32:10","guid":{"rendered":"https:\/\/agora.xtec.cat\/ins-sagulla\/?p=20378"},"modified":"2022-04-12T20:05:44","modified_gmt":"2022-04-12T18:05:44","slug":"inauguracio-de-les-xii-jornades-tecniques-a-fp","status":"publish","type":"post","link":"https:\/\/agora.xtec.cat\/ins-sagulla\/portada\/inauguracio-de-les-xii-jornades-tecniques-a-fp\/","title":{"rendered":"Inauguraci\u00f3 de les jornades t\u00e8cniques amb Marina Geli"},"content":{"rendered":"<p style=\"text-align: justify;\">El dilluns 4 d&#8217;abril, amb motiu de la inauguraci\u00f3 de les <strong>XII Jornades T\u00e8cniques Montse Capell\u00e0<\/strong>,\u00a0vam poder gaudir de la pon\u00e8ncia <em>Reptes davant l&#8217;envelliment i les desigualtats socials. Lli\u00e7ons postpand\u00e8mia<\/em> a c\u00e0rrec de la doctora<strong>\u00a0Marina Geli<\/strong>, coordinadora del Centre d&#8217;Estudis Sanitaris i Socials (CESS) i directora general de la Facultat de Medicina UVIC-UCC.<\/p>\n<p style=\"text-align: justify;\">Aquests tallers es duen a terme del 4 al 8 d&#8217;abril al nostre centre, i pretenen obrir la porta a experi\u00e8ncies de persones de diferents col\u00b7lectius i tamb\u00e9 a professionals de diversos \u00e0mbits.<\/p>\n<p style=\"text-align: justify;\">Les jornades van adre\u00e7ades a l&#8217;alumnat de cicles formatius per tal d&#8217;ampliar les seves viv\u00e8ncies al centre i con\u00e8ixer el m\u00f3n professional que els depara.<\/p>\n<p><a href=\"https:\/\/agora.xtec.cat\/ins-sagulla\/wp-content\/uploads\/usu2114\/2022\/04\/DSC7381-scaled.jpg\"><img loading=\"lazy\" decoding=\"async\" class=\"alignnone size-large wp-image-20379\" src=\"https:\/\/agora.xtec.cat\/ins-sagulla\/wp-content\/uploads\/usu2114\/2022\/04\/DSC7381-1024x683.jpg\" alt=\"\" width=\"1024\" height=\"683\" \/><\/a><\/p>\n","protected":false},"excerpt":{"rendered":"<p>El dilluns 4 d&#8217;abril, amb motiu de la inauguraci\u00f3 de les XII Jornades T\u00e8cniques Montse Capell\u00e0,\u00a0vam poder gaudir de la pon\u00e8ncia Reptes davant l&#8217;envelliment i les desigualtats socials. Lli\u00e7ons postpand\u00e8mia a c\u00e0rrec de la doctora\u00a0Marina Geli, coordinadora del Centre d&#8217;Estudis Sanitaris i Socials (CESS) i&hellip;  <a href=\"https:\/\/agora.xtec.cat\/ins-sagulla\/portada\/inauguracio-de-les-xii-jornades-tecniques-a-fp\/\" title=\"Read Inauguraci\u00f3 de les jornades t\u00e8cniques amb Marina Geli\">Llegeix m\u00e9s\u00bb<\/a><\/p>\n","protected":false},"author":79,"featured_media":20379,"comment_status":"open","ping_status":"closed","sticky":false,"template":"","format":"standard","meta":{"_bbp_topic_count":0,"_bbp_reply_count":0,"_bbp_total_topic_count":0,"_bbp_total_reply_count":0,"_bbp_voice_count":0,"_bbp_anonymous_reply_count":0,"_bbp_topic_count_hidden":0,"_bbp_reply_count_hidden":0,"_bbp_forum_subforum_count":0,"footnotes":""},"categories":[30,213,214,507,29],"tags":[202,944,937,958],"class_list":["post-20378","post","type-post","status-publish","format-standard","has-post-thumbnail","hentry","category-cicles-formatius","category-grau-mitja","category-grau-superior","category-integracio-social-i-comunitat","category-portada","tag-cicles-formatius","tag-experiencia","tag-marina-geli","tag-mercat-laboral"],"post_mailing_queue_ids":[],"_links":{"self":[{"href":"https:\/\/agora.xtec.cat\/ins-sagulla\/wp-json\/wp\/v2\/posts\/20378","targetHints":{"allow":["GET"]}}],"collection":[{"href":"https:\/\/agora.xtec.cat\/ins-sagulla\/wp-json\/wp\/v2\/posts"}],"about":[{"href":"https:\/\/agora.xtec.cat\/ins-sagulla\/wp-json\/wp\/v2\/types\/post"}],"author":[{"embeddable":true,"href":"https:\/\/agora.xtec.cat\/ins-sagulla\/wp-json\/wp\/v2\/users\/79"}],"replies":[{"embeddable":true,"href":"https:\/\/agora.xtec.cat\/ins-sagulla\/wp-json\/wp\/v2\/comments?post=20378"}],"version-history":[{"count":4,"href":"https:\/\/agora.xtec.cat\/ins-sagulla\/wp-json\/wp\/v2\/posts\/20378\/revisions"}],"predecessor-version":[{"id":20436,"href":"https:\/\/agora.xtec.cat\/ins-sagulla\/wp-json\/wp\/v2\/posts\/20378\/revisions\/20436"}],"wp:featuredmedia":[{"embeddable":true,"href":"https:\/\/agora.xtec.cat\/ins-sagulla\/wp-json\/wp\/v2\/media\/20379"}],"wp:attachment":[{"href":"https:\/\/agora.xtec.cat\/ins-sagulla\/wp-json\/wp\/v2\/media?parent=20378"}],"wp:term":[{"taxonomy":"category","embeddable":true,"href":"https:\/\/agora.xtec.cat\/ins-sagulla\/wp-json\/wp\/v2\/categories?post=20378"},{"taxonomy":"post_tag","embeddable":true,"href":"https:\/\/agora.xtec.cat\/ins-sagulla\/wp-json\/wp\/v2\/tags?post=20378"}],"curies":[{"name":"wp","href":"https:\/\/api.w.org\/{rel}","templated":true}]}}