{"id":20364,"date":"2022-04-01T07:28:44","date_gmt":"2022-04-01T05:28:44","guid":{"rendered":"https:\/\/agora.xtec.cat\/ins-sagulla\/?p=20364"},"modified":"2022-04-01T07:31:21","modified_gmt":"2022-04-01T05:31:21","slug":"esquiada-al-principat-dandorra","status":"publish","type":"post","link":"https:\/\/agora.xtec.cat\/ins-sagulla\/batxillerat\/esquiada-al-principat-dandorra\/","title":{"rendered":"Esquiada al Principat d&#8217;Andorra"},"content":{"rendered":"<p>L&#8217;alumnat de <strong>1r de batxillerat<\/strong>, des de la mat\u00e8ria d&#8217;<strong>Educaci\u00f3 F\u00edsica<\/strong>, ha realitzat una sortida al <strong>Principat d&#8217;Andorra<\/strong> per a la pr\u00e0ctica de l&#8217;esqu\u00ed alp\u00ed i <em>snowboard<\/em> com a activitat esportiva a la natura. <span style=\"font-family: inherit; font-size: 1em;\">Aquest any, s&#8217;hi ha afegit l&#8217;alumnat de <\/span><strong style=\"font-family: inherit; font-size: 1em;\">2n de batxillerat<\/strong><span style=\"font-family: inherit; font-size: 1em;\">, que no va poder anar-hi el curs passat a causa de les restriccions sanit\u00e0ries derivades de la Covid-19.<\/span><\/p>\n<p><a href=\"https:\/\/agora.xtec.cat\/ins-sagulla\/wp-content\/uploads\/usu2114\/2022\/03\/IMG_20220310_164508-scaled.jpg\"><img loading=\"lazy\" decoding=\"async\" class=\"alignnone size-large wp-image-20365\" src=\"https:\/\/agora.xtec.cat\/ins-sagulla\/wp-content\/uploads\/usu2114\/2022\/03\/IMG_20220310_164508-1024x512.jpg\" alt=\"\" width=\"1024\" height=\"512\" srcset=\"https:\/\/agora.xtec.cat\/ins-sagulla\/wp-content\/uploads\/usu2114\/2022\/03\/IMG_20220310_164508-1024x512.jpg 1024w, https:\/\/agora.xtec.cat\/ins-sagulla\/wp-content\/uploads\/usu2114\/2022\/03\/IMG_20220310_164508-300x150.jpg 300w, https:\/\/agora.xtec.cat\/ins-sagulla\/wp-content\/uploads\/usu2114\/2022\/03\/IMG_20220310_164508-768x384.jpg 768w, https:\/\/agora.xtec.cat\/ins-sagulla\/wp-content\/uploads\/usu2114\/2022\/03\/IMG_20220310_164508-1536x768.jpg 1536w, https:\/\/agora.xtec.cat\/ins-sagulla\/wp-content\/uploads\/usu2114\/2022\/03\/IMG_20220310_164508-2048x1024.jpg 2048w\" sizes=\"auto, (max-width: 1024px) 100vw, 1024px\" \/><\/a><\/p>\n<p>Del <strong>9 a l&#8217;11 de mar\u00e7<\/strong>, a l&#8217;estaci\u00f3 d&#8217;esqu\u00ed d&#8217;<strong>Ordino Arcal\u00eds<\/strong>, han pogut gaudir de dues hores de classe di\u00e0ries adaptades al nivell de coneixement de l&#8217;esport de cadasc\u00fa. En acabar les sessions amb els monitors especialitzats, es destinava la resta del dia a la pr\u00e0ctica lliure de l&#8217;esqu\u00ed, sols o amb el professorat acompanyant.<\/p>\n<p><a href=\"https:\/\/agora.xtec.cat\/ins-sagulla\/wp-content\/uploads\/usu2114\/2022\/03\/IMG_20220309_104439.jpg\"><img loading=\"lazy\" decoding=\"async\" class=\"alignnone size-full wp-image-20367\" src=\"https:\/\/agora.xtec.cat\/ins-sagulla\/wp-content\/uploads\/usu2114\/2022\/03\/IMG_20220309_104439.jpg\" alt=\"\" width=\"1024\" height=\"768\" srcset=\"https:\/\/agora.xtec.cat\/ins-sagulla\/wp-content\/uploads\/usu2114\/2022\/03\/IMG_20220309_104439.jpg 1024w, https:\/\/agora.xtec.cat\/ins-sagulla\/wp-content\/uploads\/usu2114\/2022\/03\/IMG_20220309_104439-300x225.jpg 300w, https:\/\/agora.xtec.cat\/ins-sagulla\/wp-content\/uploads\/usu2114\/2022\/03\/IMG_20220309_104439-768x576.jpg 768w, https:\/\/agora.xtec.cat\/ins-sagulla\/wp-content\/uploads\/usu2114\/2022\/03\/IMG_20220309_104439-200x150.jpg 200w\" sizes=\"auto, (max-width: 1024px) 100vw, 1024px\" \/><\/a><\/p>\n<p><a href=\"https:\/\/agora.xtec.cat\/ins-sagulla\/wp-content\/uploads\/usu2114\/2022\/03\/IMG_20220311_094543-scaled.jpg\"><img loading=\"lazy\" decoding=\"async\" class=\"alignnone size-large wp-image-20368\" src=\"https:\/\/agora.xtec.cat\/ins-sagulla\/wp-content\/uploads\/usu2114\/2022\/03\/IMG_20220311_094543-1024x512.jpg\" alt=\"\" width=\"1024\" height=\"512\" srcset=\"https:\/\/agora.xtec.cat\/ins-sagulla\/wp-content\/uploads\/usu2114\/2022\/03\/IMG_20220311_094543-1024x512.jpg 1024w, https:\/\/agora.xtec.cat\/ins-sagulla\/wp-content\/uploads\/usu2114\/2022\/03\/IMG_20220311_094543-300x150.jpg 300w, https:\/\/agora.xtec.cat\/ins-sagulla\/wp-content\/uploads\/usu2114\/2022\/03\/IMG_20220311_094543-768x384.jpg 768w, https:\/\/agora.xtec.cat\/ins-sagulla\/wp-content\/uploads\/usu2114\/2022\/03\/IMG_20220311_094543-1536x768.jpg 1536w, https:\/\/agora.xtec.cat\/ins-sagulla\/wp-content\/uploads\/usu2114\/2022\/03\/IMG_20220311_094543-2048x1024.jpg 2048w\" sizes=\"auto, (max-width: 1024px) 100vw, 1024px\" \/><\/a><\/p>\n<p><a href=\"https:\/\/agora.xtec.cat\/ins-sagulla\/wp-content\/uploads\/usu2114\/2022\/03\/20220309_130413-scaled.jpg\"><img loading=\"lazy\" decoding=\"async\" class=\"alignnone size-large wp-image-20366\" src=\"https:\/\/agora.xtec.cat\/ins-sagulla\/wp-content\/uploads\/usu2114\/2022\/03\/20220309_130413-1024x576.jpg\" alt=\"\" width=\"1024\" height=\"576\" srcset=\"https:\/\/agora.xtec.cat\/ins-sagulla\/wp-content\/uploads\/usu2114\/2022\/03\/20220309_130413-1024x576.jpg 1024w, https:\/\/agora.xtec.cat\/ins-sagulla\/wp-content\/uploads\/usu2114\/2022\/03\/20220309_130413-300x169.jpg 300w, https:\/\/agora.xtec.cat\/ins-sagulla\/wp-content\/uploads\/usu2114\/2022\/03\/20220309_130413-768x432.jpg 768w, https:\/\/agora.xtec.cat\/ins-sagulla\/wp-content\/uploads\/usu2114\/2022\/03\/20220309_130413-1536x864.jpg 1536w, https:\/\/agora.xtec.cat\/ins-sagulla\/wp-content\/uploads\/usu2114\/2022\/03\/20220309_130413-2048x1152.jpg 2048w\" sizes=\"auto, (max-width: 1024px) 100vw, 1024px\" \/><\/a><\/p>\n<p>En les estones lliures, van poder per passejar per <strong>Escaldes-Engordany<\/strong>, parr\u00f2quia on estaven allotjats, i relaxar-se amb les aig\u00fces termals de <strong>Caldea<\/strong>.<\/p>\n<p><a href=\"https:\/\/agora.xtec.cat\/ins-sagulla\/wp-content\/uploads\/usu2114\/2022\/03\/IMG_0563-scaled.jpg\"><img loading=\"lazy\" decoding=\"async\" class=\"alignnone size-large wp-image-20371\" src=\"https:\/\/agora.xtec.cat\/ins-sagulla\/wp-content\/uploads\/usu2114\/2022\/03\/IMG_0563-1024x768.jpg\" alt=\"\" width=\"1024\" height=\"768\" srcset=\"https:\/\/agora.xtec.cat\/ins-sagulla\/wp-content\/uploads\/usu2114\/2022\/03\/IMG_0563-1024x768.jpg 1024w, https:\/\/agora.xtec.cat\/ins-sagulla\/wp-content\/uploads\/usu2114\/2022\/03\/IMG_0563-300x225.jpg 300w, https:\/\/agora.xtec.cat\/ins-sagulla\/wp-content\/uploads\/usu2114\/2022\/03\/IMG_0563-768x576.jpg 768w, https:\/\/agora.xtec.cat\/ins-sagulla\/wp-content\/uploads\/usu2114\/2022\/03\/IMG_0563-1536x1152.jpg 1536w, https:\/\/agora.xtec.cat\/ins-sagulla\/wp-content\/uploads\/usu2114\/2022\/03\/IMG_0563-2048x1536.jpg 2048w, https:\/\/agora.xtec.cat\/ins-sagulla\/wp-content\/uploads\/usu2114\/2022\/03\/IMG_0563-200x150.jpg 200w\" sizes=\"auto, (max-width: 1024px) 100vw, 1024px\" \/><\/a><\/p>\n<p>&#8220;Blau, verd o vermell, tots ens caurem sense voler&#8221; (Luc\u00eda Moreno)<\/p>\n","protected":false},"excerpt":{"rendered":"<p>L&#8217;alumnat de 1r de batxillerat, des de la mat\u00e8ria d&#8217;Educaci\u00f3 F\u00edsica, ha realitzat una sortida al Principat d&#8217;Andorra per a la pr\u00e0ctica de l&#8217;esqu\u00ed alp\u00ed i snowboard com a activitat esportiva a la natura. Aquest any, s&#8217;hi ha afegit l&#8217;alumnat de 2n de batxillerat, que&hellip;  <a href=\"https:\/\/agora.xtec.cat\/ins-sagulla\/batxillerat\/esquiada-al-principat-dandorra\/\" title=\"Read Esquiada al Principat d&#8217;Andorra\">Llegeix m\u00e9s\u00bb<\/a><\/p>\n","protected":false},"author":1,"featured_media":20365,"comment_status":"open","ping_status":"closed","sticky":false,"template":"","format":"standard","meta":{"_bbp_topic_count":0,"_bbp_reply_count":0,"_bbp_total_topic_count":0,"_bbp_total_reply_count":0,"_bbp_voice_count":0,"_bbp_anonymous_reply_count":0,"_bbp_topic_count_hidden":0,"_bbp_reply_count_hidden":0,"_bbp_forum_subforum_count":0,"footnotes":""},"categories":[337,338,8,334,29],"tags":[113,112,237],"class_list":["post-20364","post","type-post","status-publish","format-standard","has-post-thumbnail","hentry","category-batx-1","category-batx-2","category-batxillerat","category-educacio-fisica","category-portada","tag-andorra","tag-esquiada","tag-sortida"],"post_mailing_queue_ids":[],"_links":{"self":[{"href":"https:\/\/agora.xtec.cat\/ins-sagulla\/wp-json\/wp\/v2\/posts\/20364","targetHints":{"allow":["GET"]}}],"collection":[{"href":"https:\/\/agora.xtec.cat\/ins-sagulla\/wp-json\/wp\/v2\/posts"}],"about":[{"href":"https:\/\/agora.xtec.cat\/ins-sagulla\/wp-json\/wp\/v2\/types\/post"}],"author":[{"embeddable":true,"href":"https:\/\/agora.xtec.cat\/ins-sagulla\/wp-json\/wp\/v2\/users\/1"}],"replies":[{"embeddable":true,"href":"https:\/\/agora.xtec.cat\/ins-sagulla\/wp-json\/wp\/v2\/comments?post=20364"}],"version-history":[{"count":2,"href":"https:\/\/agora.xtec.cat\/ins-sagulla\/wp-json\/wp\/v2\/posts\/20364\/revisions"}],"predecessor-version":[{"id":20372,"href":"https:\/\/agora.xtec.cat\/ins-sagulla\/wp-json\/wp\/v2\/posts\/20364\/revisions\/20372"}],"wp:featuredmedia":[{"embeddable":true,"href":"https:\/\/agora.xtec.cat\/ins-sagulla\/wp-json\/wp\/v2\/media\/20365"}],"wp:attachment":[{"href":"https:\/\/agora.xtec.cat\/ins-sagulla\/wp-json\/wp\/v2\/media?parent=20364"}],"wp:term":[{"taxonomy":"category","embeddable":true,"href":"https:\/\/agora.xtec.cat\/ins-sagulla\/wp-json\/wp\/v2\/categories?post=20364"},{"taxonomy":"post_tag","embeddable":true,"href":"https:\/\/agora.xtec.cat\/ins-sagulla\/wp-json\/wp\/v2\/tags?post=20364"}],"curies":[{"name":"wp","href":"https:\/\/api.w.org\/{rel}","templated":true}]}}