{"id":20333,"date":"2022-03-28T08:10:32","date_gmt":"2022-03-28T06:10:32","guid":{"rendered":"https:\/\/agora.xtec.cat\/ins-sagulla\/?p=20333"},"modified":"2022-03-25T11:43:53","modified_gmt":"2022-03-25T10:43:53","slug":"important-canvi-de-dates-sollicitud-beques-estudis-postobligatoris-no-universitaris","status":"publish","type":"post","link":"https:\/\/agora.xtec.cat\/ins-sagulla\/batxillerat\/important-canvi-de-dates-sollicitud-beques-estudis-postobligatoris-no-universitaris\/","title":{"rendered":"IMPORTANT! Canvi de dates sol\u00b7licitud beques estudis postobligatoris no universitaris"},"content":{"rendered":"<p>Canvi important amb refer\u00e8ncia a les dates de sol\u00b7licitud de les beques pel estudis postobligatoris no universitaris.<\/p>\n<p>Presentaci\u00f3 de la sol\u00b7licitud: <strong>del 30 de mar\u00e7 al 12 de maig de 2022<\/strong><\/p>\n<p>El termini s&#8217;ha avan\u00e7at, tot i no saber si continuar\u00e0s estudiant o qu\u00e8 estudiar\u00e0s, per tal d&#8217;avan\u00e7ar la tramitaci\u00f3 i resoluci\u00f3, en cas de reunir els requisits econ\u00f2mics i acad\u00e8mics. Posteriorment ja es concretaran els estudis als que et matricules.<\/p>\n<p><strong>No hi haur\u00e0 un altre termini de sol\u00b7licitud!\u00a0<\/strong><\/p>\n<p>Aqu\u00ed teniu la informaci\u00f3 sobre les Beques convocades pel Ministeri d&#8217;Educaci\u00f3 i Formaci\u00f3 Professional per a estudiants que el curs acad\u00e8mic 2022-2023 cursen ensenyaments postobligatoris (Cicles Formatius o Batxillerat): <a href=\"https:\/\/educacio.gencat.cat\/ca\/tramits\/tramits-temes\/247-beques-ministerio-postobligatoris?category=7449fd1c-a82c-11e3-a972-000c29052e2c\">https:\/\/educacio.gencat.cat\/ca\/tramits\/tramits-temes\/247-beques-ministerio-postobligatoris?category=7449fd1c-a82c-11e3-a972-000c29052e2c\u00a0<\/a><\/p>\n<p>Us recomanem que llegiu atentament les explicacions i ompliu la sol\u00b7licitud amb calma, per tal d&#8217;evitar endarreriments en la tramitaci\u00f3, la qual \u00e9s totalment <strong>telem\u00e0tica.\u00a0<\/strong>El centre nom\u00e9s interv\u00e9 per a la certificaci\u00f3 de les dades acad\u00e8miques.<\/p>\n","protected":false},"excerpt":{"rendered":"<p>Canvi important amb refer\u00e8ncia a les dates de sol\u00b7licitud de les beques pel estudis postobligatoris no universitaris.<br \/>\nPresentaci\u00f3 de la sol\u00b7licitud: del 30 de mar\u00e7 al 12 de maig de 2022<br \/>\nEl termini s&#8217;ha avan\u00e7at, tot i no saber si continuar\u00e0s estudiant o qu\u00e8 estudiar\u00e0s, per tal&hellip;  <a href=\"https:\/\/agora.xtec.cat\/ins-sagulla\/batxillerat\/important-canvi-de-dates-sollicitud-beques-estudis-postobligatoris-no-universitaris\/\" title=\"Read IMPORTANT! Canvi de dates sol\u00b7licitud beques estudis postobligatoris no universitaris\">Llegeix m\u00e9s\u00bb<\/a><\/p>\n","protected":false},"author":1,"featured_media":20334,"comment_status":"open","ping_status":"closed","sticky":false,"template":"","format":"standard","meta":{"_bbp_topic_count":0,"_bbp_reply_count":0,"_bbp_total_topic_count":0,"_bbp_total_reply_count":0,"_bbp_voice_count":0,"_bbp_anonymous_reply_count":0,"_bbp_topic_count_hidden":0,"_bbp_reply_count_hidden":0,"_bbp_forum_subforum_count":0,"footnotes":""},"categories":[8,30,168,213,214,29,167],"tags":[220,531,172],"class_list":["post-20333","post","type-post","status-publish","format-standard","has-post-thumbnail","hentry","category-batxillerat","category-cicles-formatius","category-documents","category-grau-mitja","category-grau-superior","category-portada","category-secretaria","tag-beques","tag-estudis-postobligatoris","tag-sollicitud"],"post_mailing_queue_ids":[],"_links":{"self":[{"href":"https:\/\/agora.xtec.cat\/ins-sagulla\/wp-json\/wp\/v2\/posts\/20333","targetHints":{"allow":["GET"]}}],"collection":[{"href":"https:\/\/agora.xtec.cat\/ins-sagulla\/wp-json\/wp\/v2\/posts"}],"about":[{"href":"https:\/\/agora.xtec.cat\/ins-sagulla\/wp-json\/wp\/v2\/types\/post"}],"author":[{"embeddable":true,"href":"https:\/\/agora.xtec.cat\/ins-sagulla\/wp-json\/wp\/v2\/users\/1"}],"replies":[{"embeddable":true,"href":"https:\/\/agora.xtec.cat\/ins-sagulla\/wp-json\/wp\/v2\/comments?post=20333"}],"version-history":[{"count":1,"href":"https:\/\/agora.xtec.cat\/ins-sagulla\/wp-json\/wp\/v2\/posts\/20333\/revisions"}],"predecessor-version":[{"id":20335,"href":"https:\/\/agora.xtec.cat\/ins-sagulla\/wp-json\/wp\/v2\/posts\/20333\/revisions\/20335"}],"wp:featuredmedia":[{"embeddable":true,"href":"https:\/\/agora.xtec.cat\/ins-sagulla\/wp-json\/wp\/v2\/media\/20334"}],"wp:attachment":[{"href":"https:\/\/agora.xtec.cat\/ins-sagulla\/wp-json\/wp\/v2\/media?parent=20333"}],"wp:term":[{"taxonomy":"category","embeddable":true,"href":"https:\/\/agora.xtec.cat\/ins-sagulla\/wp-json\/wp\/v2\/categories?post=20333"},{"taxonomy":"post_tag","embeddable":true,"href":"https:\/\/agora.xtec.cat\/ins-sagulla\/wp-json\/wp\/v2\/tags?post=20333"}],"curies":[{"name":"wp","href":"https:\/\/api.w.org\/{rel}","templated":true}]}}