{"id":20313,"date":"2022-04-04T08:14:07","date_gmt":"2022-04-04T06:14:07","guid":{"rendered":"https:\/\/agora.xtec.cat\/ins-sagulla\/?p=20313"},"modified":"2022-03-31T10:27:59","modified_gmt":"2022-03-31T08:27:59","slug":"experiencies-de-batxillerat","status":"publish","type":"post","link":"https:\/\/agora.xtec.cat\/ins-sagulla\/general\/experiencies-de-batxillerat\/","title":{"rendered":"Experi\u00e8ncies de batxillerat"},"content":{"rendered":"<p>L&#8217;alumnat de 2n de Batxillerat dels itineraris human\u00edstic, social, tecnol\u00f2gic i cient\u00edfic, han deixat per uns moments les seves aules per traslladar la seva <strong>experi\u00e8ncia<\/strong> a l&#8217;alumnat de 4t.<\/p>\n<p>Despr\u00e9s de dos anys, han explicat el seu testimoni, tot fent valoraci\u00f3 de la traject\u00f2ria viscuda durant aquests dos cursos.<\/p>\n<p>Hem pogut escoltar tot tipus d&#8217;experi\u00e8ncies, i ens han donat bons <strong>consells<\/strong>. Molts dels estudiants s&#8217;han sentit identificats amb els relats compartits.<\/p>\n<p>Aquest projecte, es porta a terme des de fa anys des del <strong>Departament d&#8217;Orientaci\u00f3<\/strong> juntament amb les tutores de 4t. Seguim fent \u00fas d&#8217;aquest recurs, ja que \u00e9s una <strong>eina<\/strong> m\u00e9s, per facilitar la tria d&#8217;estudis i la <strong>presa de decisions<\/strong> de tots aquests joves.<\/p>\n<p>A totes elles i ells, MOLTES GR\u00c0CIES per compartir la vostra experi\u00e8ncia!<\/p>\n<p><a href=\"https:\/\/agora.xtec.cat\/ins-sagulla\/wp-content\/uploads\/usu2114\/2022\/03\/IMG_20220324_092039087-scaled.jpg\"><img loading=\"lazy\" decoding=\"async\" class=\"alignnone size-large wp-image-20319\" src=\"https:\/\/agora.xtec.cat\/ins-sagulla\/wp-content\/uploads\/usu2114\/2022\/03\/IMG_20220324_092039087-1024x768.jpg\" alt=\"\" width=\"1024\" height=\"768\" srcset=\"https:\/\/agora.xtec.cat\/ins-sagulla\/wp-content\/uploads\/usu2114\/2022\/03\/IMG_20220324_092039087-1024x768.jpg 1024w, https:\/\/agora.xtec.cat\/ins-sagulla\/wp-content\/uploads\/usu2114\/2022\/03\/IMG_20220324_092039087-300x225.jpg 300w, https:\/\/agora.xtec.cat\/ins-sagulla\/wp-content\/uploads\/usu2114\/2022\/03\/IMG_20220324_092039087-768x576.jpg 768w, https:\/\/agora.xtec.cat\/ins-sagulla\/wp-content\/uploads\/usu2114\/2022\/03\/IMG_20220324_092039087-1536x1152.jpg 1536w, https:\/\/agora.xtec.cat\/ins-sagulla\/wp-content\/uploads\/usu2114\/2022\/03\/IMG_20220324_092039087-2048x1536.jpg 2048w, https:\/\/agora.xtec.cat\/ins-sagulla\/wp-content\/uploads\/usu2114\/2022\/03\/IMG_20220324_092039087-200x150.jpg 200w\" sizes=\"auto, (max-width: 1024px) 100vw, 1024px\" \/><\/a><\/p>\n<p><a href=\"https:\/\/agora.xtec.cat\/ins-sagulla\/wp-content\/uploads\/usu2114\/2022\/03\/batxillerat-social-hum.png\"><img loading=\"lazy\" decoding=\"async\" class=\"alignnone size-large wp-image-20322\" src=\"https:\/\/agora.xtec.cat\/ins-sagulla\/wp-content\/uploads\/usu2114\/2022\/03\/batxillerat-social-hum-1024x704.png\" alt=\"\" width=\"1024\" height=\"704\" srcset=\"https:\/\/agora.xtec.cat\/ins-sagulla\/wp-content\/uploads\/usu2114\/2022\/03\/batxillerat-social-hum-1024x704.png 1024w, https:\/\/agora.xtec.cat\/ins-sagulla\/wp-content\/uploads\/usu2114\/2022\/03\/batxillerat-social-hum-300x206.png 300w, https:\/\/agora.xtec.cat\/ins-sagulla\/wp-content\/uploads\/usu2114\/2022\/03\/batxillerat-social-hum-768x528.png 768w, https:\/\/agora.xtec.cat\/ins-sagulla\/wp-content\/uploads\/usu2114\/2022\/03\/batxillerat-social-hum.png 1096w\" sizes=\"auto, (max-width: 1024px) 100vw, 1024px\" \/><\/a><\/p>\n","protected":false},"excerpt":{"rendered":"<p>L&#8217;alumnat de 2n de Batxillerat dels itineraris human\u00edstic, social, tecnol\u00f2gic i cient\u00edfic, han deixat per uns moments les seves aules per traslladar la seva experi\u00e8ncia a l&#8217;alumnat de 4t.<br \/>\nDespr\u00e9s de dos anys, han explicat el seu testimoni, tot fent valoraci\u00f3 de la traject\u00f2ria viscuda durant&hellip;  <a href=\"https:\/\/agora.xtec.cat\/ins-sagulla\/general\/experiencies-de-batxillerat\/\" title=\"Read Experi\u00e8ncies de batxillerat\">Llegeix m\u00e9s\u00bb<\/a><\/p>\n","protected":false},"author":76,"featured_media":20319,"comment_status":"open","ping_status":"closed","sticky":false,"template":"","format":"standard","meta":{"_bbp_topic_count":0,"_bbp_reply_count":0,"_bbp_total_topic_count":0,"_bbp_total_reply_count":0,"_bbp_voice_count":0,"_bbp_anonymous_reply_count":0,"_bbp_topic_count_hidden":0,"_bbp_reply_count_hidden":0,"_bbp_forum_subforum_count":0,"footnotes":""},"categories":[338,8,7,1,321,29],"tags":[944,945,947,946],"class_list":["post-20313","post","type-post","status-publish","format-standard","has-post-thumbnail","hentry","category-batx-2","category-batxillerat","category-eso-4","category-general","category-orientacio","category-portada","tag-experiencia","tag-presa-de-decisions","tag-recurs","tag-trajectoria"],"post_mailing_queue_ids":[],"_links":{"self":[{"href":"https:\/\/agora.xtec.cat\/ins-sagulla\/wp-json\/wp\/v2\/posts\/20313","targetHints":{"allow":["GET"]}}],"collection":[{"href":"https:\/\/agora.xtec.cat\/ins-sagulla\/wp-json\/wp\/v2\/posts"}],"about":[{"href":"https:\/\/agora.xtec.cat\/ins-sagulla\/wp-json\/wp\/v2\/types\/post"}],"author":[{"embeddable":true,"href":"https:\/\/agora.xtec.cat\/ins-sagulla\/wp-json\/wp\/v2\/users\/76"}],"replies":[{"embeddable":true,"href":"https:\/\/agora.xtec.cat\/ins-sagulla\/wp-json\/wp\/v2\/comments?post=20313"}],"version-history":[{"count":2,"href":"https:\/\/agora.xtec.cat\/ins-sagulla\/wp-json\/wp\/v2\/posts\/20313\/revisions"}],"predecessor-version":[{"id":20356,"href":"https:\/\/agora.xtec.cat\/ins-sagulla\/wp-json\/wp\/v2\/posts\/20313\/revisions\/20356"}],"wp:featuredmedia":[{"embeddable":true,"href":"https:\/\/agora.xtec.cat\/ins-sagulla\/wp-json\/wp\/v2\/media\/20319"}],"wp:attachment":[{"href":"https:\/\/agora.xtec.cat\/ins-sagulla\/wp-json\/wp\/v2\/media?parent=20313"}],"wp:term":[{"taxonomy":"category","embeddable":true,"href":"https:\/\/agora.xtec.cat\/ins-sagulla\/wp-json\/wp\/v2\/categories?post=20313"},{"taxonomy":"post_tag","embeddable":true,"href":"https:\/\/agora.xtec.cat\/ins-sagulla\/wp-json\/wp\/v2\/tags?post=20313"}],"curies":[{"name":"wp","href":"https:\/\/api.w.org\/{rel}","templated":true}]}}