{"id":2031,"date":"2021-01-29T11:12:14","date_gmt":"2021-01-29T10:12:14","guid":{"rendered":"https:\/\/agora.xtec.cat\/ins-sagulla\/?p=2031"},"modified":"2021-02-18T14:04:24","modified_gmt":"2021-02-18T13:04:24","slug":"un-dia-de-classe-al-jardi-botanic","status":"publish","type":"post","link":"https:\/\/agora.xtec.cat\/ins-sagulla\/general\/un-dia-de-classe-al-jardi-botanic\/","title":{"rendered":"Un dia de classe al Jard\u00ed bot\u00e0nic!"},"content":{"rendered":"<p>Tots els grups de 3r d\u2019ESO van fer el passat 21 de gener una sortida al <strong>Jard\u00ed bot\u00e0nic Marimurtra<\/strong>. Un cop all\u00e0, van passejar per l\u2019ampli espai del Jard\u00ed blanenc i van realitzar all\u00e0 mateix les classes de Catal\u00e0, Castell\u00e0, Angl\u00e8s, Visual i pl\u00e0stica, Tecnologia, Socials i Cultura cl\u00e0ssica.<\/p>\n<p>Un entorn ple de natura, un ambient dist\u00e9s, obert, rigor\u00f3s, una jornada diferent i assolellada que ha estat molt ben rebuda per part dels nois i noies.<\/p>\n<p>De ben segur, que la tornarem a repetir aviat.<\/p>\n<p><a href=\"https:\/\/agora.xtec.cat\/ins-sagulla\/wp-content\/uploads\/usu2114\/2021\/01\/sortida-3r-eso.png\"><img loading=\"lazy\" decoding=\"async\" class=\"alignnone size-large wp-image-2218\" src=\"https:\/\/agora.xtec.cat\/ins-sagulla\/wp-content\/uploads\/usu2114\/2021\/01\/sortida-3r-eso-1024x681.png\" alt=\"\" width=\"1024\" height=\"681\" srcset=\"https:\/\/agora.xtec.cat\/ins-sagulla\/wp-content\/uploads\/usu2114\/2021\/01\/sortida-3r-eso.png 1024w, https:\/\/agora.xtec.cat\/ins-sagulla\/wp-content\/uploads\/usu2114\/2021\/01\/sortida-3r-eso-300x200.png 300w, https:\/\/agora.xtec.cat\/ins-sagulla\/wp-content\/uploads\/usu2114\/2021\/01\/sortida-3r-eso-768x511.png 768w\" sizes=\"auto, (max-width: 1024px) 100vw, 1024px\" \/><\/a><\/p>\n","protected":false},"excerpt":{"rendered":"<p>Tots els grups de 3r d\u2019ESO van fer el passat 21 de gener una sortida al Jard\u00ed bot\u00e0nic Marimurtra. Un cop all\u00e0, van passejar per l\u2019ampli espai del Jard\u00ed blanenc i van realitzar all\u00e0 mateix les classes de Catal\u00e0, Castell\u00e0, Angl\u00e8s, Visual i pl\u00e0stica, Tecnologia,&hellip;  <a href=\"https:\/\/agora.xtec.cat\/ins-sagulla\/general\/un-dia-de-classe-al-jardi-botanic\/\" title=\"Read Un dia de classe al Jard\u00ed bot\u00e0nic!\">Llegeix m\u00e9s\u00bb<\/a><\/p>\n","protected":false},"author":1,"featured_media":2218,"comment_status":"open","ping_status":"closed","sticky":false,"template":"","format":"standard","meta":{"_bbp_topic_count":0,"_bbp_reply_count":0,"_bbp_total_topic_count":0,"_bbp_total_reply_count":0,"_bbp_voice_count":0,"_bbp_anonymous_reply_count":0,"_bbp_topic_count_hidden":0,"_bbp_reply_count_hidden":0,"_bbp_forum_subforum_count":0,"footnotes":""},"categories":[305,6,1,29],"tags":[291,346,377,280,378,292],"class_list":["post-2031","post","type-post","status-publish","format-standard","has-post-thumbnail","hentry","category-departaments","category-eso-3","category-general","category-portada","tag-entorn","tag-excursio","tag-jardi-botanic","tag-mar","tag-marimurtra","tag-natura"],"post_mailing_queue_ids":[],"_links":{"self":[{"href":"https:\/\/agora.xtec.cat\/ins-sagulla\/wp-json\/wp\/v2\/posts\/2031","targetHints":{"allow":["GET"]}}],"collection":[{"href":"https:\/\/agora.xtec.cat\/ins-sagulla\/wp-json\/wp\/v2\/posts"}],"about":[{"href":"https:\/\/agora.xtec.cat\/ins-sagulla\/wp-json\/wp\/v2\/types\/post"}],"author":[{"embeddable":true,"href":"https:\/\/agora.xtec.cat\/ins-sagulla\/wp-json\/wp\/v2\/users\/1"}],"replies":[{"embeddable":true,"href":"https:\/\/agora.xtec.cat\/ins-sagulla\/wp-json\/wp\/v2\/comments?post=2031"}],"version-history":[{"count":3,"href":"https:\/\/agora.xtec.cat\/ins-sagulla\/wp-json\/wp\/v2\/posts\/2031\/revisions"}],"predecessor-version":[{"id":2219,"href":"https:\/\/agora.xtec.cat\/ins-sagulla\/wp-json\/wp\/v2\/posts\/2031\/revisions\/2219"}],"wp:featuredmedia":[{"embeddable":true,"href":"https:\/\/agora.xtec.cat\/ins-sagulla\/wp-json\/wp\/v2\/media\/2218"}],"wp:attachment":[{"href":"https:\/\/agora.xtec.cat\/ins-sagulla\/wp-json\/wp\/v2\/media?parent=2031"}],"wp:term":[{"taxonomy":"category","embeddable":true,"href":"https:\/\/agora.xtec.cat\/ins-sagulla\/wp-json\/wp\/v2\/categories?post=2031"},{"taxonomy":"post_tag","embeddable":true,"href":"https:\/\/agora.xtec.cat\/ins-sagulla\/wp-json\/wp\/v2\/tags?post=2031"}],"curies":[{"name":"wp","href":"https:\/\/api.w.org\/{rel}","templated":true}]}}