{"id":20275,"date":"2022-03-22T13:18:05","date_gmt":"2022-03-22T12:18:05","guid":{"rendered":"https:\/\/agora.xtec.cat\/ins-sagulla\/?p=20275"},"modified":"2022-03-23T13:48:42","modified_gmt":"2022-03-23T12:48:42","slug":"concurs-fotografia-matematica-2022","status":"publish","type":"post","link":"https:\/\/agora.xtec.cat\/ins-sagulla\/eso\/concurs-fotografia-matematica-2022\/","title":{"rendered":"Participa al concurs de fotografia matem\u00e0tica!"},"content":{"rendered":"<p>Ja podeu inscriure-us en el concurs de fotografia matem\u00e0tica de l&#8217;Institut S&#8217;Agulla!<\/p>\n<p><span style=\"text-decoration: underline;\"><strong>Bases del concurs:<\/strong><\/span><\/p>\n<ul>\n<li>Les fotografies han de ser fetes pels participants.<\/li>\n<li>No es poden fer fotomuntatges, cal que les fotos siguin originals.<\/li>\n<li>Cada imatge haur\u00e0 de dur un t\u00edtol que faci refer\u00e8ncia, d\u2019alguna manera, al contingut matem\u00e0tic de l\u2019obra.<\/li>\n<li>Es valorar\u00e0 la seva qualitat, l\u2019originalitat, la presentaci\u00f3 i la <strong>claredat amb la que redueix un concepte matem\u00e0tic a una imatge.<\/strong><\/li>\n<li>Les fotos poden anar acompanyades d\u2019una breu explicaci\u00f3 del concepte matem\u00e0tic representat.<\/li>\n<li>El no compliment de les indicacions especificades a les bases comportar\u00e0 la desqualificaci\u00f3.<\/li>\n<\/ul>\n<p><span style=\"text-decoration: underline;\"><strong>Es pot participar al concurs mitjan\u00e7ant:<\/strong><\/span><\/p>\n<ul>\n<li><strong>Alumnat d&#8217;ESO i BATX:<\/strong> publicar la vostra foto al <em>Classroom<\/em> de Matem\u00e0tiques<\/li>\n<li><strong>Alumnat de Cicles formatius:<\/strong> envieu les vostres fotos a <a href=\"mailto:fotosmatematiques@institutsagulla.cat\">fotosmatematiques@institutsagulla.cat<\/a><\/li>\n<\/ul>\n<p><strong>Important!<\/strong> Les fotos s\u2019hauran d\u2019enviar o pujar abans del <strong>7 d\u2019abril a les 23:59h<\/strong>.<\/p>\n<p>El veredicte del jurat es coneixer\u00e0 el <strong>dia 23 d&#8217;abril<\/strong>, durant la celebraci\u00f3 de la nostra diada de Sant Jordi.<\/p>\n<p>Els millors treballs presentats seran objecte d&#8217;una exposici\u00f3 p\u00fablica.<\/p>\n<p><a href=\"https:\/\/agora.xtec.cat\/ins-sagulla\/wp-content\/uploads\/usu2114\/2022\/03\/Bases-concurs-fotografia-matematica-2022_page-0001.jpg\"><img loading=\"lazy\" decoding=\"async\" class=\"alignnone size-large wp-image-20279\" src=\"https:\/\/agora.xtec.cat\/ins-sagulla\/wp-content\/uploads\/usu2114\/2022\/03\/Bases-concurs-fotografia-matematica-2022_page-0001-725x1024.jpg\" alt=\"\" width=\"725\" height=\"1024\" srcset=\"https:\/\/agora.xtec.cat\/ins-sagulla\/wp-content\/uploads\/usu2114\/2022\/03\/Bases-concurs-fotografia-matematica-2022_page-0001-725x1024.jpg 725w, https:\/\/agora.xtec.cat\/ins-sagulla\/wp-content\/uploads\/usu2114\/2022\/03\/Bases-concurs-fotografia-matematica-2022_page-0001-212x300.jpg 212w, https:\/\/agora.xtec.cat\/ins-sagulla\/wp-content\/uploads\/usu2114\/2022\/03\/Bases-concurs-fotografia-matematica-2022_page-0001-768x1085.jpg 768w, https:\/\/agora.xtec.cat\/ins-sagulla\/wp-content\/uploads\/usu2114\/2022\/03\/Bases-concurs-fotografia-matematica-2022_page-0001-1087x1536.jpg 1087w, https:\/\/agora.xtec.cat\/ins-sagulla\/wp-content\/uploads\/usu2114\/2022\/03\/Bases-concurs-fotografia-matematica-2022_page-0001.jpg 1242w\" sizes=\"auto, (max-width: 725px) 100vw, 725px\" \/><\/a><\/p>\n<p>&nbsp;<\/p>\n","protected":false},"excerpt":{"rendered":"<p>Ja podeu inscriure-us en el concurs de fotografia matem\u00e0tica de l&#8217;Institut S&#8217;Agulla!<br \/>\nBases del concurs:<\/p>\n<ul>\n<li>Les fotografies han de ser fetes pels participants.<\/li>\n<li>No es poden fer fotomuntatges, cal que les fotos siguin originals.<\/li>\n<li>Cada imatge haur\u00e0 de dur un t\u00edtol que faci refer\u00e8ncia, d\u2019alguna manera, al contingut matem\u00e0tic&hellip;  <a href=\"https:\/\/agora.xtec.cat\/ins-sagulla\/eso\/concurs-fotografia-matematica-2022\/\" title=\"Read Participa al concurs de fotografia matem\u00e0tica!\">Llegeix m\u00e9s\u00bb<\/a><br \/>\n","protected":false},"author":1,"featured_media":20278,"comment_status":"open","ping_status":"closed","sticky":false,"template":"","format":"standard","meta":{"_bbp_topic_count":0,"_bbp_reply_count":0,"_bbp_total_topic_count":0,"_bbp_total_reply_count":0,"_bbp_voice_count":0,"_bbp_anonymous_reply_count":0,"_bbp_topic_count_hidden":0,"_bbp_reply_count_hidden":0,"_bbp_forum_subforum_count":0,"footnotes":""},"categories":[3,30,305,307,29,431],"tags":[329,433,929],"class_list":["post-20275","post","type-post","status-publish","format-standard","has-post-thumbnail","hentry","category-eso","category-cicles-formatius","category-departaments","category-matematiques","category-portada","category-reconeixements-i-concursos","tag-concurs","tag-fotografia","tag-matematica"],"post_mailing_queue_ids":[],"_links":{"self":[{"href":"https:\/\/agora.xtec.cat\/ins-sagulla\/wp-json\/wp\/v2\/posts\/20275","targetHints":{"allow":["GET"]}}],"collection":[{"href":"https:\/\/agora.xtec.cat\/ins-sagulla\/wp-json\/wp\/v2\/posts"}],"about":[{"href":"https:\/\/agora.xtec.cat\/ins-sagulla\/wp-json\/wp\/v2\/types\/post"}],"author":[{"embeddable":true,"href":"https:\/\/agora.xtec.cat\/ins-sagulla\/wp-json\/wp\/v2\/users\/1"}],"replies":[{"embeddable":true,"href":"https:\/\/agora.xtec.cat\/ins-sagulla\/wp-json\/wp\/v2\/comments?post=20275"}],"version-history":[{"count":2,"href":"https:\/\/agora.xtec.cat\/ins-sagulla\/wp-json\/wp\/v2\/posts\/20275\/revisions"}],"predecessor-version":[{"id":20292,"href":"https:\/\/agora.xtec.cat\/ins-sagulla\/wp-json\/wp\/v2\/posts\/20275\/revisions\/20292"}],"wp:featuredmedia":[{"embeddable":true,"href":"https:\/\/agora.xtec.cat\/ins-sagulla\/wp-json\/wp\/v2\/media\/20278"}],"wp:attachment":[{"href":"https:\/\/agora.xtec.cat\/ins-sagulla\/wp-json\/wp\/v2\/media?parent=20275"}],"wp:term":[{"taxonomy":"category","embeddable":true,"href":"https:\/\/agora.xtec.cat\/ins-sagulla\/wp-json\/wp\/v2\/categories?post=20275"},{"taxonomy":"post_tag","embeddable":true,"href":"https:\/\/agora.xtec.cat\/ins-sagulla\/wp-json\/wp\/v2\/tags?post=20275"}],"curies":[{"name":"wp","href":"https:\/\/api.w.org\/{rel}","templated":true}]}}